{"id":13060,"date":"2020-01-20T13:27:23","date_gmt":"2020-01-20T12:27:23","guid":{"rendered":"http:\/\/serveiseducatius.xtec.cat\/badalona\/?p=13060"},"modified":"2020-01-24T10:40:17","modified_gmt":"2020-01-24T09:40:17","slug":"cicle-de-conferencies-sobre-la-dislexia-apliquem-les-evidencies-a-laula-a-facultat-de-ciencies-de-leducacio-udl","status":"publish","type":"post","link":"https:\/\/serveiseducatius.xtec.cat\/badalona\/portada\/cicle-de-conferencies-sobre-la-dislexia-apliquem-les-evidencies-a-laula-a-facultat-de-ciencies-de-leducacio-udl\/","title":{"rendered":"Cicle de confer\u00e8ncies sobre la disl\u00e8xia"},"content":{"rendered":"<p><img loading=\"lazy\" decoding=\"async\" class=\"wp-image-13061 alignleft\" src=\"https:\/\/serveiseducatius.xtec.cat\/badalona\/wp-content\/uploads\/usu1088\/2020\/01\/ConferenciesDislexia.png\" alt=\"\" width=\"344\" height=\"456\" srcset=\"https:\/\/serveiseducatius.xtec.cat\/badalona\/wp-content\/uploads\/usu1088\/2020\/01\/ConferenciesDislexia.png 631w, https:\/\/serveiseducatius.xtec.cat\/badalona\/wp-content\/uploads\/usu1088\/2020\/01\/ConferenciesDislexia-226x300.png 226w\" sizes=\"auto, (max-width: 344px) 100vw, 344px\" \/><\/p>\n<p><span style=\"font-size: 12pt;\"><b>L&#8217;<\/b><b>equip ICE de disl\u00e8xia de la Udl<\/b>\u00a0us presenta un<b> <\/b><\/span><span style=\"font-size: 12pt;\"><b>Cicle de confer\u00e8ncies sobre la disl\u00e8xia: Apliquem les evid\u00e8ncies a l&#8217;aula<\/b><\/span><\/p>\n<p><span style=\"font-size: 12pt;\">&#8211; La neuroci\u00e8ncia i la disl\u00e8xia.<\/span><br \/>\n<span style=\"font-size: 12pt;\">&#8211; Disl\u00e8xia: angl\u00e8s per a tothom.<\/span><br \/>\n<span style=\"font-size: 12pt;\">&#8211; Disl\u00e8xia: m\u00fasica per a tothom.<\/span><br \/>\n<span style=\"font-size: 12pt;\">&#8211; Disl\u00e8xia: matem\u00e0tiques per a tothom.<\/span><br \/>\n<span style=\"font-size: 12pt;\">&#8211; Detecci\u00f3 i mesures universals a l&#8217;educaci\u00f3 prim\u00e0ria i secund\u00e0ria.<\/span><\/p>\n<div><a href=\"https:\/\/aplicacions.gestioeducativa.gencat.cat\/pls\/soloas\/pk_for_mod_ins.p_for_detall_activitat?p_codi=6000560020&amp;p_curs=2019-2020&amp;p_es_inscr=S\" target=\"_blank\" rel=\"noopener noreferrer\"><strong>Inscripcions<\/strong><\/a><\/div>\n","protected":false},"excerpt":{"rendered":"<p>L&#8217;equip ICE de disl\u00e8xia de la Udl\u00a0us presenta un Cicle de confer\u00e8ncies sobre la disl\u00e8xia: Apliquem les evid\u00e8ncies a l&#8217;aula [&hellip;]<\/p>\n","protected":false},"author":15,"featured_media":13061,"comment_status":"closed","ping_status":"closed","sticky":false,"template":"","format":"standard","meta":{"_bbp_topic_count":0,"_bbp_reply_count":0,"_bbp_total_topic_count":0,"_bbp_total_reply_count":0,"_bbp_voice_count":0,"_bbp_anonymous_reply_count":0,"_bbp_topic_count_hidden":0,"_bbp_reply_count_hidden":0,"_bbp_forum_subforum_count":0,"site-sidebar-layout":"default","site-content-layout":"","ast-site-content-layout":"","site-content-style":"default","site-sidebar-style":"default","ast-global-header-display":"","ast-banner-title-visibility":"","ast-main-header-display":"","ast-hfb-above-header-display":"","ast-hfb-below-header-display":"","ast-hfb-mobile-header-display":"","site-post-title":"","ast-breadcrumbs-content":"","ast-featured-img":"","footer-sml-layout":"","theme-transparent-header-meta":"","adv-header-id-meta":"","stick-header-meta":"","header-above-stick-meta":"","header-main-stick-meta":"","header-below-stick-meta":"","astra-migrate-meta-layouts":"default","ast-page-background-enabled":"default","ast-page-background-meta":{"desktop":{"background-color":"var(--ast-global-color-4)","background-image":"","background-repeat":"repeat","background-position":"center center","background-size":"auto","background-attachment":"scroll","background-type":"","background-media":"","overlay-type":"","overlay-color":"","overlay-opacity":"","overlay-gradient":""},"tablet":{"background-color":"","background-image":"","background-repeat":"repeat","background-position":"center center","background-size":"auto","background-attachment":"scroll","background-type":"","background-media":"","overlay-type":"","overlay-color":"","overlay-opacity":"","overlay-gradient":""},"mobile":{"background-color":"","background-image":"","background-repeat":"repeat","background-position":"center center","background-size":"auto","background-attachment":"scroll","background-type":"","background-media":"","overlay-type":"","overlay-color":"","overlay-opacity":"","overlay-gradient":""}},"ast-content-background-meta":{"desktop":{"background-color":"var(--ast-global-color-5)","background-image":"","background-repeat":"repeat","background-position":"center center","background-size":"auto","background-attachment":"scroll","background-type":"","background-media":"","overlay-type":"","overlay-color":"","overlay-opacity":"","overlay-gradient":""},"tablet":{"background-color":"var(--ast-global-color-5)","background-image":"","background-repeat":"repeat","background-position":"center center","background-size":"auto","background-attachment":"scroll","background-type":"","background-media":"","overlay-type":"","overlay-color":"","overlay-opacity":"","overlay-gradient":""},"mobile":{"background-color":"var(--ast-global-color-5)","background-image":"","background-repeat":"repeat","background-position":"center center","background-size":"auto","background-attachment":"scroll","background-type":"","background-media":"","overlay-type":"","overlay-color":"","overlay-opacity":"","overlay-gradient":""}},"footnotes":""},"categories":[29],"tags":[325],"class_list":["post-13060","post","type-post","status-publish","format-standard","has-post-thumbnail","hentry","category-portada","tag-conferencies"],"post_mailing_queue_ids":[],"_links":{"self":[{"href":"https:\/\/serveiseducatius.xtec.cat\/badalona\/wp-json\/wp\/v2\/posts\/13060","targetHints":{"allow":["GET"]}}],"collection":[{"href":"https:\/\/serveiseducatius.xtec.cat\/badalona\/wp-json\/wp\/v2\/posts"}],"about":[{"href":"https:\/\/serveiseducatius.xtec.cat\/badalona\/wp-json\/wp\/v2\/types\/post"}],"author":[{"embeddable":true,"href":"https:\/\/serveiseducatius.xtec.cat\/badalona\/wp-json\/wp\/v2\/users\/15"}],"replies":[{"embeddable":true,"href":"https:\/\/serveiseducatius.xtec.cat\/badalona\/wp-json\/wp\/v2\/comments?post=13060"}],"version-history":[{"count":3,"href":"https:\/\/serveiseducatius.xtec.cat\/badalona\/wp-json\/wp\/v2\/posts\/13060\/revisions"}],"predecessor-version":[{"id":13096,"href":"https:\/\/serveiseducatius.xtec.cat\/badalona\/wp-json\/wp\/v2\/posts\/13060\/revisions\/13096"}],"wp:featuredmedia":[{"embeddable":true,"href":"https:\/\/serveiseducatius.xtec.cat\/badalona\/wp-json\/wp\/v2\/media\/13061"}],"wp:attachment":[{"href":"https:\/\/serveiseducatius.xtec.cat\/badalona\/wp-json\/wp\/v2\/media?parent=13060"}],"wp:term":[{"taxonomy":"category","embeddable":true,"href":"https:\/\/serveiseducatius.xtec.cat\/badalona\/wp-json\/wp\/v2\/categories?post=13060"},{"taxonomy":"post_tag","embeddable":true,"href":"https:\/\/serveiseducatius.xtec.cat\/badalona\/wp-json\/wp\/v2\/tags?post=13060"}],"curies":[{"name":"wp","href":"https:\/\/api.w.org\/{rel}","templated":true}]}}