{"id":13028,"date":"2020-01-16T09:52:14","date_gmt":"2020-01-16T08:52:14","guid":{"rendered":"http:\/\/serveiseducatius.xtec.cat\/badalona\/?p=13028"},"modified":"2020-01-16T09:52:14","modified_gmt":"2020-01-16T08:52:14","slug":"theatre-en-francais-a-badalona-et-plus-teatre-en-frances-a-badalona-i-mes","status":"publish","type":"post","link":"https:\/\/serveiseducatius.xtec.cat\/badalona\/portada\/theatre-en-francais-a-badalona-et-plus-teatre-en-frances-a-badalona-i-mes\/","title":{"rendered":"Th\u00e9\u00e2tre en fran\u00e7ais \u00e0 Badalona et plus! \/ Teatre en franc\u00e8s a Badalona i m\u00e9s!"},"content":{"rendered":"<div><span style=\"font-family: tahoma, sans-serif;\"><wbr \/><\/span><\/div>\n<div><span style=\"font-family: tahoma, sans-serif;\"><img loading=\"lazy\" decoding=\"async\" class=\"wp-image-13030 size-medium alignleft\" src=\"https:\/\/serveiseducatius.xtec.cat\/badalona\/wp-content\/uploads\/usu1088\/2020\/01\/unnamed-300x142.jpg\" alt=\"\" width=\"300\" height=\"142\" srcset=\"https:\/\/serveiseducatius.xtec.cat\/badalona\/wp-content\/uploads\/usu1088\/2020\/01\/unnamed-300x142.jpg 300w, https:\/\/serveiseducatius.xtec.cat\/badalona\/wp-content\/uploads\/usu1088\/2020\/01\/unnamed.jpg 530w\" sizes=\"auto, (max-width: 300px) 100vw, 300px\" \/>Bonjour, (en catal\u00e0 a sota)<br \/>\n<\/span><\/div>\n<div><span style=\"font-family: tahoma, sans-serif;\">\u00a0<\/span><\/div>\n<div><span style=\"font-family: tahoma, sans-serif;\">Nous avons le plaisir de vous confirmer que le\u00a0<i><a href=\"http:\/\/www.festivaldetheatreenfrancais.com\/index.html\" target=\"_blank\" rel=\"noopener noreferrer\" data-saferedirecturl=\"https:\/\/www.google.com\/url?q=http:\/\/www.festivaldetheatreenfrancais.com\/index.html&amp;source=gmail&amp;ust=1579249266536000&amp;usg=AFQjCNGSIUfNf2VQ0Vnr_AlPJFvr_0-6Lw\"><b>OUI Festival de th\u00e9\u00e2tre en fran\u00e7ais<\/b><\/a><\/i>\u00a0arrive \u00e0 Badalona avec la pi\u00e8ce\u00a0<a href=\"http:\/\/www.festivaldetheatreenfrancais.com\/spectacles\/gibraltar.html\" target=\"_blank\" rel=\"noopener noreferrer\" data-saferedirecturl=\"https:\/\/www.google.com\/url?q=http:\/\/www.festivaldetheatreenfrancais.com\/spectacles\/gibraltar.html&amp;source=gmail&amp;ust=1579249266536000&amp;usg=AFQjCNHioJG6JA4lpI-7O_WoGj-5WT-XDw\"><b>Gibraltar<\/b><\/a>\u00a0qui sera jou\u00e9e au\u00a0<a href=\"http:\/\/www.festivaldetheatreenfrancais.com\/lieux.html#circol\" target=\"_blank\" rel=\"noopener noreferrer\" data-saferedirecturl=\"https:\/\/www.google.com\/url?q=http:\/\/www.festivaldetheatreenfrancais.com\/lieux.html%23circol&amp;source=gmail&amp;ust=1579249266536000&amp;usg=AFQjCNF8VWMDtRrWuvSF9xujtdHP9ChNew\"><b>th\u00e9\u00e2tre du C\u00edrcol<\/b><\/a>\u00a0le\u00a0<b>mercredi 5 f\u00e9vrier \u00e0 20h30<\/b>.<\/span><\/div>\n<div>\u00a0<\/div>\n<div>\u00a0<\/div>\n<div><span style=\"font-family: tahoma, sans-serif;\"><b>Voici la\u00a0<a href=\"https:\/\/vimeo.com\/372092886\" target=\"_blank\" rel=\"noopener noreferrer\" data-saferedirecturl=\"https:\/\/www.google.com\/url?q=https:\/\/vimeo.com\/372092886&amp;source=gmail&amp;ust=1579249266536000&amp;usg=AFQjCNFkqC0W0o2cBoAIr-OUiFCjAQW8Jg\">Bande annonce<\/a>\u00a0et la pr\u00e9sentation de la pi\u00e8ce\u00a0<\/b>:\u00a0<\/span>\u00a0&#8220;Moi, je pars, je vais en Europe, r\u00e9ussir l\u00e0 o\u00f9 tu as \u00e9chou\u00e9. Pourquoi tu es revenu? Moi je ne reviendrai pas !&#8221;. Jules Soguira Gouba et Bachir Tassembedo ont rencontr\u00e9 Salif \u00e0 Ouaga&#8230; Il est de ceux qui veulent partir, de ceux qui disent : &#8220;En France, la pluie ne g\u00e2te pas la farine&#8221;. A travers sa qu\u00eate, Salif d\u00e9couvre son p\u00e8re, sa col\u00e8re d&#8217;adolescent s&#8217;efface\u2026 son r\u00eave ne le quittera pas. La danse, langage universel, c\u00f4toie le texte. Elle caresse ou elle frappe, elle soul\u00e8ve les grains de sable et se blesse aux barbel\u00e9s de Ceuta.<\/div>\n<div>\u00a0<\/div>\n<div>De plus, vous b\u00e9n\u00e9ficiez d&#8217;un code de\u00a0r\u00e9duction\u00a0<b>BADALONA<\/b>\u00a0valable\u00a0<u><b><wbr \/>jusqu&#8217;au 31 janvier 2020<\/b><\/u>\u00a0<\/div>\n<div>\n<ul>\n<li><span style=\"color: #000000; font-family: tahoma, sans-serif;\">Assistez \u00e0<b>\u00a0<\/b>la pi\u00e8ce<b>\u00a0Gibraltar au C\u00edrcol\u00a0<\/b>pour\u00a0<b>10 \u20ac<\/b>\u00a0au lieu de 14 \u20ac (hors frais de commission 0,99 \u20ac pour le site de revente).\u00a0<a href=\"https:\/\/www.weezevent.com\/gibraltar-badalona\" target=\"_blank\" rel=\"noopener noreferrer\" data-saferedirecturl=\"https:\/\/www.google.com\/url?q=https:\/\/www.weezevent.com\/gibraltar-badalona&amp;source=gmail&amp;ust=1579249266536000&amp;usg=AFQjCNFwgZkJaLB14VRj5sYgAnUcD2r7wQ\">Voici le lien<\/a>.<\/span><\/li>\n<li><span style=\"color: #000000; font-family: tahoma, sans-serif;\">Assistez aux\u00a0<b>autres pi\u00e8ces du festival<\/b>\u00a0pour\u00a0<b>15 \u20ac<\/b>\u00a0au lieu de 24 \u20ac.\u00a0<a href=\"http:\/\/festivaldetheatreenfrancais.com\/billetterie.html\" target=\"_blank\" rel=\"noopener noreferrer\" data-saferedirecturl=\"https:\/\/www.google.com\/url?q=http:\/\/festivaldetheatreenfrancais.com\/billetterie.html&amp;source=gmail&amp;ust=1579249266536000&amp;usg=AFQjCNGeb6DhAgxQo3HJh7RgUqb_PYW0-A\">Voici le lien<\/a>.<\/span><\/li>\n<li><span style=\"font-family: tahoma, sans-serif;\"><span style=\"color: #000000;\">Pour les \u00e9tablissements scolaires, veuillez contacter directement Mathilde Mottier,\u00a0<\/span><span style=\"color: #000000;\"><a href=\"mailto:mathildemottier@gmail.com\" target=\"_blank\" rel=\"noopener noreferrer\">mathildemottier@<wbr \/>gmail.com<\/a><\/span><\/span><\/li>\n<\/ul>\n<p>Pour b\u00e9n\u00e9ficier de la r\u00e9duction voici quelques conseils :<\/p>\n<ol>\n<li><span style=\"font-family: tahoma, sans-serif;\">S\u00e9lectionnez le nombre de billets d\u00e9sir\u00e9s\u00a0<b>en plein tarif<\/b><\/span><\/li>\n<li><span style=\"color: #000000; font-family: tahoma, sans-serif;\">Inscrivez le code de r\u00e9duction dans l&#8217;espace situ\u00e9 en bas du module en respectant majuscule\/minuscule (\u00a0\u00bfTienes un c\u00f3digo promocional?\u00a0Haz clic aqu\u00ed\u00a0)<\/span><\/li>\n<li><span style=\"color: #000000; font-family: tahoma, sans-serif;\">Cliquez sur &#8220;Appliquer&#8221;, le montant de votre commande s&#8217;actualise<\/span><\/li>\n<\/ol>\n<p>______________________________<wbr \/>___________________________<\/p>\n<p>Bon dia,<\/p>\n<div><span style=\"font-family: tahoma, sans-serif;\">Ens fa molta il\u00b7lusi\u00f3 confirmar-vos que el\u00a0<\/span><i><a href=\"http:\/\/www.festivaldetheatreenfrancais.com\/index.html\" target=\"_blank\" rel=\"noopener noreferrer\" data-saferedirecturl=\"https:\/\/www.google.com\/url?q=http:\/\/www.festivaldetheatreenfrancais.com\/index.html&amp;source=gmail&amp;ust=1579249266536000&amp;usg=AFQjCNGSIUfNf2VQ0Vnr_AlPJFvr_0-6Lw\"><b>OUI Festival de th\u00e9\u00e2tre en fran\u00e7ais<\/b><\/a><\/i>\u00a0arriba a Badalona amb l&#8217;obra\u00a0<a href=\"http:\/\/www.festivaldetheatreenfrancais.com\/spectacles\/gibraltar.html\" target=\"_blank\" rel=\"noopener noreferrer\" data-saferedirecturl=\"https:\/\/www.google.com\/url?q=http:\/\/www.festivaldetheatreenfrancais.com\/spectacles\/gibraltar.html&amp;source=gmail&amp;ust=1579249266536000&amp;usg=AFQjCNHioJG6JA4lpI-7O_WoGj-5WT-XDw\"><b>Gibraltar<\/b><\/a>\u00a0al\u00a0<a href=\"http:\/\/www.festivaldetheatreenfrancais.com\/lieux.html#circol\" target=\"_blank\" rel=\"noopener noreferrer\" data-saferedirecturl=\"https:\/\/www.google.com\/url?q=http:\/\/www.festivaldetheatreenfrancais.com\/lieux.html%23circol&amp;source=gmail&amp;ust=1579249266537000&amp;usg=AFQjCNGT8f6H_Xayv6QQx_17FZ_l9jGSVA\"><b>teatre El C\u00edrcol<\/b><\/a>\u00a0el\u00a0<b>dimecres\u00a0<\/b><b>5\u00a0 de febrer a les 20.30 h. <\/b>(l&#8217;obra ser\u00e0 subtitulada en castell\u00e0).<\/div>\n<div><span style=\"font-family: tahoma, sans-serif;\">\u00a0<\/span><\/div>\n<div>\n<div>\u00a0<\/div>\n<\/div>\n<div><span style=\"color: #000000;\"><span style=\"font-family: tahoma, sans-serif;\"><b><a href=\"https:\/\/vimeo.com\/372092886\" target=\"_blank\" rel=\"noopener noreferrer\" data-saferedirecturl=\"https:\/\/www.google.com\/url?q=https:\/\/vimeo.com\/372092886&amp;source=gmail&amp;ust=1579249266537000&amp;usg=AFQjCNGrOvlTDEUX4RiVczsZq594T6m4Uw\">Teaser\u00a0<\/a>i resum de l&#8217;obra<\/b>:\u00a0<\/span>\u00a0<\/span>&#8220;Marxo, vaig a Europa, a aconseguir all\u00f2 que no has aconseguit. Per qu\u00e8 has tornat? Jo no tornar\u00e9!&#8221; Jules Soguira Gouba et Bachir Tassembedo van con\u00e8ixer en Salig a Ouaga&#8230; \u00c9s dels que volen marxar, dels que diuen &#8220;En France, la pluie ne g\u00e2te pas la farine&#8221;. A trav\u00e9s de la seva recerca, Salif descobreix el seu pare, la seva r\u00e0bia d&#8217;adolescent s&#8217;esvaeix&#8230; no deixar\u00e0 mai el seu somni. La dansa, llenguatge universal, envolta el text. Acaricia o pega, ella aixeca els grans de sorra i es fereix amb filferros de Ceuta.<\/div>\n<div>\u00a0<\/div>\n<div>Us podeu beneficiar d&#8217;una reducci\u00f3 amb el codi\u00a0<b>BADALONA<\/b>\u00a0v\u00e0lid\u00a0fins al 31 de gener de 2020\u00a0<\/div>\n<div>\n<ul>\n<li><span style=\"color: #000000; font-family: tahoma, sans-serif;\">Podeu assistir\u00a0a l&#8217;obra<b>\u00a0Gibraltar al C\u00edrcol\u00a0<\/b>per\u00a0<b>10 \u20ac<\/b>\u00a0en lloc de 14 \u20ac (m\u00e9s una comissi\u00f3 de 0,99 \u20ac per la p\u00e0gina web de venda).\u00a0<a href=\"https:\/\/www.weezevent.com\/gibraltar-badalona\" target=\"_blank\" rel=\"noopener noreferrer\" data-saferedirecturl=\"https:\/\/www.google.com\/url?q=https:\/\/www.weezevent.com\/gibraltar-badalona&amp;source=gmail&amp;ust=1579249266537000&amp;usg=AFQjCNEsZWLUsF00-sfDwYsdp44cCjnjhw\">Enlla\u00e7 aqu\u00ed<\/a>.<\/span><\/li>\n<li><span style=\"color: #000000; font-family: tahoma, sans-serif;\">Podeu assistir\u00a0a les\u00a0<b>altres obres del\u00a0festival<\/b>\u00a0per\u00a0<b>15 \u20ac<\/b>\u00a0en lloc de 24 \u20ac.\u00a0<a href=\"http:\/\/festivaldetheatreenfrancais.com\/billetterie.html\" target=\"_blank\" rel=\"noopener noreferrer\" data-saferedirecturl=\"https:\/\/www.google.com\/url?q=http:\/\/festivaldetheatreenfrancais.com\/billetterie.html&amp;source=gmail&amp;ust=1579249266537000&amp;usg=AFQjCNEC0iIRdXQBqdKrsPL_Tbo7bO3fvw\">Enlla\u00e7\u00a0aqu\u00ed<\/a>.<\/span><\/li>\n<li><span style=\"font-family: tahoma, sans-serif;\"><span style=\"color: #000000;\">Pels instituts, si us plau contacteu directament la Mathilde Mottier,\u00a0<\/span><span style=\"color: #000000;\"><a href=\"mailto:mathildemottier@gmail.com\" target=\"_blank\" rel=\"noopener noreferrer\">mathildemottier@<wbr \/>gmail.com<\/a><\/span><\/span><\/li>\n<\/ul>\n<p>Com beneficar-se de la reducci\u00f3:<\/p>\n<ol>\n<li><span style=\"font-family: tahoma, sans-serif;\">Trieu el nombre d&#8217;entrades\u00a0<b>amb la tarifa normal<\/b><\/span><\/li>\n<li><span style=\"color: #000000; font-family: tahoma, sans-serif;\">Entreu el codi de reducci\u00f3 a la casella situada a baix del m\u00f2dul tot respectant les maj\u00fascules\/min\u00fascules (\u00a0\u00bfTienes un c\u00f3digo promocional?\u00a0Haz clic aqu\u00ed\u00a0)<\/span><\/li>\n<li><span style=\"color: #000000; font-family: tahoma, sans-serif;\">Cliqueu sobre &#8220;Aplicar&#8221;, l&#8217;import de la vostra petici\u00f3 s&#8217;actualitza<\/span><\/li>\n<\/ol>\n<div><span style=\"color: #000000; font-family: tahoma, sans-serif;\">\u00a0<\/span><\/div>\n<\/div>\n<div><img loading=\"lazy\" decoding=\"async\" class=\"alignnone wp-image-13031 size-medium\" src=\"https:\/\/serveiseducatius.xtec.cat\/badalona\/wp-content\/uploads\/usu1088\/2020\/01\/eoi-300x161.png\" alt=\"\" width=\"300\" height=\"161\" srcset=\"https:\/\/serveiseducatius.xtec.cat\/badalona\/wp-content\/uploads\/usu1088\/2020\/01\/eoi-300x161.png 300w, https:\/\/serveiseducatius.xtec.cat\/badalona\/wp-content\/uploads\/usu1088\/2020\/01\/eoi.png 710w\" sizes=\"auto, (max-width: 300px) 100vw, 300px\" \/><\/div>\n<\/div>\n","protected":false},"excerpt":{"rendered":"<p>Bonjour, (en catal\u00e0 a sota) \u00a0 Nous avons le plaisir de vous confirmer que le\u00a0OUI Festival de th\u00e9\u00e2tre en fran\u00e7ais\u00a0arrive [&hellip;]<\/p>\n","protected":false},"author":1,"featured_media":13030,"comment_status":"closed","ping_status":"closed","sticky":false,"template":"","format":"standard","meta":{"_bbp_topic_count":0,"_bbp_reply_count":0,"_bbp_total_topic_count":0,"_bbp_total_reply_count":0,"_bbp_voice_count":0,"_bbp_anonymous_reply_count":0,"_bbp_topic_count_hidden":0,"_bbp_reply_count_hidden":0,"_bbp_forum_subforum_count":0,"site-sidebar-layout":"default","site-content-layout":"","ast-site-content-layout":"","site-content-style":"default","site-sidebar-style":"default","ast-global-header-display":"","ast-banner-title-visibility":"","ast-main-header-display":"","ast-hfb-above-header-display":"","ast-hfb-below-header-display":"","ast-hfb-mobile-header-display":"","site-post-title":"","ast-breadcrumbs-content":"","ast-featured-img":"","footer-sml-layout":"","theme-transparent-header-meta":"","adv-header-id-meta":"","stick-header-meta":"","header-above-stick-meta":"","header-main-stick-meta":"","header-below-stick-meta":"","astra-migrate-meta-layouts":"default","ast-page-background-enabled":"default","ast-page-background-meta":{"desktop":{"background-color":"var(--ast-global-color-4)","background-image":"","background-repeat":"repeat","background-position":"center center","background-size":"auto","background-attachment":"scroll","background-type":"","background-media":"","overlay-type":"","overlay-color":"","overlay-opacity":"","overlay-gradient":""},"tablet":{"background-color":"","background-image":"","background-repeat":"repeat","background-position":"center center","background-size":"auto","background-attachment":"scroll","background-type":"","background-media":"","overlay-type":"","overlay-color":"","overlay-opacity":"","overlay-gradient":""},"mobile":{"background-color":"","background-image":"","background-repeat":"repeat","background-position":"center center","background-size":"auto","background-attachment":"scroll","background-type":"","background-media":"","overlay-type":"","overlay-color":"","overlay-opacity":"","overlay-gradient":""}},"ast-content-background-meta":{"desktop":{"background-color":"var(--ast-global-color-5)","background-image":"","background-repeat":"repeat","background-position":"center center","background-size":"auto","background-attachment":"scroll","background-type":"","background-media":"","overlay-type":"","overlay-color":"","overlay-opacity":"","overlay-gradient":""},"tablet":{"background-color":"var(--ast-global-color-5)","background-image":"","background-repeat":"repeat","background-position":"center center","background-size":"auto","background-attachment":"scroll","background-type":"","background-media":"","overlay-type":"","overlay-color":"","overlay-opacity":"","overlay-gradient":""},"mobile":{"background-color":"var(--ast-global-color-5)","background-image":"","background-repeat":"repeat","background-position":"center center","background-size":"auto","background-attachment":"scroll","background-type":"","background-media":"","overlay-type":"","overlay-color":"","overlay-opacity":"","overlay-gradient":""}},"footnotes":""},"categories":[528,29],"tags":[478,40],"class_list":["post-13028","post","type-post","status-publish","format-standard","has-post-thumbnail","hentry","category-llengues-estrangeres","category-portada","tag-frances","tag-teatre"],"post_mailing_queue_ids":[],"_links":{"self":[{"href":"https:\/\/serveiseducatius.xtec.cat\/badalona\/wp-json\/wp\/v2\/posts\/13028","targetHints":{"allow":["GET"]}}],"collection":[{"href":"https:\/\/serveiseducatius.xtec.cat\/badalona\/wp-json\/wp\/v2\/posts"}],"about":[{"href":"https:\/\/serveiseducatius.xtec.cat\/badalona\/wp-json\/wp\/v2\/types\/post"}],"author":[{"embeddable":true,"href":"https:\/\/serveiseducatius.xtec.cat\/badalona\/wp-json\/wp\/v2\/users\/1"}],"replies":[{"embeddable":true,"href":"https:\/\/serveiseducatius.xtec.cat\/badalona\/wp-json\/wp\/v2\/comments?post=13028"}],"version-history":[{"count":1,"href":"https:\/\/serveiseducatius.xtec.cat\/badalona\/wp-json\/wp\/v2\/posts\/13028\/revisions"}],"predecessor-version":[{"id":13032,"href":"https:\/\/serveiseducatius.xtec.cat\/badalona\/wp-json\/wp\/v2\/posts\/13028\/revisions\/13032"}],"wp:featuredmedia":[{"embeddable":true,"href":"https:\/\/serveiseducatius.xtec.cat\/badalona\/wp-json\/wp\/v2\/media\/13030"}],"wp:attachment":[{"href":"https:\/\/serveiseducatius.xtec.cat\/badalona\/wp-json\/wp\/v2\/media?parent=13028"}],"wp:term":[{"taxonomy":"category","embeddable":true,"href":"https:\/\/serveiseducatius.xtec.cat\/badalona\/wp-json\/wp\/v2\/categories?post=13028"},{"taxonomy":"post_tag","embeddable":true,"href":"https:\/\/serveiseducatius.xtec.cat\/badalona\/wp-json\/wp\/v2\/tags?post=13028"}],"curies":[{"name":"wp","href":"https:\/\/api.w.org\/{rel}","templated":true}]}}