{"id":13008,"date":"2020-01-13T09:28:02","date_gmt":"2020-01-13T08:28:02","guid":{"rendered":"http:\/\/serveiseducatius.xtec.cat\/badalona\/?p=13008"},"modified":"2020-01-13T09:28:02","modified_gmt":"2020-01-13T08:28:02","slug":"jornada-formativa-secundaria-habilitats-en-lus-de-dispositius-mobils-i-comunicacio-audiovisual-5-de-febrer-de-16-a-18-hores","status":"publish","type":"post","link":"https:\/\/serveiseducatius.xtec.cat\/badalona\/portada\/jornada-formativa-secundaria-habilitats-en-lus-de-dispositius-mobils-i-comunicacio-audiovisual-5-de-febrer-de-16-a-18-hores\/","title":{"rendered":"Jornada formativa secund\u00e0ria. Habilitats en l&#8217;\u00fas de dispositius m\u00f2bils i comunicaci\u00f3 audiovisual. 5 de febrer de 16 a 18 hores."},"content":{"rendered":"<p><img loading=\"lazy\" decoding=\"async\" class=\"size-full wp-image-13009 alignleft\" src=\"https:\/\/serveiseducatius.xtec.cat\/badalona\/wp-content\/uploads\/usu1088\/2020\/01\/mobil.jpg\" alt=\"\" width=\"400\" height=\"300\" srcset=\"https:\/\/serveiseducatius.xtec.cat\/badalona\/wp-content\/uploads\/usu1088\/2020\/01\/mobil.jpg 400w, https:\/\/serveiseducatius.xtec.cat\/badalona\/wp-content\/uploads\/usu1088\/2020\/01\/mobil-300x225.jpg 300w, https:\/\/serveiseducatius.xtec.cat\/badalona\/wp-content\/uploads\/usu1088\/2020\/01\/mobil-200x150.jpg 200w\" sizes=\"auto, (max-width: 400px) 100vw, 400px\" \/>El proper 5 de febrer a la seu dels Serveis Territorials tindr\u00e0 lloc la jornada formativa <strong>&#8220;Habilitats en l&#8217;\u00fas de dispositius m\u00f2bils i comunicaci\u00f3 audiovisual&#8221;\u00a0<\/strong>adre\u00e7ada a professorat d&#8217;educaci\u00f3 secund\u00e0ria.<\/p>\n<p>La jornada constar\u00e0 de dues parts i tindr\u00e0 el format de taller amb l\u2019objectiu que el professorat ho pugui aplicar amb el seu alumnat.<\/p>\n<p>1a part. Habilitats en l\u2019\u00fas de dispositius m\u00f2bils: \u00das i navegaci\u00f3 segura. Protecci\u00f3 dels dispositius. Qu\u00e8 cal fer si perdem els dispositius. A c\u00e0rrec de l\u2019Autoritat Catalana de Protecci\u00f3 de Dades.<\/p>\n<p>2a part. Comunicaci\u00f3 Audiovisual: Identitat digital. Actitud cr\u00edtica i reflexiva per interpretar adequadament els diversos tipus de llenguatges audiovisuals. A c\u00e0rrec del Consell de l\u2019Audiovisual de Catalunya.<\/p>\n<p>M\u00e9s informaci\u00f3 i inscripci\u00f3: <a href=\"https:\/\/aplicacions.gestioeducativa.gencat.cat\/pls\/soloas\/pk_for_mod_ins.p_for_detall_activitat?p_header=Llista%20d%27activitats^pk_for_mod_ins.p_for_cons_activitats?p_poblacio=08015%26p_any=2019-2020%26p_totes=s%26p_inici=51%26p_excloure_crp_rec=F&amp;p_codi=2007060502&amp;p_curs=2019-2020&amp;p_excloure_crp_rec=F\" target=\"_blank\" rel=\"noopener noreferrer\"><strong>2007060502<\/strong>\u00a0Habilitats en l&#8217;\u00fas de dispositius m\u00f2bils i comunicaci\u00f3 audiovisual<\/a><\/p>\n","protected":false},"excerpt":{"rendered":"<p>El proper 5 de febrer a la seu dels Serveis Territorials tindr\u00e0 lloc la jornada formativa &#8220;Habilitats en l&#8217;\u00fas de [&hellip;]<\/p>\n","protected":false},"author":1,"featured_media":13009,"comment_status":"closed","ping_status":"closed","sticky":false,"template":"","format":"standard","meta":{"_bbp_topic_count":0,"_bbp_reply_count":0,"_bbp_total_topic_count":0,"_bbp_total_reply_count":0,"_bbp_voice_count":0,"_bbp_anonymous_reply_count":0,"_bbp_topic_count_hidden":0,"_bbp_reply_count_hidden":0,"_bbp_forum_subforum_count":0,"site-sidebar-layout":"default","site-content-layout":"","ast-site-content-layout":"","site-content-style":"default","site-sidebar-style":"default","ast-global-header-display":"","ast-banner-title-visibility":"","ast-main-header-display":"","ast-hfb-above-header-display":"","ast-hfb-below-header-display":"","ast-hfb-mobile-header-display":"","site-post-title":"","ast-breadcrumbs-content":"","ast-featured-img":"","footer-sml-layout":"","theme-transparent-header-meta":"","adv-header-id-meta":"","stick-header-meta":"","header-above-stick-meta":"","header-main-stick-meta":"","header-below-stick-meta":"","astra-migrate-meta-layouts":"default","ast-page-background-enabled":"default","ast-page-background-meta":{"desktop":{"background-color":"var(--ast-global-color-4)","background-image":"","background-repeat":"repeat","background-position":"center center","background-size":"auto","background-attachment":"scroll","background-type":"","background-media":"","overlay-type":"","overlay-color":"","overlay-opacity":"","overlay-gradient":""},"tablet":{"background-color":"","background-image":"","background-repeat":"repeat","background-position":"center center","background-size":"auto","background-attachment":"scroll","background-type":"","background-media":"","overlay-type":"","overlay-color":"","overlay-opacity":"","overlay-gradient":""},"mobile":{"background-color":"","background-image":"","background-repeat":"repeat","background-position":"center center","background-size":"auto","background-attachment":"scroll","background-type":"","background-media":"","overlay-type":"","overlay-color":"","overlay-opacity":"","overlay-gradient":""}},"ast-content-background-meta":{"desktop":{"background-color":"var(--ast-global-color-5)","background-image":"","background-repeat":"repeat","background-position":"center center","background-size":"auto","background-attachment":"scroll","background-type":"","background-media":"","overlay-type":"","overlay-color":"","overlay-opacity":"","overlay-gradient":""},"tablet":{"background-color":"var(--ast-global-color-5)","background-image":"","background-repeat":"repeat","background-position":"center center","background-size":"auto","background-attachment":"scroll","background-type":"","background-media":"","overlay-type":"","overlay-color":"","overlay-opacity":"","overlay-gradient":""},"mobile":{"background-color":"var(--ast-global-color-5)","background-image":"","background-repeat":"repeat","background-position":"center center","background-size":"auto","background-attachment":"scroll","background-type":"","background-media":"","overlay-type":"","overlay-color":"","overlay-opacity":"","overlay-gradient":""}},"footnotes":""},"categories":[165,29],"tags":[344,471,166,948],"class_list":["post-13008","post","type-post","status-publish","format-standard","has-post-thumbnail","hentry","category-formacio","category-portada","tag-dispositius-mobils","tag-educacio-secundaria","tag-formacio","tag-formacio-permanent"],"post_mailing_queue_ids":[],"_links":{"self":[{"href":"https:\/\/serveiseducatius.xtec.cat\/badalona\/wp-json\/wp\/v2\/posts\/13008","targetHints":{"allow":["GET"]}}],"collection":[{"href":"https:\/\/serveiseducatius.xtec.cat\/badalona\/wp-json\/wp\/v2\/posts"}],"about":[{"href":"https:\/\/serveiseducatius.xtec.cat\/badalona\/wp-json\/wp\/v2\/types\/post"}],"author":[{"embeddable":true,"href":"https:\/\/serveiseducatius.xtec.cat\/badalona\/wp-json\/wp\/v2\/users\/1"}],"replies":[{"embeddable":true,"href":"https:\/\/serveiseducatius.xtec.cat\/badalona\/wp-json\/wp\/v2\/comments?post=13008"}],"version-history":[{"count":1,"href":"https:\/\/serveiseducatius.xtec.cat\/badalona\/wp-json\/wp\/v2\/posts\/13008\/revisions"}],"predecessor-version":[{"id":13010,"href":"https:\/\/serveiseducatius.xtec.cat\/badalona\/wp-json\/wp\/v2\/posts\/13008\/revisions\/13010"}],"wp:featuredmedia":[{"embeddable":true,"href":"https:\/\/serveiseducatius.xtec.cat\/badalona\/wp-json\/wp\/v2\/media\/13009"}],"wp:attachment":[{"href":"https:\/\/serveiseducatius.xtec.cat\/badalona\/wp-json\/wp\/v2\/media?parent=13008"}],"wp:term":[{"taxonomy":"category","embeddable":true,"href":"https:\/\/serveiseducatius.xtec.cat\/badalona\/wp-json\/wp\/v2\/categories?post=13008"},{"taxonomy":"post_tag","embeddable":true,"href":"https:\/\/serveiseducatius.xtec.cat\/badalona\/wp-json\/wp\/v2\/tags?post=13008"}],"curies":[{"name":"wp","href":"https:\/\/api.w.org\/{rel}","templated":true}]}}