{"id":12877,"date":"2019-12-12T13:17:20","date_gmt":"2019-12-12T12:17:20","guid":{"rendered":"http:\/\/serveiseducatius.xtec.cat\/badalona\/?p=12877"},"modified":"2019-12-12T13:17:20","modified_gmt":"2019-12-12T12:17:20","slug":"nova-proposta-per-a-leso-jornades-de-recerca-a-leso-a-badalona","status":"publish","type":"post","link":"https:\/\/serveiseducatius.xtec.cat\/badalona\/missatgeria\/nova-proposta-per-a-leso-jornades-de-recerca-a-leso-a-badalona\/","title":{"rendered":"NOVA PROPOSTA PER A L&#8217;ESO: Jornades de Recerca a l&#8217;ESO a Badalona"},"content":{"rendered":"<p>Benvolguts, benvolgudes,<\/p>\n<div>Com ja sabeu des de fa m\u00e9s de trenta anys es venen realitzant les Jornades Cient\u00edfiques d&#8217;Ensenyament Secundari de Badalona, en les quals alumnes de segon de batxillerat presenten els treballs de recerca que han realitzat.\u00a0<\/div>\n<div>\u00a0<\/div>\n<div>Els darrers cursos hem tingut demandes de diversos centres per encetar un espai on els alumnes d&#8217;ESO tamb\u00e9 poguessin\u00a0compartir aquelles experi\u00e8ncies, projectes o treballs, tal i com es fa amb les Jornades Cient\u00edfiques. Per aix\u00f2 aquest curs, des del Servei Educatiu i des de l&#8217;Ajuntament de Badalona s&#8217;ha decidit posar en marxa les\u00a0<b>Jornades de Recerca a l&#8217;ESO a Badalona<\/b>, per tal que alumnes d&#8217;ESO puguin desenvolupar una presentaci\u00f3 de qualsevol \u00e0rea o \u00e0mbit, que segueixi una metodologia cient\u00edfica (que parteixi d&#8217;un inter\u00e8s o d&#8217;una pregunta, que es formuli una hip\u00f2tesi, que es concretin les accions i recerques amb els experiments i les observacions que calgui, que es registrin, mesurin i analitzin els resultats i que es determinin unes conclusions).<\/div>\n<div>\u00a0<\/div>\n<div>\n<div>Les primeres Jornades de Recerca a l&#8217;ESO a Badalona es faran el\u00a0<b>dimarts 31 de mar\u00e7, pel mat\u00ed<\/b>, al Museu de Badalona. Si esteu interessats en participar, heu d&#8217;omplir el\u00a0<b><a href=\"https:\/\/docs.google.com\/forms\/d\/e\/1FAIpQLScmDA-WpojFtju_vCOEuwn9Ke4FRa0SkUDHYZytstluxH5ucA\/closedform\" target=\"_blank\" rel=\"noopener noreferrer\" data-saferedirecturl=\"https:\/\/www.google.com\/url?q=https:\/\/docs.google.com\/forms\/d\/e\/1FAIpQLScmDA-WpojFtju_vCOEuwn9Ke4FRa0SkUDHYZytstluxH5ucA\/closedform&amp;source=gmail&amp;ust=1576239311897000&amp;usg=AFQjCNEvCgIoUESxM8WR6fFKkYQaMC19EQ\">formulari\/s<\/a><\/b>\u00a0de les presentacions que vulgueu aportar (les adjudicacions es faran per rigor\u00f3s ordre d&#8217;inscripci\u00f3 via\u00a0<a href=\"https:\/\/docs.google.com\/forms\/d\/e\/1FAIpQLScmDA-WpojFtju_vCOEuwn9Ke4FRa0SkUDHYZytstluxH5ucA\/closedform\" target=\"_blank\" rel=\"noopener noreferrer\" data-saferedirecturl=\"https:\/\/www.google.com\/url?q=https:\/\/docs.google.com\/forms\/d\/e\/1FAIpQLScmDA-WpojFtju_vCOEuwn9Ke4FRa0SkUDHYZytstluxH5ucA\/closedform&amp;source=gmail&amp;ust=1576239311897000&amp;usg=AFQjCNEvCgIoUESxM8WR6fFKkYQaMC19EQ\"><b>formulari<\/b><\/a>). Si voleu m\u00e9s informaci\u00f3, podeu visitar l&#8217;<b><a href=\"https:\/\/serveiseducatius.xtec.cat\/badalona\/jornada-de-recerca-a-leso\/\" target=\"_blank\" rel=\"noopener noreferrer\" data-saferedirecturl=\"https:\/\/www.google.com\/url?q=https:\/\/serveiseducatius.xtec.cat\/badalona\/jornada-de-recerca-a-leso\/&amp;source=gmail&amp;ust=1576239311897000&amp;usg=AFQjCNG39UbpMlR7RYs9_3DYLy5Mp1QCVA\">espai web de les Jornades de Recerca a l&#8217;ESO a Badalona<\/a><\/b>.\u00a0<\/div>\n<\/div>\n<div>\u00a0<\/div>\n<div>Per tal de resoldre els dubtes que puguin sorgir, fer aportacions donat que \u00e9s la primera edici\u00f3, podeu venir a la reuni\u00f3 que tindr\u00e0 lloc el\u00a0<b>dimarts 18 de febrer a les 13 hores<\/b>, al\u00a0<b>CRP de Badalona<\/b>\u00a0(Avinguda del Maresme 192, INS Eugeni d&#8217;Ors). Si us plau, confirmeu la vostra assist\u00e8ncia a aquesta reuni\u00f3 per tal de poder disposar de l&#8217;espai adequat al CRP.<\/div>\n<div>\u00a0<\/div>\n<div>Rebeu una cordial salutaci\u00f3,<\/div>\n<div>\u00a0<\/div>\n<div>\n<div dir=\"ltr\">\n<div dir=\"ltr\">\n<div>\n<div dir=\"ltr\">\n<div>\n<div dir=\"ltr\">\n<div>\n<div dir=\"ltr\">\n<div dir=\"ltr\">\n<div dir=\"ltr\">\n<div dir=\"ltr\">\n<div dir=\"ltr\">\n<div>\n<p dir=\"ltr\"><strong>Comissi\u00f3 organitzadora de les Jornades de Recerca a l&#8217;ESO a Badalona<\/strong><\/p>\n<p><span id=\"m_6168898816471089385m_-7242281421377600260gmail-m_-2033820132302748904gmail-docs-internal-guid-913a1465-7fff-b192-3b8b-bc8c14743a5a\">&#8211; Ajuntament de Badalona.<br \/>\n\u00a0\u00a0 \u00a0\u00c0rea de Medi Ambient i Sostenibilitat. <br \/>\n\u00a0\u00a0 \u00a0\u00a0\u00a0 \u00a0Escola de Natura Angeleta Ferrer. <br \/>\n\u00a0\u00a0 \u00a0\u00a0\u00a0 \u00a0Escola del Mar. Centre d&#8217;Estudis Marins. <br \/>\n\u00a0\u00a0 \u00a0\u00c0rea d&#8217;Educaci\u00f3<\/span><\/div>\n<div>\u00a0 \u00a0 \u00a0 \u00a0 Servei d&#8217;Educaci\u00f3<\/p>\n<p>-Generalitat de Catalunya. <br \/>\n\u00a0\u00a0 \u00a0Departament d\u2019Educaci\u00f3<br \/>\n\u00a0\u00a0 \u00a0\u00a0\u00a0 \u00a0Servei Educatiu Ciutat de Badalona.<\/div>\n<\/div>\n<\/div>\n<\/div>\n<\/div>\n<\/div>\n<\/div>\n<\/div>\n<\/div>\n<\/div>\n<\/div>\n<\/div>\n<\/div>\n<\/div>\n","protected":false},"excerpt":{"rendered":"<p>Benvolguts, benvolgudes, Com ja sabeu des de fa m\u00e9s de trenta anys es venen realitzant les Jornades Cient\u00edfiques d&#8217;Ensenyament Secundari [&hellip;]<\/p>\n","protected":false},"author":1,"featured_media":0,"comment_status":"closed","ping_status":"closed","sticky":false,"template":"","format":"standard","meta":{"_bbp_topic_count":0,"_bbp_reply_count":0,"_bbp_total_topic_count":0,"_bbp_total_reply_count":0,"_bbp_voice_count":0,"_bbp_anonymous_reply_count":0,"_bbp_topic_count_hidden":0,"_bbp_reply_count_hidden":0,"_bbp_forum_subforum_count":0,"site-sidebar-layout":"default","site-content-layout":"","ast-site-content-layout":"","site-content-style":"default","site-sidebar-style":"default","ast-global-header-display":"","ast-banner-title-visibility":"","ast-main-header-display":"","ast-hfb-above-header-display":"","ast-hfb-below-header-display":"","ast-hfb-mobile-header-display":"","site-post-title":"","ast-breadcrumbs-content":"","ast-featured-img":"","footer-sml-layout":"","theme-transparent-header-meta":"","adv-header-id-meta":"","stick-header-meta":"","header-above-stick-meta":"","header-main-stick-meta":"","header-below-stick-meta":"","astra-migrate-meta-layouts":"default","ast-page-background-enabled":"default","ast-page-background-meta":{"desktop":{"background-color":"var(--ast-global-color-4)","background-image":"","background-repeat":"repeat","background-position":"center center","background-size":"auto","background-attachment":"scroll","background-type":"","background-media":"","overlay-type":"","overlay-color":"","overlay-opacity":"","overlay-gradient":""},"tablet":{"background-color":"","background-image":"","background-repeat":"repeat","background-position":"center center","background-size":"auto","background-attachment":"scroll","background-type":"","background-media":"","overlay-type":"","overlay-color":"","overlay-opacity":"","overlay-gradient":""},"mobile":{"background-color":"","background-image":"","background-repeat":"repeat","background-position":"center center","background-size":"auto","background-attachment":"scroll","background-type":"","background-media":"","overlay-type":"","overlay-color":"","overlay-opacity":"","overlay-gradient":""}},"ast-content-background-meta":{"desktop":{"background-color":"var(--ast-global-color-5)","background-image":"","background-repeat":"repeat","background-position":"center center","background-size":"auto","background-attachment":"scroll","background-type":"","background-media":"","overlay-type":"","overlay-color":"","overlay-opacity":"","overlay-gradient":""},"tablet":{"background-color":"var(--ast-global-color-5)","background-image":"","background-repeat":"repeat","background-position":"center center","background-size":"auto","background-attachment":"scroll","background-type":"","background-media":"","overlay-type":"","overlay-color":"","overlay-opacity":"","overlay-gradient":""},"mobile":{"background-color":"var(--ast-global-color-5)","background-image":"","background-repeat":"repeat","background-position":"center center","background-size":"auto","background-attachment":"scroll","background-type":"","background-media":"","overlay-type":"","overlay-color":"","overlay-opacity":"","overlay-gradient":""}},"footnotes":""},"categories":[872],"tags":[],"class_list":["post-12877","post","type-post","status-publish","format-standard","hentry","category-missatgeria"],"post_mailing_queue_ids":[],"_links":{"self":[{"href":"https:\/\/serveiseducatius.xtec.cat\/badalona\/wp-json\/wp\/v2\/posts\/12877","targetHints":{"allow":["GET"]}}],"collection":[{"href":"https:\/\/serveiseducatius.xtec.cat\/badalona\/wp-json\/wp\/v2\/posts"}],"about":[{"href":"https:\/\/serveiseducatius.xtec.cat\/badalona\/wp-json\/wp\/v2\/types\/post"}],"author":[{"embeddable":true,"href":"https:\/\/serveiseducatius.xtec.cat\/badalona\/wp-json\/wp\/v2\/users\/1"}],"replies":[{"embeddable":true,"href":"https:\/\/serveiseducatius.xtec.cat\/badalona\/wp-json\/wp\/v2\/comments?post=12877"}],"version-history":[{"count":1,"href":"https:\/\/serveiseducatius.xtec.cat\/badalona\/wp-json\/wp\/v2\/posts\/12877\/revisions"}],"predecessor-version":[{"id":12878,"href":"https:\/\/serveiseducatius.xtec.cat\/badalona\/wp-json\/wp\/v2\/posts\/12877\/revisions\/12878"}],"wp:attachment":[{"href":"https:\/\/serveiseducatius.xtec.cat\/badalona\/wp-json\/wp\/v2\/media?parent=12877"}],"wp:term":[{"taxonomy":"category","embeddable":true,"href":"https:\/\/serveiseducatius.xtec.cat\/badalona\/wp-json\/wp\/v2\/categories?post=12877"},{"taxonomy":"post_tag","embeddable":true,"href":"https:\/\/serveiseducatius.xtec.cat\/badalona\/wp-json\/wp\/v2\/tags?post=12877"}],"curies":[{"name":"wp","href":"https:\/\/api.w.org\/{rel}","templated":true}]}}