{"id":12854,"date":"2019-12-11T13:56:56","date_gmt":"2019-12-11T12:56:56","guid":{"rendered":"http:\/\/serveiseducatius.xtec.cat\/badalona\/?p=12854"},"modified":"2021-02-19T18:57:49","modified_gmt":"2021-02-19T17:57:49","slug":"noticia-de-la-setmana-text-la-galera","status":"publish","type":"post","link":"https:\/\/serveiseducatius.xtec.cat\/badalona\/portada\/noticia-de-la-setmana-text-la-galera\/","title":{"rendered":"La not\u00edcia de la setmana: canvi clim\u00e0tic; esperit nadalenc."},"content":{"rendered":"<p><a href=\"https:\/\/text-lagalera.cat\/blog\/lns150_cop25\/\" target=\"_blank\" rel=\"noopener noreferrer\"><img loading=\"lazy\" decoding=\"async\" class=\" wp-image-12858 alignleft\" src=\"https:\/\/serveiseducatius.xtec.cat\/badalona\/wp-content\/uploads\/usu1088\/2019\/12\/La-GaleraESO.png\" alt=\"\" width=\"236\" height=\"133\" srcset=\"https:\/\/serveiseducatius.xtec.cat\/badalona\/wp-content\/uploads\/usu1088\/2019\/12\/La-GaleraESO.png 340w, https:\/\/serveiseducatius.xtec.cat\/badalona\/wp-content\/uploads\/usu1088\/2019\/12\/La-GaleraESO-300x169.png 300w\" sizes=\"auto, (max-width: 236px) 100vw, 236px\" \/><\/a><\/p>\n<p>Text-La Galera ens proposa la not\u00edcia de la setmana per\u00a0 l&#8217;ESO sobre <a href=\"https:\/\/text-lagalera.cat\/blog\/lns150_cop25\/\" target=\"_blank\" rel=\"noopener noreferrer\">Confer\u00e8ncia de les Nacions Unides sobre el Canvi Clim\u00e0tic, el COP25<\/a> que s&#8217;est\u00e0 celebrant a Madrid del 2 al 13 de desembre.<\/p>\n<p>Si ets tutora o tutor\u2026Hem preparat unes activitats sobre aquesta cimera i sobre la declaraci\u00f3 d\u2019emerg\u00e8ncia clim\u00e0tica.<\/p>\n<p><img loading=\"lazy\" decoding=\"async\" class=\"wp-image-12856 alignright\" src=\"https:\/\/serveiseducatius.xtec.cat\/badalona\/wp-content\/uploads\/usu1088\/2019\/12\/Notcia-Prim\u00e0riaPNG.png\" alt=\"\" width=\"364\" height=\"157\" srcset=\"https:\/\/serveiseducatius.xtec.cat\/badalona\/wp-content\/uploads\/usu1088\/2019\/12\/Notcia-Prim\u00e0riaPNG.png 707w, https:\/\/serveiseducatius.xtec.cat\/badalona\/wp-content\/uploads\/usu1088\/2019\/12\/Notcia-Prim\u00e0riaPNG-300x129.png 300w\" sizes=\"auto, (max-width: 364px) 100vw, 364px\" \/>Per a Prim\u00e0ria <a href=\"https:\/\/text-lagalera.cat\/blog\/saps22-nadal\/\" target=\"_blank\" rel=\"noopener noreferrer\">Text-La Galera<\/a> ens proposa parlar del Nadal. Quan arriba aquesta \u00e8poca, hi ha coses que no hi falten mai: l\u2019enllumenat als carrers, els \u00e0pats amb la fam\u00edlia o els amics, els torrons i les neules, les nadales a les botigues, les representacions dels Pastorets, les paradetes de decoraci\u00f3 nadalenca\u2026 i un ambient especial que ho envaeix tot. T\u2019hi has fixat, que per Nadal molta gent sembla m\u00e9s feli\u00e7 i est\u00e0 m\u00e9s predisposada a ajudar els altres? Aix\u00f2 \u00e9s l\u2019esperit nadalenc!<\/p>\n<p>&nbsp;<\/p>\n<p>Esperem que us siguin d&#8217;utilitat!<\/p>\n<h3>\u00a0<\/h3>\n","protected":false},"excerpt":{"rendered":"<p>Text-La Galera ens proposa la not\u00edcia de la setmana per\u00a0 l&#8217;ESO sobre Confer\u00e8ncia de les Nacions Unides sobre el Canvi [&hellip;]<\/p>\n","protected":false},"author":15,"featured_media":15687,"comment_status":"closed","ping_status":"closed","sticky":false,"template":"","format":"standard","meta":{"_bbp_topic_count":0,"_bbp_reply_count":0,"_bbp_total_topic_count":0,"_bbp_total_reply_count":0,"_bbp_voice_count":0,"_bbp_anonymous_reply_count":0,"_bbp_topic_count_hidden":0,"_bbp_reply_count_hidden":0,"_bbp_forum_subforum_count":0,"site-sidebar-layout":"default","site-content-layout":"","ast-site-content-layout":"","site-content-style":"default","site-sidebar-style":"default","ast-global-header-display":"","ast-banner-title-visibility":"","ast-main-header-display":"","ast-hfb-above-header-display":"","ast-hfb-below-header-display":"","ast-hfb-mobile-header-display":"","site-post-title":"","ast-breadcrumbs-content":"","ast-featured-img":"","footer-sml-layout":"","theme-transparent-header-meta":"","adv-header-id-meta":"","stick-header-meta":"","header-above-stick-meta":"","header-main-stick-meta":"","header-below-stick-meta":"","astra-migrate-meta-layouts":"default","ast-page-background-enabled":"default","ast-page-background-meta":{"desktop":{"background-color":"var(--ast-global-color-4)","background-image":"","background-repeat":"repeat","background-position":"center center","background-size":"auto","background-attachment":"scroll","background-type":"","background-media":"","overlay-type":"","overlay-color":"","overlay-opacity":"","overlay-gradient":""},"tablet":{"background-color":"","background-image":"","background-repeat":"repeat","background-position":"center center","background-size":"auto","background-attachment":"scroll","background-type":"","background-media":"","overlay-type":"","overlay-color":"","overlay-opacity":"","overlay-gradient":""},"mobile":{"background-color":"","background-image":"","background-repeat":"repeat","background-position":"center center","background-size":"auto","background-attachment":"scroll","background-type":"","background-media":"","overlay-type":"","overlay-color":"","overlay-opacity":"","overlay-gradient":""}},"ast-content-background-meta":{"desktop":{"background-color":"var(--ast-global-color-5)","background-image":"","background-repeat":"repeat","background-position":"center center","background-size":"auto","background-attachment":"scroll","background-type":"","background-media":"","overlay-type":"","overlay-color":"","overlay-opacity":"","overlay-gradient":""},"tablet":{"background-color":"var(--ast-global-color-5)","background-image":"","background-repeat":"repeat","background-position":"center center","background-size":"auto","background-attachment":"scroll","background-type":"","background-media":"","overlay-type":"","overlay-color":"","overlay-opacity":"","overlay-gradient":""},"mobile":{"background-color":"var(--ast-global-color-5)","background-image":"","background-repeat":"repeat","background-position":"center center","background-size":"auto","background-attachment":"scroll","background-type":"","background-media":"","overlay-type":"","overlay-color":"","overlay-opacity":"","overlay-gradient":""}},"footnotes":""},"categories":[29,76],"tags":[1167],"class_list":["post-12854","post","type-post","status-publish","format-standard","has-post-thumbnail","hentry","category-portada","category-recursos","tag-la-noticia-de-la-setmana"],"post_mailing_queue_ids":[],"_links":{"self":[{"href":"https:\/\/serveiseducatius.xtec.cat\/badalona\/wp-json\/wp\/v2\/posts\/12854","targetHints":{"allow":["GET"]}}],"collection":[{"href":"https:\/\/serveiseducatius.xtec.cat\/badalona\/wp-json\/wp\/v2\/posts"}],"about":[{"href":"https:\/\/serveiseducatius.xtec.cat\/badalona\/wp-json\/wp\/v2\/types\/post"}],"author":[{"embeddable":true,"href":"https:\/\/serveiseducatius.xtec.cat\/badalona\/wp-json\/wp\/v2\/users\/15"}],"replies":[{"embeddable":true,"href":"https:\/\/serveiseducatius.xtec.cat\/badalona\/wp-json\/wp\/v2\/comments?post=12854"}],"version-history":[{"count":3,"href":"https:\/\/serveiseducatius.xtec.cat\/badalona\/wp-json\/wp\/v2\/posts\/12854\/revisions"}],"predecessor-version":[{"id":15689,"href":"https:\/\/serveiseducatius.xtec.cat\/badalona\/wp-json\/wp\/v2\/posts\/12854\/revisions\/15689"}],"wp:featuredmedia":[{"embeddable":true,"href":"https:\/\/serveiseducatius.xtec.cat\/badalona\/wp-json\/wp\/v2\/media\/15687"}],"wp:attachment":[{"href":"https:\/\/serveiseducatius.xtec.cat\/badalona\/wp-json\/wp\/v2\/media?parent=12854"}],"wp:term":[{"taxonomy":"category","embeddable":true,"href":"https:\/\/serveiseducatius.xtec.cat\/badalona\/wp-json\/wp\/v2\/categories?post=12854"},{"taxonomy":"post_tag","embeddable":true,"href":"https:\/\/serveiseducatius.xtec.cat\/badalona\/wp-json\/wp\/v2\/tags?post=12854"}],"curies":[{"name":"wp","href":"https:\/\/api.w.org\/{rel}","templated":true}]}}