{"id":12825,"date":"2019-12-10T17:15:48","date_gmt":"2019-12-10T16:15:48","guid":{"rendered":"http:\/\/serveiseducatius.xtec.cat\/badalona\/?p=12825"},"modified":"2019-12-11T13:24:48","modified_gmt":"2019-12-11T12:24:48","slug":"perque-es-tracta-de-viure-amb-el-mobil-no-viure-pel-mobil-educac-recursos-educatius","status":"publish","type":"post","link":"https:\/\/serveiseducatius.xtec.cat\/badalona\/portada\/perque-es-tracta-de-viure-amb-el-mobil-no-viure-pel-mobil-educac-recursos-educatius\/","title":{"rendered":"Perqu\u00e8 es tracta de viure amb el m\u00f2bil, no viure pel m\u00f2bil. EduCAC Recursos educatius"},"content":{"rendered":"<p>Si engua<img loading=\"lazy\" decoding=\"async\" class=\"size-full wp-image-12827 alignleft\" src=\"https:\/\/serveiseducatius.xtec.cat\/badalona\/wp-content\/uploads\/usu1088\/2019\/12\/Educac1.jpg\" alt=\"\" width=\"400\" height=\"266\" srcset=\"https:\/\/serveiseducatius.xtec.cat\/badalona\/wp-content\/uploads\/usu1088\/2019\/12\/Educac1.jpg 400w, https:\/\/serveiseducatius.xtec.cat\/badalona\/wp-content\/uploads\/usu1088\/2019\/12\/Educac1-300x200.jpg 300w\" sizes=\"auto, (max-width: 400px) 100vw, 400px\" \/>ny els reis han de portar un m\u00f2bil als i les joves de cada casa, se n&#8217;hauria de parlar abans. Mares, pares, mestres, professorat &#8230; tothom hauria de tenir present que el m\u00f2bil no \u00e9s nom\u00e9s una joguina que serveix per comunicar-se amb els companys i la fam\u00edlia. Amb l&#8217;acc\u00e9s a internet el m\u00f2bil es converteix en la seva finestra al m\u00f3n. Per tant, n&#8217;han de ser conscients i\u00a0comprometre&#8217;s a fer-ne un \u00fas responsable.Per a docents ofereixen <strong>unitats did\u00e0ctiques<\/strong> tant per Prim\u00e0ria com per Secund\u00e0ria.<\/p>\n<p><a href=\"https:\/\/www.educac.cat\/que-educac\" target=\"_blank\" rel=\"noopener noreferrer\">EduCAC<\/a> t\u00e9 la voluntat de proporcionar, fonamentalment a les escoles, per\u00f2 tamb\u00e9 a les fam\u00edlies, recursos educatius per fer un \u00fas cr\u00edtic i responsable dels mitjans de comunicaci\u00f3.<\/p>\n<p>Esperem que us sigui d&#8217;utilitat.<\/p>\n","protected":false},"excerpt":{"rendered":"<p>Si enguany els reis han de portar un m\u00f2bil als i les joves de cada casa, se n&#8217;hauria de parlar [&hellip;]<\/p>\n","protected":false},"author":15,"featured_media":12826,"comment_status":"closed","ping_status":"closed","sticky":false,"template":"","format":"standard","meta":{"_bbp_topic_count":0,"_bbp_reply_count":0,"_bbp_total_topic_count":0,"_bbp_total_reply_count":0,"_bbp_voice_count":0,"_bbp_anonymous_reply_count":0,"_bbp_topic_count_hidden":0,"_bbp_reply_count_hidden":0,"_bbp_forum_subforum_count":0,"site-sidebar-layout":"default","site-content-layout":"","ast-site-content-layout":"","site-content-style":"default","site-sidebar-style":"default","ast-global-header-display":"","ast-banner-title-visibility":"","ast-main-header-display":"","ast-hfb-above-header-display":"","ast-hfb-below-header-display":"","ast-hfb-mobile-header-display":"","site-post-title":"","ast-breadcrumbs-content":"","ast-featured-img":"","footer-sml-layout":"","theme-transparent-header-meta":"","adv-header-id-meta":"","stick-header-meta":"","header-above-stick-meta":"","header-main-stick-meta":"","header-below-stick-meta":"","astra-migrate-meta-layouts":"default","ast-page-background-enabled":"default","ast-page-background-meta":{"desktop":{"background-color":"var(--ast-global-color-4)","background-image":"","background-repeat":"repeat","background-position":"center center","background-size":"auto","background-attachment":"scroll","background-type":"","background-media":"","overlay-type":"","overlay-color":"","overlay-opacity":"","overlay-gradient":""},"tablet":{"background-color":"","background-image":"","background-repeat":"repeat","background-position":"center center","background-size":"auto","background-attachment":"scroll","background-type":"","background-media":"","overlay-type":"","overlay-color":"","overlay-opacity":"","overlay-gradient":""},"mobile":{"background-color":"","background-image":"","background-repeat":"repeat","background-position":"center center","background-size":"auto","background-attachment":"scroll","background-type":"","background-media":"","overlay-type":"","overlay-color":"","overlay-opacity":"","overlay-gradient":""}},"ast-content-background-meta":{"desktop":{"background-color":"var(--ast-global-color-5)","background-image":"","background-repeat":"repeat","background-position":"center center","background-size":"auto","background-attachment":"scroll","background-type":"","background-media":"","overlay-type":"","overlay-color":"","overlay-opacity":"","overlay-gradient":""},"tablet":{"background-color":"var(--ast-global-color-5)","background-image":"","background-repeat":"repeat","background-position":"center center","background-size":"auto","background-attachment":"scroll","background-type":"","background-media":"","overlay-type":"","overlay-color":"","overlay-opacity":"","overlay-gradient":""},"mobile":{"background-color":"var(--ast-global-color-5)","background-image":"","background-repeat":"repeat","background-position":"center center","background-size":"auto","background-attachment":"scroll","background-type":"","background-media":"","overlay-type":"","overlay-color":"","overlay-opacity":"","overlay-gradient":""}},"footnotes":""},"categories":[29],"tags":[1051],"class_list":["post-12825","post","type-post","status-publish","format-standard","has-post-thumbnail","hentry","category-portada","tag-mitjans-de-comunicacio"],"post_mailing_queue_ids":[],"_links":{"self":[{"href":"https:\/\/serveiseducatius.xtec.cat\/badalona\/wp-json\/wp\/v2\/posts\/12825","targetHints":{"allow":["GET"]}}],"collection":[{"href":"https:\/\/serveiseducatius.xtec.cat\/badalona\/wp-json\/wp\/v2\/posts"}],"about":[{"href":"https:\/\/serveiseducatius.xtec.cat\/badalona\/wp-json\/wp\/v2\/types\/post"}],"author":[{"embeddable":true,"href":"https:\/\/serveiseducatius.xtec.cat\/badalona\/wp-json\/wp\/v2\/users\/15"}],"replies":[{"embeddable":true,"href":"https:\/\/serveiseducatius.xtec.cat\/badalona\/wp-json\/wp\/v2\/comments?post=12825"}],"version-history":[{"count":2,"href":"https:\/\/serveiseducatius.xtec.cat\/badalona\/wp-json\/wp\/v2\/posts\/12825\/revisions"}],"predecessor-version":[{"id":12832,"href":"https:\/\/serveiseducatius.xtec.cat\/badalona\/wp-json\/wp\/v2\/posts\/12825\/revisions\/12832"}],"wp:featuredmedia":[{"embeddable":true,"href":"https:\/\/serveiseducatius.xtec.cat\/badalona\/wp-json\/wp\/v2\/media\/12826"}],"wp:attachment":[{"href":"https:\/\/serveiseducatius.xtec.cat\/badalona\/wp-json\/wp\/v2\/media?parent=12825"}],"wp:term":[{"taxonomy":"category","embeddable":true,"href":"https:\/\/serveiseducatius.xtec.cat\/badalona\/wp-json\/wp\/v2\/categories?post=12825"},{"taxonomy":"post_tag","embeddable":true,"href":"https:\/\/serveiseducatius.xtec.cat\/badalona\/wp-json\/wp\/v2\/tags?post=12825"}],"curies":[{"name":"wp","href":"https:\/\/api.w.org\/{rel}","templated":true}]}}