{"id":12788,"date":"2019-12-05T13:59:03","date_gmt":"2019-12-05T12:59:03","guid":{"rendered":"http:\/\/serveiseducatius.xtec.cat\/badalona\/?p=12788"},"modified":"2019-12-09T11:44:44","modified_gmt":"2019-12-09T10:44:44","slug":"visita-astral-veler-open-arms","status":"publish","type":"post","link":"https:\/\/serveiseducatius.xtec.cat\/badalona\/portada\/visita-astral-veler-open-arms\/","title":{"rendered":"Visita Astral, veler Open Arms"},"content":{"rendered":"<p><img loading=\"lazy\" decoding=\"async\" class=\"alignnone  wp-image-10463\" src=\"https:\/\/serveiseducatius.xtec.cat\/badalona\/wp-content\/uploads\/usu1088\/2019\/01\/cartell-open-arms.jpg\" alt=\"\" width=\"563\" height=\"401\" srcset=\"https:\/\/serveiseducatius.xtec.cat\/badalona\/wp-content\/uploads\/usu1088\/2019\/01\/cartell-open-arms.jpg 888w, https:\/\/serveiseducatius.xtec.cat\/badalona\/wp-content\/uploads\/usu1088\/2019\/01\/cartell-open-arms-300x214.jpg 300w, https:\/\/serveiseducatius.xtec.cat\/badalona\/wp-content\/uploads\/usu1088\/2019\/01\/cartell-open-arms-768x547.jpg 768w\" sizes=\"auto, (max-width: 563px) 100vw, 563px\" \/><\/p>\n<p style=\"font-weight: 400;\"><strong>PORTES OBERTES DEL VELER D\u2019OPEN ARMS PER A ESCOLES, GRUPS I PARTICULARS<\/strong><\/p>\n<p style=\"font-weight: 400;\">Al llarg de la\u00a0 setmana del <strong>10 al 16 de desembre<\/strong> el veler Astral obre les seves portes a la ciutat, al Port de Badalona, que va veure la seva transformaci\u00f3 de veler de lleure a vaixell de salvament.<\/p>\n<p style=\"font-weight: 400;\">L\u2019activitat divulgativa i de sensibilitzaci\u00f3 est\u00e0 adre\u00e7ada especialment \u2013 no \u00fanicament-\u00a0 a centres d\u2019ensenyament, a casals i entitats. Concretament, <strong>el dimarts 10, dimecres 11, dijous 12, divendres 13 i dilluns 16 de desembre\u00a0<\/strong> s\u2019oferta reserva hor\u00e0ria per a escoles de <strong>10 a 13h \u00a0i de 15.30 a 17.00h.<\/strong><\/p>\n<p style=\"font-weight: 400;\">L\u2019acc\u00e9s al port es pot fer caminant, en bicicleta, o a trav\u00e9s de transport p\u00fablic metro, tren i bus (hi ha una l\u00ednia d\u2019autob\u00fas, la BD7 amb dues parades al recinte).\u00a0<\/p>\n<p style=\"font-weight: 400;\">A partir de les 17h es pot reservar per a casals o entitats o venir de manera no organitzada.<\/p>\n<p style=\"font-weight: 400;\">Aquesta ser\u00e0 la din\u00e0mica tamb\u00e9 del cap de setmana. L\u2019horari de dissabte 14 de desembre i de diumenge 15 de desembre \u00e9s de 10 a 13h i de 15.30 a 17.30h i el plantejament \u00e9s similar en aquest cas via lliure.<\/p>\n<p style=\"font-weight: 400;\">Si s\u00f3n casals o grups que es troben en el temps de lleure de cap de setmana, contacteu amb l\u2019ONG per organitzar-vos.<\/p>\n<p style=\"font-weight: 400;\">Les reserves s\u2019han d\u2019adre\u00e7ar a\u00a0<strong><a href=\"mailto:comunicacion@openarms.es\">comunicacion@openarms.es<\/a><\/strong>. Sobretot, contacteu i confirmeu dia i franja hor\u00e0ria.\u00a0<\/p>\n<p style=\"font-weight: 400;\">Dins el vaixell hi haur\u00e0 un apartat amb marxandatge per regalar solidaritat per Nadal.<\/p>\n<p>&nbsp;<\/p>\n","protected":false},"excerpt":{"rendered":"<p>PORTES OBERTES DEL VELER D\u2019OPEN ARMS PER A ESCOLES, GRUPS I PARTICULARS Al llarg de la\u00a0 setmana del 10 al [&hellip;]<\/p>\n","protected":false},"author":1,"featured_media":12791,"comment_status":"closed","ping_status":"closed","sticky":false,"template":"","format":"standard","meta":{"_bbp_topic_count":0,"_bbp_reply_count":0,"_bbp_total_topic_count":0,"_bbp_total_reply_count":0,"_bbp_voice_count":0,"_bbp_anonymous_reply_count":0,"_bbp_topic_count_hidden":0,"_bbp_reply_count_hidden":0,"_bbp_forum_subforum_count":0,"site-sidebar-layout":"default","site-content-layout":"","ast-site-content-layout":"","site-content-style":"default","site-sidebar-style":"default","ast-global-header-display":"","ast-banner-title-visibility":"","ast-main-header-display":"","ast-hfb-above-header-display":"","ast-hfb-below-header-display":"","ast-hfb-mobile-header-display":"","site-post-title":"","ast-breadcrumbs-content":"","ast-featured-img":"","footer-sml-layout":"","theme-transparent-header-meta":"","adv-header-id-meta":"","stick-header-meta":"","header-above-stick-meta":"","header-main-stick-meta":"","header-below-stick-meta":"","astra-migrate-meta-layouts":"default","ast-page-background-enabled":"default","ast-page-background-meta":{"desktop":{"background-color":"var(--ast-global-color-4)","background-image":"","background-repeat":"repeat","background-position":"center center","background-size":"auto","background-attachment":"scroll","background-type":"","background-media":"","overlay-type":"","overlay-color":"","overlay-opacity":"","overlay-gradient":""},"tablet":{"background-color":"","background-image":"","background-repeat":"repeat","background-position":"center center","background-size":"auto","background-attachment":"scroll","background-type":"","background-media":"","overlay-type":"","overlay-color":"","overlay-opacity":"","overlay-gradient":""},"mobile":{"background-color":"","background-image":"","background-repeat":"repeat","background-position":"center center","background-size":"auto","background-attachment":"scroll","background-type":"","background-media":"","overlay-type":"","overlay-color":"","overlay-opacity":"","overlay-gradient":""}},"ast-content-background-meta":{"desktop":{"background-color":"var(--ast-global-color-5)","background-image":"","background-repeat":"repeat","background-position":"center center","background-size":"auto","background-attachment":"scroll","background-type":"","background-media":"","overlay-type":"","overlay-color":"","overlay-opacity":"","overlay-gradient":""},"tablet":{"background-color":"var(--ast-global-color-5)","background-image":"","background-repeat":"repeat","background-position":"center center","background-size":"auto","background-attachment":"scroll","background-type":"","background-media":"","overlay-type":"","overlay-color":"","overlay-opacity":"","overlay-gradient":""},"mobile":{"background-color":"var(--ast-global-color-5)","background-image":"","background-repeat":"repeat","background-position":"center center","background-size":"auto","background-attachment":"scroll","background-type":"","background-media":"","overlay-type":"","overlay-color":"","overlay-opacity":"","overlay-gradient":""}},"footnotes":""},"categories":[64,29],"tags":[800,1072],"class_list":["post-12788","post","type-post","status-publish","format-standard","has-post-thumbnail","hentry","category-comunitat","category-portada","tag-ong","tag-open-arms"],"post_mailing_queue_ids":[],"_links":{"self":[{"href":"https:\/\/serveiseducatius.xtec.cat\/badalona\/wp-json\/wp\/v2\/posts\/12788","targetHints":{"allow":["GET"]}}],"collection":[{"href":"https:\/\/serveiseducatius.xtec.cat\/badalona\/wp-json\/wp\/v2\/posts"}],"about":[{"href":"https:\/\/serveiseducatius.xtec.cat\/badalona\/wp-json\/wp\/v2\/types\/post"}],"author":[{"embeddable":true,"href":"https:\/\/serveiseducatius.xtec.cat\/badalona\/wp-json\/wp\/v2\/users\/1"}],"replies":[{"embeddable":true,"href":"https:\/\/serveiseducatius.xtec.cat\/badalona\/wp-json\/wp\/v2\/comments?post=12788"}],"version-history":[{"count":3,"href":"https:\/\/serveiseducatius.xtec.cat\/badalona\/wp-json\/wp\/v2\/posts\/12788\/revisions"}],"predecessor-version":[{"id":12807,"href":"https:\/\/serveiseducatius.xtec.cat\/badalona\/wp-json\/wp\/v2\/posts\/12788\/revisions\/12807"}],"wp:featuredmedia":[{"embeddable":true,"href":"https:\/\/serveiseducatius.xtec.cat\/badalona\/wp-json\/wp\/v2\/media\/12791"}],"wp:attachment":[{"href":"https:\/\/serveiseducatius.xtec.cat\/badalona\/wp-json\/wp\/v2\/media?parent=12788"}],"wp:term":[{"taxonomy":"category","embeddable":true,"href":"https:\/\/serveiseducatius.xtec.cat\/badalona\/wp-json\/wp\/v2\/categories?post=12788"},{"taxonomy":"post_tag","embeddable":true,"href":"https:\/\/serveiseducatius.xtec.cat\/badalona\/wp-json\/wp\/v2\/tags?post=12788"}],"curies":[{"name":"wp","href":"https:\/\/api.w.org\/{rel}","templated":true}]}}