{"id":12767,"date":"2019-12-03T16:14:37","date_gmt":"2019-12-03T15:14:37","guid":{"rendered":"http:\/\/serveiseducatius.xtec.cat\/badalona\/?p=12767"},"modified":"2019-12-03T16:14:37","modified_gmt":"2019-12-03T15:14:37","slug":"conferencia-sobre-la-biblioteca-daula-a-carrec-de-monica-badia-dimecres-4-de-desembre-a-les-17h-al-crp-sant-adria","status":"publish","type":"post","link":"https:\/\/serveiseducatius.xtec.cat\/badalona\/missatgeria\/conferencia-sobre-la-biblioteca-daula-a-carrec-de-monica-badia-dimecres-4-de-desembre-a-les-17h-al-crp-sant-adria\/","title":{"rendered":"Confer\u00e8ncia sobre &#8220;la biblioteca d&#8217;aula&#8221;  a c\u00e0rrec de M\u00f2nica Badia dimecres 4 de desembre a les 17h al CRP Sant Adri\u00e0"},"content":{"rendered":"<div class=\"gmail_default\"><span style=\"font-family: verdana, sans-serif;\">Bon tarda,<\/span><\/div>\n<div>\u00a0<\/div>\n<div class=\"gmail_default\"><span style=\"font-family: verdana, sans-serif;\">Us fem arribar informaci\u00f3 que pot ser del vostre inter\u00e8s.<\/span><\/div>\n<div class=\"gmail_default\"><span style=\"font-family: verdana, sans-serif;\">\u00a0<\/span><\/div>\n<div class=\"gmail_default\"><span style=\"font-family: verdana, sans-serif;\">M\u00f2nica Badia Cantanero \u00e9s coordinadora del Programa\u00a0<a href=\"http:\/\/xtec.gencat.cat\/ca\/projectes\/biblioteca\/\" target=\"_blank\" rel=\"noopener noreferrer\" data-saferedirecturl=\"https:\/\/www.google.com\/url?q=http:\/\/xtec.gencat.cat\/ca\/projectes\/biblioteca\/&amp;source=gmail&amp;ust=1575471972030000&amp;usg=AFQjCNEZE7EisgyqTFKZ6IV0X91BHkaoIg\">Puntedu<\/a>\u00a0de biblioteques escolars del Departament d&#8217;Ensenyament, ser\u00e0 a la Biblioteca de Sant Adri\u00e0 de Bes\u00f2s per donar\u00a0orientacions\u00a0per organitzar i dinamitzar les biblioteques d\u2019aula\u00a0en els centres educatius, tant d&#8217;infantil i prim\u00e0ria com de secund\u00e0ria.\u00a0El motiu de la seva visita \u00e9s per fer una sessi\u00f3 al Seminari de coordinaci\u00f3 de referents de lectura i biblioteca escolar, per\u00f2 que en aquesta ocasi\u00f3 es far\u00e0 oberta a tots els docents interessats.\u00a0<\/span><\/div>\n<div class=\"gmail_default\"><span style=\"font-family: verdana, sans-serif;\">\u00a0<\/span><\/div>\n<div class=\"gmail_default\"><span style=\"font-family: verdana, sans-serif;\">Aix\u00ed, el proper<b>\u00a0dimecres 4 de desembre a les 17h confer\u00e8ncia sobre &#8220;la biblioteca d&#8217;aula&#8221;\u00a0\u00a0a c\u00e0rrec de M\u00f2nica Badia<\/b>. Aquesta activitat tindr\u00e0 lloc a la\u00a0<a href=\"https:\/\/goo.gl\/maps\/Mmg9PreXaqq5B9RB6\" target=\"_blank\" rel=\"noopener noreferrer\" data-saferedirecturl=\"https:\/\/www.google.com\/url?q=https:\/\/goo.gl\/maps\/Mmg9PreXaqq5B9RB6&amp;source=gmail&amp;ust=1575471972030000&amp;usg=AFQjCNEIYNJxetWtQGU08R416gvxvBW_-Q\">Biblioteca de Sant Adri\u00e0 de Bes\u00f2s<\/a>.\u00a0\u00a0<br \/>\n<\/span><\/div>\n<div class=\"gmail_default\">\n<div>\u00a0<\/div>\n<p><span style=\"font-family: verdana, sans-serif;\"><br \/>\n<\/span><\/div>\n<div class=\"gmail_default\"><span style=\"font-family: verdana, sans-serif;\">Us demanem que confirmeu la vostra assist\u00e8ncia per preveure l&#8217;aforament clicant al\u00a0<a href=\"https:\/\/docs.google.com\/forms\/d\/e\/1FAIpQLSdCSJSm13Vbf0LsPLlcGL9cDJ3HWa9CaWavc2fHMrQj2pVmXQ\/viewform?usp=sf_link\" target=\"_blank\" rel=\"noopener noreferrer\" data-saferedirecturl=\"https:\/\/www.google.com\/url?q=https:\/\/docs.google.com\/forms\/d\/e\/1FAIpQLSdCSJSm13Vbf0LsPLlcGL9cDJ3HWa9CaWavc2fHMrQj2pVmXQ\/viewform?usp%3Dsf_link&amp;source=gmail&amp;ust=1575471972030000&amp;usg=AFQjCNHqwAtotP2YAL_8hGaMcMoFy_gmUg\">formulari d&#8217;assist\u00e8ncia<\/a><\/span><\/div>\n<div class=\"gmail_default\"><span style=\"font-family: verdana, sans-serif;\">\u00a0<\/span><\/div>\n<div class=\"gmail_default\">\n<p><span style=\"font-family: verdana, sans-serif;\">Us animem a participar-hi!<\/span><\/p>\n<p>Equips CRP Sant Adri\u00e0 i Badalona<\/p>\n<\/div>\n","protected":false},"excerpt":{"rendered":"<p>Bon tarda, \u00a0 Us fem arribar informaci\u00f3 que pot ser del vostre inter\u00e8s. \u00a0 M\u00f2nica Badia Cantanero \u00e9s coordinadora del [&hellip;]<\/p>\n","protected":false},"author":15,"featured_media":12768,"comment_status":"closed","ping_status":"closed","sticky":false,"template":"","format":"standard","meta":{"_bbp_topic_count":0,"_bbp_reply_count":0,"_bbp_total_topic_count":0,"_bbp_total_reply_count":0,"_bbp_voice_count":0,"_bbp_anonymous_reply_count":0,"_bbp_topic_count_hidden":0,"_bbp_reply_count_hidden":0,"_bbp_forum_subforum_count":0,"site-sidebar-layout":"default","site-content-layout":"","ast-site-content-layout":"","site-content-style":"default","site-sidebar-style":"default","ast-global-header-display":"","ast-banner-title-visibility":"","ast-main-header-display":"","ast-hfb-above-header-display":"","ast-hfb-below-header-display":"","ast-hfb-mobile-header-display":"","site-post-title":"","ast-breadcrumbs-content":"","ast-featured-img":"","footer-sml-layout":"","theme-transparent-header-meta":"","adv-header-id-meta":"","stick-header-meta":"","header-above-stick-meta":"","header-main-stick-meta":"","header-below-stick-meta":"","astra-migrate-meta-layouts":"default","ast-page-background-enabled":"default","ast-page-background-meta":{"desktop":{"background-color":"var(--ast-global-color-4)","background-image":"","background-repeat":"repeat","background-position":"center center","background-size":"auto","background-attachment":"scroll","background-type":"","background-media":"","overlay-type":"","overlay-color":"","overlay-opacity":"","overlay-gradient":""},"tablet":{"background-color":"","background-image":"","background-repeat":"repeat","background-position":"center center","background-size":"auto","background-attachment":"scroll","background-type":"","background-media":"","overlay-type":"","overlay-color":"","overlay-opacity":"","overlay-gradient":""},"mobile":{"background-color":"","background-image":"","background-repeat":"repeat","background-position":"center center","background-size":"auto","background-attachment":"scroll","background-type":"","background-media":"","overlay-type":"","overlay-color":"","overlay-opacity":"","overlay-gradient":""}},"ast-content-background-meta":{"desktop":{"background-color":"var(--ast-global-color-5)","background-image":"","background-repeat":"repeat","background-position":"center center","background-size":"auto","background-attachment":"scroll","background-type":"","background-media":"","overlay-type":"","overlay-color":"","overlay-opacity":"","overlay-gradient":""},"tablet":{"background-color":"var(--ast-global-color-5)","background-image":"","background-repeat":"repeat","background-position":"center center","background-size":"auto","background-attachment":"scroll","background-type":"","background-media":"","overlay-type":"","overlay-color":"","overlay-opacity":"","overlay-gradient":""},"mobile":{"background-color":"var(--ast-global-color-5)","background-image":"","background-repeat":"repeat","background-position":"center center","background-size":"auto","background-attachment":"scroll","background-type":"","background-media":"","overlay-type":"","overlay-color":"","overlay-opacity":"","overlay-gradient":""}},"footnotes":""},"categories":[872],"tags":[],"class_list":["post-12767","post","type-post","status-publish","format-standard","has-post-thumbnail","hentry","category-missatgeria"],"post_mailing_queue_ids":[],"_links":{"self":[{"href":"https:\/\/serveiseducatius.xtec.cat\/badalona\/wp-json\/wp\/v2\/posts\/12767","targetHints":{"allow":["GET"]}}],"collection":[{"href":"https:\/\/serveiseducatius.xtec.cat\/badalona\/wp-json\/wp\/v2\/posts"}],"about":[{"href":"https:\/\/serveiseducatius.xtec.cat\/badalona\/wp-json\/wp\/v2\/types\/post"}],"author":[{"embeddable":true,"href":"https:\/\/serveiseducatius.xtec.cat\/badalona\/wp-json\/wp\/v2\/users\/15"}],"replies":[{"embeddable":true,"href":"https:\/\/serveiseducatius.xtec.cat\/badalona\/wp-json\/wp\/v2\/comments?post=12767"}],"version-history":[{"count":1,"href":"https:\/\/serveiseducatius.xtec.cat\/badalona\/wp-json\/wp\/v2\/posts\/12767\/revisions"}],"predecessor-version":[{"id":12769,"href":"https:\/\/serveiseducatius.xtec.cat\/badalona\/wp-json\/wp\/v2\/posts\/12767\/revisions\/12769"}],"wp:featuredmedia":[{"embeddable":true,"href":"https:\/\/serveiseducatius.xtec.cat\/badalona\/wp-json\/wp\/v2\/media\/12768"}],"wp:attachment":[{"href":"https:\/\/serveiseducatius.xtec.cat\/badalona\/wp-json\/wp\/v2\/media?parent=12767"}],"wp:term":[{"taxonomy":"category","embeddable":true,"href":"https:\/\/serveiseducatius.xtec.cat\/badalona\/wp-json\/wp\/v2\/categories?post=12767"},{"taxonomy":"post_tag","embeddable":true,"href":"https:\/\/serveiseducatius.xtec.cat\/badalona\/wp-json\/wp\/v2\/tags?post=12767"}],"curies":[{"name":"wp","href":"https:\/\/api.w.org\/{rel}","templated":true}]}}