{"id":12659,"date":"2019-11-21T17:01:22","date_gmt":"2019-11-21T16:01:22","guid":{"rendered":"http:\/\/serveiseducatius.xtec.cat\/badalona\/?p=12659"},"modified":"2019-11-22T15:18:37","modified_gmt":"2019-11-22T14:18:37","slug":"la-jugatecambiental-tanca-el-cicle-de-tardor-aquest-diumenge-24-de-novembre","status":"publish","type":"post","link":"https:\/\/serveiseducatius.xtec.cat\/badalona\/portada\/la-jugatecambiental-tanca-el-cicle-de-tardor-aquest-diumenge-24-de-novembre\/","title":{"rendered":"La Jugatecambiental tanca el cicle de tardor aquest diumenge, 24 de novembre"},"content":{"rendered":"<p><img loading=\"lazy\" decoding=\"async\" class=\"size-full wp-image-12660 alignleft\" src=\"https:\/\/serveiseducatius.xtec.cat\/badalona\/wp-content\/uploads\/usu1088\/2019\/11\/unnamed-e1574351995680.jpg\" alt=\"\" width=\"300\" height=\"225\" \/><\/p>\n<p>El proper diumenge, <strong>24 de novembre<\/strong>, es tanca el cicle de tardor de la Jugatecambiental del parc del Torrent de la Font i del Tur\u00f3 de l\u2019Enric, amb l\u2019activitat \u201cManualitat d\u2019hivern\u201d. Una activitat, entre de les 11.30 i les 13.30 hores, que est\u00e0 dirigida al p\u00fablic familiar on els participants faran manualitats amb materials reciclats. <!--more--><\/p>\n<p>A m\u00e9s, a l\u2019espai de joc i descoberta de la Jugatecambiental, hi haur\u00e0 moltes activitats on, els m\u00e9s petits, hi podran fer un munt d\u2019activitats l\u00fadiques i creatives. Tamb\u00e9 diumenge, en horari d&#8217;11.30 a les 14.00 hores, al parc de Can Solei i de Ca l\u2019Arn\u00fas i dins de la Jugatecambiental, tindran lloc nombroses activitats a l\u2019Espai d\u2019art i joc on, el p\u00fablic familiar i especialment els m\u00e9s petits, hi trobaran llocs on pintar, construir i jugar en contacte amb la natura. Per a m\u00e9s informaci\u00f3, podeu trucar a l\u2019\u00c0rea de Medi Ambient i Sostenibilitat de l\u2019Ajuntament de Badalona al tel\u00e8fon 93 483 29 89, enviar un correu electr\u00f2nic a <a href=\"mailto:mediambient@badalona.cat\">mediambient@badalona.cat<\/a>\u00a0o b\u00e9 clicar <a href=\"http:\/\/ajuntament.badalona.cat\/noticies\/lactivitat-manualitat-dhivern-tanca-diumenge-24-de-novembre-el-cicle-de-tardor-de-la-jugatecambiental-del-parc-del-torrent-de-la-font-i-del-turo-de-lenric\/\" target=\"_blank\" rel=\"noopener noreferrer\"><strong>AQU\u00cd<\/strong><\/a>.<\/p>\n","protected":false},"excerpt":{"rendered":"<p>El proper diumenge, 24 de novembre, es tanca el cicle de tardor de la Jugatecambiental del parc del Torrent de [&hellip;]<\/p>\n","protected":false},"author":1,"featured_media":12661,"comment_status":"closed","ping_status":"closed","sticky":false,"template":"","format":"standard","meta":{"_bbp_topic_count":0,"_bbp_reply_count":0,"_bbp_total_topic_count":0,"_bbp_total_reply_count":0,"_bbp_voice_count":0,"_bbp_anonymous_reply_count":0,"_bbp_topic_count_hidden":0,"_bbp_reply_count_hidden":0,"_bbp_forum_subforum_count":0,"site-sidebar-layout":"default","site-content-layout":"","ast-site-content-layout":"","site-content-style":"default","site-sidebar-style":"default","ast-global-header-display":"","ast-banner-title-visibility":"","ast-main-header-display":"","ast-hfb-above-header-display":"","ast-hfb-below-header-display":"","ast-hfb-mobile-header-display":"","site-post-title":"","ast-breadcrumbs-content":"","ast-featured-img":"","footer-sml-layout":"","theme-transparent-header-meta":"","adv-header-id-meta":"","stick-header-meta":"","header-above-stick-meta":"","header-main-stick-meta":"","header-below-stick-meta":"","astra-migrate-meta-layouts":"default","ast-page-background-enabled":"default","ast-page-background-meta":{"desktop":{"background-color":"var(--ast-global-color-4)","background-image":"","background-repeat":"repeat","background-position":"center center","background-size":"auto","background-attachment":"scroll","background-type":"","background-media":"","overlay-type":"","overlay-color":"","overlay-opacity":"","overlay-gradient":""},"tablet":{"background-color":"","background-image":"","background-repeat":"repeat","background-position":"center center","background-size":"auto","background-attachment":"scroll","background-type":"","background-media":"","overlay-type":"","overlay-color":"","overlay-opacity":"","overlay-gradient":""},"mobile":{"background-color":"","background-image":"","background-repeat":"repeat","background-position":"center center","background-size":"auto","background-attachment":"scroll","background-type":"","background-media":"","overlay-type":"","overlay-color":"","overlay-opacity":"","overlay-gradient":""}},"ast-content-background-meta":{"desktop":{"background-color":"var(--ast-global-color-5)","background-image":"","background-repeat":"repeat","background-position":"center center","background-size":"auto","background-attachment":"scroll","background-type":"","background-media":"","overlay-type":"","overlay-color":"","overlay-opacity":"","overlay-gradient":""},"tablet":{"background-color":"var(--ast-global-color-5)","background-image":"","background-repeat":"repeat","background-position":"center center","background-size":"auto","background-attachment":"scroll","background-type":"","background-media":"","overlay-type":"","overlay-color":"","overlay-opacity":"","overlay-gradient":""},"mobile":{"background-color":"var(--ast-global-color-5)","background-image":"","background-repeat":"repeat","background-position":"center center","background-size":"auto","background-attachment":"scroll","background-type":"","background-media":"","overlay-type":"","overlay-color":"","overlay-opacity":"","overlay-gradient":""}},"footnotes":""},"categories":[64,29],"tags":[772],"class_list":["post-12659","post","type-post","status-publish","format-standard","has-post-thumbnail","hentry","category-comunitat","category-portada","tag-jugatecambiental"],"post_mailing_queue_ids":[],"_links":{"self":[{"href":"https:\/\/serveiseducatius.xtec.cat\/badalona\/wp-json\/wp\/v2\/posts\/12659","targetHints":{"allow":["GET"]}}],"collection":[{"href":"https:\/\/serveiseducatius.xtec.cat\/badalona\/wp-json\/wp\/v2\/posts"}],"about":[{"href":"https:\/\/serveiseducatius.xtec.cat\/badalona\/wp-json\/wp\/v2\/types\/post"}],"author":[{"embeddable":true,"href":"https:\/\/serveiseducatius.xtec.cat\/badalona\/wp-json\/wp\/v2\/users\/1"}],"replies":[{"embeddable":true,"href":"https:\/\/serveiseducatius.xtec.cat\/badalona\/wp-json\/wp\/v2\/comments?post=12659"}],"version-history":[{"count":2,"href":"https:\/\/serveiseducatius.xtec.cat\/badalona\/wp-json\/wp\/v2\/posts\/12659\/revisions"}],"predecessor-version":[{"id":12670,"href":"https:\/\/serveiseducatius.xtec.cat\/badalona\/wp-json\/wp\/v2\/posts\/12659\/revisions\/12670"}],"wp:featuredmedia":[{"embeddable":true,"href":"https:\/\/serveiseducatius.xtec.cat\/badalona\/wp-json\/wp\/v2\/media\/12661"}],"wp:attachment":[{"href":"https:\/\/serveiseducatius.xtec.cat\/badalona\/wp-json\/wp\/v2\/media?parent=12659"}],"wp:term":[{"taxonomy":"category","embeddable":true,"href":"https:\/\/serveiseducatius.xtec.cat\/badalona\/wp-json\/wp\/v2\/categories?post=12659"},{"taxonomy":"post_tag","embeddable":true,"href":"https:\/\/serveiseducatius.xtec.cat\/badalona\/wp-json\/wp\/v2\/tags?post=12659"}],"curies":[{"name":"wp","href":"https:\/\/api.w.org\/{rel}","templated":true}]}}