{"id":12476,"date":"2019-10-29T16:32:36","date_gmt":"2019-10-29T15:32:36","guid":{"rendered":"http:\/\/serveiseducatius.xtec.cat\/badalona\/?p=12476"},"modified":"2019-11-01T17:58:50","modified_gmt":"2019-11-01T16:58:50","slug":"dialegs-entre-literatura-i-ciencia-la-mesura-i-la-representacio-del-mon-713-i-20-de-novembre","status":"publish","type":"post","link":"https:\/\/serveiseducatius.xtec.cat\/badalona\/portada\/dialegs-entre-literatura-i-ciencia-la-mesura-i-la-representacio-del-mon-713-i-20-de-novembre\/","title":{"rendered":"Di\u00e0legs entre literatura i ci\u00e8ncia: la mesura i la representaci\u00f3 del m\u00f3n"},"content":{"rendered":"<p style=\"font-weight: 400;\"><a href=\"http:\/\/www.culturaydeporte.gob.es\/dam\/jcr:9dca6e87-4ba3-4eb4-b9be-fcf0b1ccd91a\/ecumene-dialogo-cat.pdf\" target=\"_blank\" rel=\"noopener noreferrer\"><img loading=\"lazy\" decoding=\"async\" class=\"size-full wp-image-12477 alignleft\" src=\"https:\/\/serveiseducatius.xtec.cat\/badalona\/wp-content\/uploads\/usu1088\/2019\/10\/Di\u00e0leg-literatura-i-ci\u00e8ncia-e1572354453509.png\" alt=\"\" width=\"300\" height=\"254\" \/><\/a><\/p>\n<p style=\"font-weight: 400;\">L\u2019\u00e0rea de Foment de la Delegaci\u00f3 del Govern organitza, amb col\u00b7laboraci\u00f3 de l\u2019Arxiu de la Corona d\u2019Arag\u00f3, el <a href=\"http:\/\/www.culturaydeporte.gob.es\/dam\/jcr:9dca6e87-4ba3-4eb4-b9be-fcf0b1ccd91a\/ecumene-dialogo-cat.pdf\" data-saferedirecturl=\"https:\/\/www.google.com\/url?q=http:\/\/www.culturaydeporte.gob.es\/dam\/jcr:9dca6e87-4ba3-4eb4-b9be-fcf0b1ccd91a\/ecumene-dialogo-cat.pdf&amp;source=gmail&amp;ust=1572435726277000&amp;usg=AFQjCNERfX_zzXdz90cE4BlKCoFyY21VXw\"><em>1r Cicle de di\u00e0legs entre literatura i ci\u00e8ncia<\/em>, amb el subt\u00edtol\u00a0<em>La mesura i la representaci<\/em><\/a><a style=\"font-family: inherit; font-size: 1em;\" href=\"http:\/\/www.culturaydeporte.gob.es\/dam\/jcr:9dca6e87-4ba3-4eb4-b9be-fcf0b1ccd91a\/ecumene-dialogo-cat.pdf\" data-saferedirecturl=\"https:\/\/www.google.com\/url?q=http:\/\/www.culturaydeporte.gob.es\/dam\/jcr:9dca6e87-4ba3-4eb4-b9be-fcf0b1ccd91a\/ecumene-dialogo-cat.pdf&amp;source=gmail&amp;ust=1572435726277000&amp;usg=AFQjCNERfX_zzXdz90cE4BlKCoFyY21VXw\"><em>\u00f3 del m\u00f3n<\/em><\/a><span style=\"font-family: inherit; font-size: 1em;\">, que tindr\u00e0 lloc al Palau del Lloctinent, seu de l\u2019Arxiu de la Corona d\u2019Arag\u00f3<\/span><em style=\"font-family: inherit; font-size: 1em;\">.\u00a0<\/em><span style=\"font-family: inherit; font-size: 1em;\">L\u2019entrada \u00e9s lliure amb inscripci\u00f3 pr\u00e8via:\u00a0<\/span><a style=\"font-family: inherit; font-size: 1em;\" href=\"mailto:direcci%C3%B3n_aff.barcelona@correo.gob.es\">direcci\u00f3n_aff.barcelona@correo.gob.es<\/a><span style=\"font-family: inherit; font-size: 1em;\">\u00a0<\/span><\/p>\n<p style=\"font-weight: 400;\">Aquest primer cicle de di\u00e0legs entre literatura i ci\u00e8ncia es desenvolupar\u00e0 paral\u00b7lelament i complement\u00e0ria a l\u2019exposici\u00f3\u00a0<a href=\"http:\/\/www.culturaydeporte.gob.es\/archivos-aca\/ca\/destacados\/expo-ecumene.html\" data-saferedirecturl=\"https:\/\/www.google.com\/url?q=http:\/\/www.culturaydeporte.gob.es\/archivos-aca\/ca\/destacados\/expo-ecumene.html&amp;source=gmail&amp;ust=1572435726277000&amp;usg=AFQjCNErPs8SPd6ie2zCDNcM3hfr_AEyCg\"><em>Ecumene, l\u2019evoluci\u00f3 de la imatge del m\u00f3n<\/em><\/a><em>,\u00a0<\/em>produ\u00efda per l\u2019Instituto Geogr\u00e1fico Nacional, que tindr\u00e0 lloc a la mateixa seu.<\/p>\n<p style=\"font-weight: 400;\">L&#8217;exposici\u00f3, que s\u2019inaugurar\u00e0 oficialment el 18 de novembre propvinent (per\u00f2 oberta durant el cicle i dies abans), mostra una selecci\u00f3 cronol\u00f2gica de documents que il\u00b7lustra els canvis que, al llarg de m\u00e9s de 2.500 anys, ha tingut la imatge del m\u00f3n a trav\u00e9s dels mapes.<\/p>\n<p style=\"font-weight: 400;\">El cicle de confer\u00e8ncies s\u2019assenta aix\u00ed sobre la base de l\u2019activitat professional dels cart\u00f2grafs per establir un di\u00e0leg interdisciplinari entre literatura t\u00e8cnica i cient\u00edfica i literatura de ficci\u00f3 que permeti l\u2019exploraci\u00f3 del coneixement per mitj\u00e0 de perspectives diferents.<\/p>\n<p style=\"font-weight: 400;\">El cicle est\u00e0 dedicat a la mesura i la representaci\u00f3 del m\u00f3n, mitjan\u00e7ant una hist\u00f2ria del coneixement que ha estat protagonitzada per cient\u00edfics amb \u00e0nima d\u2019aventurers i literats que han fet viure la ci\u00e8ncia. S\u2019hi barregen les coordenades geogr\u00e0fiques amb mites fant\u00e0stics\u00a0\u00a0on els mapes revelen tant hist\u00f2ries certes com inversemblants.<\/p>\n","protected":false},"excerpt":{"rendered":"<p>L\u2019\u00e0rea de Foment de la Delegaci\u00f3 del Govern organitza, amb col\u00b7laboraci\u00f3 de l\u2019Arxiu de la Corona d\u2019Arag\u00f3, el 1r Cicle [&hellip;]<\/p>\n","protected":false},"author":15,"featured_media":12477,"comment_status":"closed","ping_status":"closed","sticky":false,"template":"","format":"standard","meta":{"_bbp_topic_count":0,"_bbp_reply_count":0,"_bbp_total_topic_count":0,"_bbp_total_reply_count":0,"_bbp_voice_count":0,"_bbp_anonymous_reply_count":0,"_bbp_topic_count_hidden":0,"_bbp_reply_count_hidden":0,"_bbp_forum_subforum_count":0,"site-sidebar-layout":"default","site-content-layout":"","ast-site-content-layout":"","site-content-style":"default","site-sidebar-style":"default","ast-global-header-display":"","ast-banner-title-visibility":"","ast-main-header-display":"","ast-hfb-above-header-display":"","ast-hfb-below-header-display":"","ast-hfb-mobile-header-display":"","site-post-title":"","ast-breadcrumbs-content":"","ast-featured-img":"","footer-sml-layout":"","theme-transparent-header-meta":"","adv-header-id-meta":"","stick-header-meta":"","header-above-stick-meta":"","header-main-stick-meta":"","header-below-stick-meta":"","astra-migrate-meta-layouts":"default","ast-page-background-enabled":"default","ast-page-background-meta":{"desktop":{"background-color":"var(--ast-global-color-4)","background-image":"","background-repeat":"repeat","background-position":"center center","background-size":"auto","background-attachment":"scroll","background-type":"","background-media":"","overlay-type":"","overlay-color":"","overlay-opacity":"","overlay-gradient":""},"tablet":{"background-color":"","background-image":"","background-repeat":"repeat","background-position":"center center","background-size":"auto","background-attachment":"scroll","background-type":"","background-media":"","overlay-type":"","overlay-color":"","overlay-opacity":"","overlay-gradient":""},"mobile":{"background-color":"","background-image":"","background-repeat":"repeat","background-position":"center center","background-size":"auto","background-attachment":"scroll","background-type":"","background-media":"","overlay-type":"","overlay-color":"","overlay-opacity":"","overlay-gradient":""}},"ast-content-background-meta":{"desktop":{"background-color":"var(--ast-global-color-5)","background-image":"","background-repeat":"repeat","background-position":"center center","background-size":"auto","background-attachment":"scroll","background-type":"","background-media":"","overlay-type":"","overlay-color":"","overlay-opacity":"","overlay-gradient":""},"tablet":{"background-color":"var(--ast-global-color-5)","background-image":"","background-repeat":"repeat","background-position":"center center","background-size":"auto","background-attachment":"scroll","background-type":"","background-media":"","overlay-type":"","overlay-color":"","overlay-opacity":"","overlay-gradient":""},"mobile":{"background-color":"var(--ast-global-color-5)","background-image":"","background-repeat":"repeat","background-position":"center center","background-size":"auto","background-attachment":"scroll","background-type":"","background-media":"","overlay-type":"","overlay-color":"","overlay-opacity":"","overlay-gradient":""}},"footnotes":""},"categories":[29],"tags":[665],"class_list":["post-12476","post","type-post","status-publish","format-standard","has-post-thumbnail","hentry","category-portada","tag-literatura"],"post_mailing_queue_ids":[],"_links":{"self":[{"href":"https:\/\/serveiseducatius.xtec.cat\/badalona\/wp-json\/wp\/v2\/posts\/12476","targetHints":{"allow":["GET"]}}],"collection":[{"href":"https:\/\/serveiseducatius.xtec.cat\/badalona\/wp-json\/wp\/v2\/posts"}],"about":[{"href":"https:\/\/serveiseducatius.xtec.cat\/badalona\/wp-json\/wp\/v2\/types\/post"}],"author":[{"embeddable":true,"href":"https:\/\/serveiseducatius.xtec.cat\/badalona\/wp-json\/wp\/v2\/users\/15"}],"replies":[{"embeddable":true,"href":"https:\/\/serveiseducatius.xtec.cat\/badalona\/wp-json\/wp\/v2\/comments?post=12476"}],"version-history":[{"count":3,"href":"https:\/\/serveiseducatius.xtec.cat\/badalona\/wp-json\/wp\/v2\/posts\/12476\/revisions"}],"predecessor-version":[{"id":12495,"href":"https:\/\/serveiseducatius.xtec.cat\/badalona\/wp-json\/wp\/v2\/posts\/12476\/revisions\/12495"}],"wp:featuredmedia":[{"embeddable":true,"href":"https:\/\/serveiseducatius.xtec.cat\/badalona\/wp-json\/wp\/v2\/media\/12477"}],"wp:attachment":[{"href":"https:\/\/serveiseducatius.xtec.cat\/badalona\/wp-json\/wp\/v2\/media?parent=12476"}],"wp:term":[{"taxonomy":"category","embeddable":true,"href":"https:\/\/serveiseducatius.xtec.cat\/badalona\/wp-json\/wp\/v2\/categories?post=12476"},{"taxonomy":"post_tag","embeddable":true,"href":"https:\/\/serveiseducatius.xtec.cat\/badalona\/wp-json\/wp\/v2\/tags?post=12476"}],"curies":[{"name":"wp","href":"https:\/\/api.w.org\/{rel}","templated":true}]}}