{"id":12433,"date":"2019-10-25T11:24:07","date_gmt":"2019-10-25T09:24:07","guid":{"rendered":"http:\/\/serveiseducatius.xtec.cat\/badalona\/?p=12433"},"modified":"2019-10-25T11:25:10","modified_gmt":"2019-10-25T09:25:10","slug":"necessitem-la-vostra-ajuda-propostes-de-formadors-de-matematiques-0-8-infantil-i-cicle-inicial","status":"publish","type":"post","link":"https:\/\/serveiseducatius.xtec.cat\/badalona\/missatgeria\/necessitem-la-vostra-ajuda-propostes-de-formadors-de-matematiques-0-8-infantil-i-cicle-inicial\/","title":{"rendered":"NECESSITEM LA VOSTRA AJUDA! Propostes de formadors de matem\u00e0tiques 0-8 (infantil i cicle inicial)"},"content":{"rendered":"<p><img loading=\"lazy\" decoding=\"async\" class=\" wp-image-12434 alignleft\" src=\"https:\/\/serveiseducatius.xtec.cat\/badalona\/wp-content\/uploads\/usu1088\/2019\/10\/baixa.jpg\" alt=\"\" width=\"262\" height=\"196\" srcset=\"https:\/\/serveiseducatius.xtec.cat\/badalona\/wp-content\/uploads\/usu1088\/2019\/10\/baixa.jpg 259w, https:\/\/serveiseducatius.xtec.cat\/badalona\/wp-content\/uploads\/usu1088\/2019\/10\/baixa-200x150.jpg 200w\" sizes=\"auto, (max-width: 262px) 100vw, 262px\" \/>Benvolguts, benvolgudes<\/p>\n<div>Ens han proposat des de ST d&#8217;acollir de cara al segon semestre la formaci\u00f3\u00a0<\/div>\n<div>\u00a0<\/div>\n<div>\n<table border=\"0\" width=\"650\">\n<tbody>\n<tr>\n<td colspan=\"\" valign=\"top\">\u00a0<\/td>\n<td colspan=\"4\" valign=\"top\"><span style=\"font-size: large;\">Ara matem\u00e0tiques. Saber-ne m\u00e9s per ensenyar-les millor (M\u00f2dul 5).\u00a0 Matem\u00e0tiques 0-8\u00a0<\/span><\/td>\n<\/tr>\n<\/tbody>\n<\/table>\n<\/div>\n<div>i ens demanen tamb\u00e9 si hi ha docents de Badalona interessats en impartir la formaci\u00f3 (no anireu &#8220;a cegues&#8221;, hi haur\u00e0 dues sessions presencials de formaci\u00f3 dels formadors els propers 6 i 20 de novembre).<\/div>\n<div>\u00a0<\/div>\n<div>Si hi ha algun docent interessat en fer de formador, si us plau poseu-vos en contacte amb el CRP <span style=\"color: #800000;\">el m\u00e9s aviat possible<\/span>.\u00a0<\/div>\n<div>\u00a0<\/div>\n<div>Es necessiten tant mestres d&#8217;educaci\u00f3 infantil com d&#8217;educaci\u00f3 prim\u00e0ria.<\/div>\n<div>\u00a0<\/div>\n<div>Cordialment,<\/div>\n<div>\u00a0<\/div>\n<div>Equip CRP Badalona<\/div>\n<div>\n<div>\u00a0<\/div>\n<\/div>\n","protected":false},"excerpt":{"rendered":"<p>Benvolguts, benvolgudes Ens han proposat des de ST d&#8217;acollir de cara al segon semestre la formaci\u00f3\u00a0 \u00a0 \u00a0 Ara matem\u00e0tiques. [&hellip;]<\/p>\n","protected":false},"author":1,"featured_media":12434,"comment_status":"closed","ping_status":"closed","sticky":false,"template":"","format":"standard","meta":{"_bbp_topic_count":0,"_bbp_reply_count":0,"_bbp_total_topic_count":0,"_bbp_total_reply_count":0,"_bbp_voice_count":0,"_bbp_anonymous_reply_count":0,"_bbp_topic_count_hidden":0,"_bbp_reply_count_hidden":0,"_bbp_forum_subforum_count":0,"site-sidebar-layout":"default","site-content-layout":"","ast-site-content-layout":"","site-content-style":"default","site-sidebar-style":"default","ast-global-header-display":"","ast-banner-title-visibility":"","ast-main-header-display":"","ast-hfb-above-header-display":"","ast-hfb-below-header-display":"","ast-hfb-mobile-header-display":"","site-post-title":"","ast-breadcrumbs-content":"","ast-featured-img":"","footer-sml-layout":"","theme-transparent-header-meta":"","adv-header-id-meta":"","stick-header-meta":"","header-above-stick-meta":"","header-main-stick-meta":"","header-below-stick-meta":"","astra-migrate-meta-layouts":"default","ast-page-background-enabled":"default","ast-page-background-meta":{"desktop":{"background-color":"var(--ast-global-color-4)","background-image":"","background-repeat":"repeat","background-position":"center center","background-size":"auto","background-attachment":"scroll","background-type":"","background-media":"","overlay-type":"","overlay-color":"","overlay-opacity":"","overlay-gradient":""},"tablet":{"background-color":"","background-image":"","background-repeat":"repeat","background-position":"center center","background-size":"auto","background-attachment":"scroll","background-type":"","background-media":"","overlay-type":"","overlay-color":"","overlay-opacity":"","overlay-gradient":""},"mobile":{"background-color":"","background-image":"","background-repeat":"repeat","background-position":"center center","background-size":"auto","background-attachment":"scroll","background-type":"","background-media":"","overlay-type":"","overlay-color":"","overlay-opacity":"","overlay-gradient":""}},"ast-content-background-meta":{"desktop":{"background-color":"var(--ast-global-color-5)","background-image":"","background-repeat":"repeat","background-position":"center center","background-size":"auto","background-attachment":"scroll","background-type":"","background-media":"","overlay-type":"","overlay-color":"","overlay-opacity":"","overlay-gradient":""},"tablet":{"background-color":"var(--ast-global-color-5)","background-image":"","background-repeat":"repeat","background-position":"center center","background-size":"auto","background-attachment":"scroll","background-type":"","background-media":"","overlay-type":"","overlay-color":"","overlay-opacity":"","overlay-gradient":""},"mobile":{"background-color":"var(--ast-global-color-5)","background-image":"","background-repeat":"repeat","background-position":"center center","background-size":"auto","background-attachment":"scroll","background-type":"","background-media":"","overlay-type":"","overlay-color":"","overlay-opacity":"","overlay-gradient":""}},"footnotes":""},"categories":[872],"tags":[],"class_list":["post-12433","post","type-post","status-publish","format-standard","has-post-thumbnail","hentry","category-missatgeria"],"post_mailing_queue_ids":[],"_links":{"self":[{"href":"https:\/\/serveiseducatius.xtec.cat\/badalona\/wp-json\/wp\/v2\/posts\/12433","targetHints":{"allow":["GET"]}}],"collection":[{"href":"https:\/\/serveiseducatius.xtec.cat\/badalona\/wp-json\/wp\/v2\/posts"}],"about":[{"href":"https:\/\/serveiseducatius.xtec.cat\/badalona\/wp-json\/wp\/v2\/types\/post"}],"author":[{"embeddable":true,"href":"https:\/\/serveiseducatius.xtec.cat\/badalona\/wp-json\/wp\/v2\/users\/1"}],"replies":[{"embeddable":true,"href":"https:\/\/serveiseducatius.xtec.cat\/badalona\/wp-json\/wp\/v2\/comments?post=12433"}],"version-history":[{"count":2,"href":"https:\/\/serveiseducatius.xtec.cat\/badalona\/wp-json\/wp\/v2\/posts\/12433\/revisions"}],"predecessor-version":[{"id":12437,"href":"https:\/\/serveiseducatius.xtec.cat\/badalona\/wp-json\/wp\/v2\/posts\/12433\/revisions\/12437"}],"wp:featuredmedia":[{"embeddable":true,"href":"https:\/\/serveiseducatius.xtec.cat\/badalona\/wp-json\/wp\/v2\/media\/12434"}],"wp:attachment":[{"href":"https:\/\/serveiseducatius.xtec.cat\/badalona\/wp-json\/wp\/v2\/media?parent=12433"}],"wp:term":[{"taxonomy":"category","embeddable":true,"href":"https:\/\/serveiseducatius.xtec.cat\/badalona\/wp-json\/wp\/v2\/categories?post=12433"},{"taxonomy":"post_tag","embeddable":true,"href":"https:\/\/serveiseducatius.xtec.cat\/badalona\/wp-json\/wp\/v2\/tags?post=12433"}],"curies":[{"name":"wp","href":"https:\/\/api.w.org\/{rel}","templated":true}]}}