{"id":12343,"date":"2019-10-09T11:55:39","date_gmt":"2019-10-09T09:55:39","guid":{"rendered":"http:\/\/serveiseducatius.xtec.cat\/badalona\/?p=12343"},"modified":"2019-10-09T12:00:16","modified_gmt":"2019-10-09T10:00:16","slug":"setmana-europea-de-prevencio-de-residus","status":"publish","type":"post","link":"https:\/\/serveiseducatius.xtec.cat\/badalona\/portada\/setmana-europea-de-prevencio-de-residus\/","title":{"rendered":"Setmana Europea de prevenci\u00f3 de residus"},"content":{"rendered":"<p><a href=\"http:\/\/residus.gencat.cat\/ca\/ambits_dactuacio\/prevencio\/setmana_europea\/\" target=\"_blank\" rel=\"noopener noreferrer\"><img loading=\"lazy\" decoding=\"async\" class=\"alignnone size-full wp-image-12344\" src=\"https:\/\/serveiseducatius.xtec.cat\/badalona\/wp-content\/uploads\/usu1088\/2019\/10\/banner_ewwr2019.jpg\" alt=\"\" width=\"750\" height=\"146\" \/><\/a><\/p>\n<p>Enguany es celebra la XI edici\u00f3 de la <span style=\"font-size: 12pt;\"><strong><a href=\"http:\/\/residus.gencat.cat\/ca\/ambits_dactuacio\/prevencio\/setmana_europea\/\" target=\"_blank\" rel=\"noopener noreferrer\">Setmana Europea de prevenci\u00f3 de residus<\/a>,<\/strong>\u00a0<\/span>del 16 al 24 de novembre de 2019. El tema central de l\u2019edici\u00f3 d\u2019aquest any \u00e9s l\u2019educaci\u00f3 i la comunicaci\u00f3 en prevenci\u00f3 de residus. Adjuntem un document per explicar a les escoles qu\u00e8 \u00e9s, per qu\u00e8 inscriure\u2019s i com participar a la setmana, aix\u00ed com una fitxa del <strong>Bosc de la vida<\/strong>, una activitat que pot interessar a les escoles.<\/p>\n<p>Les inscripcions estan obertes fins al 4 de novembre. Tota la informaci\u00f3 \u00e9s a la p\u00e0gina web: <a href=\"residus.gencat.cat\/setmanaprevencio\" target=\"_blank\" rel=\"noopener noreferrer\">residus.gencat.cat\/setmanaprevencio<\/a>.<\/p>\n<p>Poden registrar una acci\u00f3 a trav\u00e9s del <a href=\"http:\/\/sdr.arc.cat\/prevencio\/GetLoginPrevencio.do#_ga=2.5340851.1011703685.1569838734-1105507475.1568621281\" target=\"_blank\" rel=\"noopener noreferrer\">formulari en l\u00ednia<\/a>. Tamb\u00e9 es poden consultar noves propostes al <a href=\"http:\/\/residus.gencat.cat\/ca\/ambits_dactuacio\/prevencio\/setmana_europea\/cataleg_accions_de_prevencio\/\">cat\u00e0leg d\u2019accions de prevenci\u00f3<\/a>.<\/p>\n<p>Aix\u00ed mateix us informem que podeu comptar amb <a href=\"http:\/\/residus.gencat.cat\/ca\/ambits_dactuacio\/prevencio\/setmana_europea\/eines_de_comunicacio\/\" target=\"_blank\" rel=\"noopener noreferrer\">material comunicatiu (p\u00f2sters, infografies\u2026)<\/a> per donar a con\u00e8ixer la vostra acci\u00f3, aix\u00ed com l\u2019<a href=\"http:\/\/www.arc.cat\/agendaewwr#_ga=2.153891320.1115636394.1570614096-766638880.1530872064\" target=\"_blank\" rel=\"noopener noreferrer\">agenda d\u2019activitats<\/a> difosa en diversos canals a Catalunya i Europa.<\/p>\n<p>Als instituts informar-vos que es pot fer una actuaci\u00f3 a trav\u00e9s d\u2019un servei comunitari.<\/p>\n","protected":false},"excerpt":{"rendered":"<p>Enguany es celebra la XI edici\u00f3 de la Setmana Europea de prevenci\u00f3 de residus,\u00a0del 16 al 24 de novembre de [&hellip;]<\/p>\n","protected":false},"author":1,"featured_media":12344,"comment_status":"closed","ping_status":"closed","sticky":false,"template":"","format":"standard","meta":{"_bbp_topic_count":0,"_bbp_reply_count":0,"_bbp_total_topic_count":0,"_bbp_total_reply_count":0,"_bbp_voice_count":0,"_bbp_anonymous_reply_count":0,"_bbp_topic_count_hidden":0,"_bbp_reply_count_hidden":0,"_bbp_forum_subforum_count":0,"site-sidebar-layout":"default","site-content-layout":"","ast-site-content-layout":"","site-content-style":"default","site-sidebar-style":"default","ast-global-header-display":"","ast-banner-title-visibility":"","ast-main-header-display":"","ast-hfb-above-header-display":"","ast-hfb-below-header-display":"","ast-hfb-mobile-header-display":"","site-post-title":"","ast-breadcrumbs-content":"","ast-featured-img":"","footer-sml-layout":"","theme-transparent-header-meta":"","adv-header-id-meta":"","stick-header-meta":"","header-above-stick-meta":"","header-main-stick-meta":"","header-below-stick-meta":"","astra-migrate-meta-layouts":"default","ast-page-background-enabled":"default","ast-page-background-meta":{"desktop":{"background-color":"var(--ast-global-color-4)","background-image":"","background-repeat":"repeat","background-position":"center center","background-size":"auto","background-attachment":"scroll","background-type":"","background-media":"","overlay-type":"","overlay-color":"","overlay-opacity":"","overlay-gradient":""},"tablet":{"background-color":"","background-image":"","background-repeat":"repeat","background-position":"center center","background-size":"auto","background-attachment":"scroll","background-type":"","background-media":"","overlay-type":"","overlay-color":"","overlay-opacity":"","overlay-gradient":""},"mobile":{"background-color":"","background-image":"","background-repeat":"repeat","background-position":"center center","background-size":"auto","background-attachment":"scroll","background-type":"","background-media":"","overlay-type":"","overlay-color":"","overlay-opacity":"","overlay-gradient":""}},"ast-content-background-meta":{"desktop":{"background-color":"var(--ast-global-color-5)","background-image":"","background-repeat":"repeat","background-position":"center center","background-size":"auto","background-attachment":"scroll","background-type":"","background-media":"","overlay-type":"","overlay-color":"","overlay-opacity":"","overlay-gradient":""},"tablet":{"background-color":"var(--ast-global-color-5)","background-image":"","background-repeat":"repeat","background-position":"center center","background-size":"auto","background-attachment":"scroll","background-type":"","background-media":"","overlay-type":"","overlay-color":"","overlay-opacity":"","overlay-gradient":""},"mobile":{"background-color":"var(--ast-global-color-5)","background-image":"","background-repeat":"repeat","background-position":"center center","background-size":"auto","background-attachment":"scroll","background-type":"","background-media":"","overlay-type":"","overlay-color":"","overlay-opacity":"","overlay-gradient":""}},"footnotes":""},"categories":[64,872,29,77],"tags":[778],"class_list":["post-12343","post","type-post","status-publish","format-standard","has-post-thumbnail","hentry","category-comunitat","category-missatgeria","category-portada","category-servei-comunitari","tag-residus"],"post_mailing_queue_ids":[],"_links":{"self":[{"href":"https:\/\/serveiseducatius.xtec.cat\/badalona\/wp-json\/wp\/v2\/posts\/12343","targetHints":{"allow":["GET"]}}],"collection":[{"href":"https:\/\/serveiseducatius.xtec.cat\/badalona\/wp-json\/wp\/v2\/posts"}],"about":[{"href":"https:\/\/serveiseducatius.xtec.cat\/badalona\/wp-json\/wp\/v2\/types\/post"}],"author":[{"embeddable":true,"href":"https:\/\/serveiseducatius.xtec.cat\/badalona\/wp-json\/wp\/v2\/users\/1"}],"replies":[{"embeddable":true,"href":"https:\/\/serveiseducatius.xtec.cat\/badalona\/wp-json\/wp\/v2\/comments?post=12343"}],"version-history":[{"count":1,"href":"https:\/\/serveiseducatius.xtec.cat\/badalona\/wp-json\/wp\/v2\/posts\/12343\/revisions"}],"predecessor-version":[{"id":12345,"href":"https:\/\/serveiseducatius.xtec.cat\/badalona\/wp-json\/wp\/v2\/posts\/12343\/revisions\/12345"}],"wp:featuredmedia":[{"embeddable":true,"href":"https:\/\/serveiseducatius.xtec.cat\/badalona\/wp-json\/wp\/v2\/media\/12344"}],"wp:attachment":[{"href":"https:\/\/serveiseducatius.xtec.cat\/badalona\/wp-json\/wp\/v2\/media?parent=12343"}],"wp:term":[{"taxonomy":"category","embeddable":true,"href":"https:\/\/serveiseducatius.xtec.cat\/badalona\/wp-json\/wp\/v2\/categories?post=12343"},{"taxonomy":"post_tag","embeddable":true,"href":"https:\/\/serveiseducatius.xtec.cat\/badalona\/wp-json\/wp\/v2\/tags?post=12343"}],"curies":[{"name":"wp","href":"https:\/\/api.w.org\/{rel}","templated":true}]}}