{"id":12326,"date":"2019-10-07T07:00:52","date_gmt":"2019-10-07T05:00:52","guid":{"rendered":"http:\/\/serveiseducatius.xtec.cat\/badalona\/?p=12326"},"modified":"2019-10-11T09:53:16","modified_gmt":"2019-10-11T07:53:16","slug":"atencio-encara-queden-places-lliures-en-els-tallers-seguents","status":"publish","type":"post","link":"https:\/\/serveiseducatius.xtec.cat\/badalona\/portada\/atencio-encara-queden-places-lliures-en-els-tallers-seguents\/","title":{"rendered":"ATENCI\u00d3: Encara queden places lliures en els tallers seg\u00fcents&#8230;"},"content":{"rendered":"<h5><span style=\"color: #000000;\"><img loading=\"lazy\" decoding=\"async\" class=\"size-full wp-image-12323 alignright\" src=\"https:\/\/serveiseducatius.xtec.cat\/badalona\/wp-content\/uploads\/usu1088\/2019\/10\/ofertaformativa.png\" alt=\"\" width=\"299\" height=\"120\" \/>Un cop acabat el termini d&#8217;inscripci\u00f3 a les activitats formatives del Pla de Formaci\u00f3 de Zona, encara queden places lliures per a les seg\u00fcents activitats (tallers oberts):<\/span><\/h5>\n<div><span style=\"color: #000000;\">\u00a0<\/span><\/div>\n<div>\u00a0<\/div>\n<div>\u00a0<\/div>\n<div>\n<ul>\n<li><span style=\"font-family: helvetica, arial, sans-serif; font-size: 12pt;\"><b>Astronomia pr\u00e0ctica: el Sol i la Lluna:<\/b>\u00a0Del dimarts, 4 de febrer al 25 de febrer, de 17.30 a<b>\u00a0<\/b>19.30h<b>.\u00a0<a href=\"https:\/\/aplicacions.gestioeducativa.gencat.cat\/pls\/soloas\/pk_for_mod_ins.p_for_detall_activitat?p_header=Llista%20d%27activitats^pk_for_mod_ins.p_for_cons_activitats?p_poblacio=08015%26p_any=2019-2020%26p_totes=s%26p_inici=111%26p_excloure_crp_rec=F&amp;p_codi=2041221204&amp;p_curs=2019-2020&amp;p_excloure_crp_rec=F\">INSCRIPCI\u00d3<\/a>.\u00a0<\/b>Acostumem a pensar que l&#8217;astronomia \u00e9s un tema que es dona al principi d&#8217;algun curs. I\u00a0despr\u00e9s&#8230; ja est\u00e0! Ben al contrari, l&#8217;astronomia ho impregna tot. Amb aquest curs us volem ajudar a recuperar l&#8217;astronomia pr\u00e0ctica, base del coneixement hum\u00e0. D&#8217;una manera\u00a0sorprenentment f\u00e0cil, adquirireu una visi\u00f3 general que podreu utilitzar en multitud de\u00a0contextos (15 hores).<\/span><\/li>\n<\/ul>\n<ul>\n<li><span style=\"font-family: helvetica, arial, sans-serif; font-size: 12pt;\"><b>Metodologia AICLE-CLIL en llengua anglesa aplicada a les ci\u00e8ncies<\/b>: Del dilluns, 16 de desembre al 16 de mar\u00e7, de 17,30h a 19.30h (15 hores).\u00a0<b><a href=\"https:\/\/aplicacions.gestioeducativa.gencat.cat\/pls\/soloas\/pk_for_mod_ins.p_for_detall_activitat?p_header=Llista%20d%27activitats%5Epk_for_mod_ins.p_for_cons_activitats?p_poblacio=08015%26p_any=2019-2020%26p_totes=s%26p_inici=41%26p_excloure_crp_rec=F&amp;p_codi=2040411204&amp;p_curs=2019-2020&amp;p_excloure_crp_rec=F\" target=\"_blank\" rel=\"noopener noreferrer\" data-saferedirecturl=\"https:\/\/www.google.com\/url?q=https:\/\/aplicacions.gestioeducativa.gencat.cat\/pls\/soloas\/pk_for_mod_ins.p_for_detall_activitat?p_header%3DLlista%2520d%2527activitats%255Epk_for_mod_ins.p_for_cons_activitats?p_poblacio%3D08015%2526p_any%3D2019-2020%2526p_totes%3Ds%2526p_inici%3D41%2526p_excloure_crp_rec%3DF%26p_codi%3D2040411204%26p_curs%3D2019-2020%26p_excloure_crp_rec%3DF&amp;source=gmail&amp;ust=1570455599936000&amp;usg=AFQjCNEANYP9ufEjo9yuV5Nb-t-KBuvQDA\">INSCRIPCI\u00d3<\/a><\/b>.\u00a0During this course, participants will be introduced to the principles of CLIL (Content and Language Integrated Learning) and will analyse CLIL teaching techniques, including practical ways of integrating CLIL into a Science classroom. Teachers will also look at the 5 Cs of CLIL, scaffolding for learners, assessment, and teaching aids in CLIL. As Science teachers (or teachers to be) they will also be introduced to different and engaging ways of doing their classes and projects (15 hores).<\/span><\/li>\n<\/ul>\n<ul>\n<li><span style=\"font-family: helvetica, arial, sans-serif; font-size: 12pt;\"><b>Referents de Servei Comunitari als centres de secund\u00e0ria<\/b>:\u00a0Del dimarts, 29\/10\/2019 al 19\/5\/2020 de 16:30h a 18:30h .\u00a0<b><a href=\"https:\/\/aplicacions.gestioeducativa.gencat.cat\/pls\/soloas\/pk_for_mod_ins.p_for_detall_activitat?p_header=Llista%20d%27activitats^pk_for_mod_ins.p_for_cons_activitats?p_poblacio=08015%26p_any=2019-2020%26p_totes=s%26p_inici=61%26p_excloure_crp_rec=F&amp;p_codi=2040671204&amp;p_curs=2019-2020&amp;p_excloure_crp_rec=F\">INSCRIPCI\u00d3.<\/a>\u00a0<\/b>\u00a0Seminari de coordinaci\u00f3 per compartir les diferents visions dels col\u00b7lectius que participen en projectes de Servei Comunitari, per tal de promoure l&#8217;encaix entre els objectius del PEE i els del Servei Comunitari (15 hores)<\/span><\/li>\n<\/ul>\n<\/div>\n<div><span style=\"color: #000000; font-family: helvetica, arial, sans-serif; font-size: 12pt;\">\u00a0<\/span><\/div>\n<h5><span style=\"color: #000000; font-size: 12pt;\"><span style=\"font-family: helvetica, arial, sans-serif;\">Si teniu inter\u00e8s en inscriure-us en alguna d&#8217;elles, feu-ho clicant l&#8217;enlla\u00e7 corresponent o enviant un correu a\u00a0<a href=\"mailto:crp-badalona@xtec.cat\" target=\"_blank\" rel=\"noopener noreferrer\">crp-badalona@xtec.cat<\/a>\u00a0indi<\/span>cant el vostre nom i cognoms, NIF i activitat d&#8217;inter\u00e8s.<\/span><\/h5>\n","protected":false},"excerpt":{"rendered":"<p>Un cop acabat el termini d&#8217;inscripci\u00f3 a les activitats formatives del Pla de Formaci\u00f3 de Zona, encara queden places lliures [&hellip;]<\/p>\n","protected":false},"author":1,"featured_media":12323,"comment_status":"closed","ping_status":"closed","sticky":false,"template":"","format":"standard","meta":{"_bbp_topic_count":0,"_bbp_reply_count":0,"_bbp_total_topic_count":0,"_bbp_total_reply_count":0,"_bbp_voice_count":0,"_bbp_anonymous_reply_count":0,"_bbp_topic_count_hidden":0,"_bbp_reply_count_hidden":0,"_bbp_forum_subforum_count":0,"site-sidebar-layout":"default","site-content-layout":"","ast-site-content-layout":"","site-content-style":"default","site-sidebar-style":"default","ast-global-header-display":"","ast-banner-title-visibility":"","ast-main-header-display":"","ast-hfb-above-header-display":"","ast-hfb-below-header-display":"","ast-hfb-mobile-header-display":"","site-post-title":"","ast-breadcrumbs-content":"","ast-featured-img":"","footer-sml-layout":"","theme-transparent-header-meta":"","adv-header-id-meta":"","stick-header-meta":"","header-above-stick-meta":"","header-main-stick-meta":"","header-below-stick-meta":"","astra-migrate-meta-layouts":"default","ast-page-background-enabled":"default","ast-page-background-meta":{"desktop":{"background-color":"var(--ast-global-color-4)","background-image":"","background-repeat":"repeat","background-position":"center center","background-size":"auto","background-attachment":"scroll","background-type":"","background-media":"","overlay-type":"","overlay-color":"","overlay-opacity":"","overlay-gradient":""},"tablet":{"background-color":"","background-image":"","background-repeat":"repeat","background-position":"center center","background-size":"auto","background-attachment":"scroll","background-type":"","background-media":"","overlay-type":"","overlay-color":"","overlay-opacity":"","overlay-gradient":""},"mobile":{"background-color":"","background-image":"","background-repeat":"repeat","background-position":"center center","background-size":"auto","background-attachment":"scroll","background-type":"","background-media":"","overlay-type":"","overlay-color":"","overlay-opacity":"","overlay-gradient":""}},"ast-content-background-meta":{"desktop":{"background-color":"var(--ast-global-color-5)","background-image":"","background-repeat":"repeat","background-position":"center center","background-size":"auto","background-attachment":"scroll","background-type":"","background-media":"","overlay-type":"","overlay-color":"","overlay-opacity":"","overlay-gradient":""},"tablet":{"background-color":"var(--ast-global-color-5)","background-image":"","background-repeat":"repeat","background-position":"center center","background-size":"auto","background-attachment":"scroll","background-type":"","background-media":"","overlay-type":"","overlay-color":"","overlay-opacity":"","overlay-gradient":""},"mobile":{"background-color":"var(--ast-global-color-5)","background-image":"","background-repeat":"repeat","background-position":"center center","background-size":"auto","background-attachment":"scroll","background-type":"","background-media":"","overlay-type":"","overlay-color":"","overlay-opacity":"","overlay-gradient":""}},"footnotes":""},"categories":[165,872,29],"tags":[166],"class_list":["post-12326","post","type-post","status-publish","format-standard","has-post-thumbnail","hentry","category-formacio","category-missatgeria","category-portada","tag-formacio"],"post_mailing_queue_ids":[],"_links":{"self":[{"href":"https:\/\/serveiseducatius.xtec.cat\/badalona\/wp-json\/wp\/v2\/posts\/12326","targetHints":{"allow":["GET"]}}],"collection":[{"href":"https:\/\/serveiseducatius.xtec.cat\/badalona\/wp-json\/wp\/v2\/posts"}],"about":[{"href":"https:\/\/serveiseducatius.xtec.cat\/badalona\/wp-json\/wp\/v2\/types\/post"}],"author":[{"embeddable":true,"href":"https:\/\/serveiseducatius.xtec.cat\/badalona\/wp-json\/wp\/v2\/users\/1"}],"replies":[{"embeddable":true,"href":"https:\/\/serveiseducatius.xtec.cat\/badalona\/wp-json\/wp\/v2\/comments?post=12326"}],"version-history":[{"count":2,"href":"https:\/\/serveiseducatius.xtec.cat\/badalona\/wp-json\/wp\/v2\/posts\/12326\/revisions"}],"predecessor-version":[{"id":12354,"href":"https:\/\/serveiseducatius.xtec.cat\/badalona\/wp-json\/wp\/v2\/posts\/12326\/revisions\/12354"}],"wp:featuredmedia":[{"embeddable":true,"href":"https:\/\/serveiseducatius.xtec.cat\/badalona\/wp-json\/wp\/v2\/media\/12323"}],"wp:attachment":[{"href":"https:\/\/serveiseducatius.xtec.cat\/badalona\/wp-json\/wp\/v2\/media?parent=12326"}],"wp:term":[{"taxonomy":"category","embeddable":true,"href":"https:\/\/serveiseducatius.xtec.cat\/badalona\/wp-json\/wp\/v2\/categories?post=12326"},{"taxonomy":"post_tag","embeddable":true,"href":"https:\/\/serveiseducatius.xtec.cat\/badalona\/wp-json\/wp\/v2\/tags?post=12326"}],"curies":[{"name":"wp","href":"https:\/\/api.w.org\/{rel}","templated":true}]}}