{"id":12303,"date":"2019-10-04T09:01:08","date_gmt":"2019-10-04T07:01:08","guid":{"rendered":"http:\/\/serveiseducatius.xtec.cat\/badalona\/?p=12303"},"modified":"2019-10-03T14:13:55","modified_gmt":"2019-10-03T12:13:55","slug":"inscripcio-per-participar-al-projecte-la-nostra-escola","status":"publish","type":"post","link":"https:\/\/serveiseducatius.xtec.cat\/badalona\/portada\/inscripcio-per-participar-al-projecte-la-nostra-escola\/","title":{"rendered":"Inscripci\u00f3 per participar al projecte &#8220;La nostra escola&#8221;"},"content":{"rendered":"<p><img loading=\"lazy\" decoding=\"async\" class=\" wp-image-12304 alignleft\" src=\"https:\/\/serveiseducatius.xtec.cat\/badalona\/wp-content\/uploads\/usu1088\/2019\/10\/lanostraescola-e1570104731134.jpg\" alt=\"\" width=\"181\" height=\"162\" \/>&#8220;<strong><a href=\"https:\/\/www.bdncom.cat\/lanostraescola\" target=\"_blank\" rel=\"noopener noreferrer\">La nostra escola<\/a><\/strong>&#8221; \u00e9s el projecte educatiu de <a href=\"https:\/\/www.bdncom.cat\/\">Televisi\u00f3 de Badalona<\/a>. Durant tres mesos nens i nenes de 4t i\/o 5\u00e8 de prim\u00e0ria elaboraran un reportatge sobre algun aspecte de la seva escola com a aut\u00e8ntics professionals. Treballen des del brainstorming a l&#8217;edici\u00f3 de v\u00eddeo, passant per l&#8217;elaboraci\u00f3 del gui\u00f3 i el rodatge.<br \/>\nEn la primera edici\u00f3 s&#8217;hi van inscriure 21 escoles de la ciutat. Cada setmana s\u00f3n visitades per professionals de Badalona Comunicaci\u00f3 per saber com evoluciona el seu reportatge i se&#8217;ls ofereix un v\u00eddeo de la visita que podreu consultar a <a href=\"https:\/\/www.youtube.com\/playlist?list=PLXPYXYWH-HVZ5469fb72VN1iV84RjcB1I\" target=\"_blank\" rel=\"noopener noreferrer\">youtube<\/a> o al <a href=\"https:\/\/lanostraescolablog.wordpress.com\/\">blog<\/a>.<\/p>\n<p>Tota una aventura que els far\u00e0 descobrir el m\u00f3n de l&#8217;audiovisual!<\/p>\n<div class=\"clearer\">\u00a0<\/div>\n<div>Contacte: <a href=\"mailto:lanostraescola@teleb.cat\" target=\"_blank\" rel=\"noopener noreferrer\">lanostraescola@teleb.cat<\/a><\/div>\n<div>\u00a0<\/div>\n<div>Blog de <a href=\"https:\/\/lanostraescolablog.wordpress.com\/\" target=\"_blank\" rel=\"noopener noreferrer\">La nostra escola<\/a><\/div>\n<div>\u00a0<\/div>\n<div>Canal de <a href=\"https:\/\/www.youtube.com\/playlist?list=PLXPYXYWH-HVZ5469fb72VN1iV84RjcB1I\" target=\"_blank\" rel=\"noopener noreferrer\">Youtube de BCom<\/a><\/div>\n<div>\u00a0<\/div>\n<div>Televisi\u00f3 <a href=\"http:\/\/tvbadalona.xiptv.cat\/la-nostra-escola\" target=\"_blank\" rel=\"noopener noreferrer\">a la carta Badalona Comunicaci\u00f3<\/a><\/div>\n<div class=\"dadesprograma\">\u00a0<\/div>\n<div>\u00a0<\/div>\n<p>La inscripci\u00f3 per participar en aquest projecte de creaci\u00f3 de reportatges que promou Badalona Comunicaci\u00f3 finalitza el <strong><span style=\"color: #800000;\">31 d&#8217;octubre<\/span><\/strong>.<\/p>\n","protected":false},"excerpt":{"rendered":"<p>&#8220;La nostra escola&#8221; \u00e9s el projecte educatiu de Televisi\u00f3 de Badalona. Durant tres mesos nens i nenes de 4t i\/o [&hellip;]<\/p>\n","protected":false},"author":1,"featured_media":12304,"comment_status":"closed","ping_status":"closed","sticky":false,"template":"","format":"standard","meta":{"_bbp_topic_count":0,"_bbp_reply_count":0,"_bbp_total_topic_count":0,"_bbp_total_reply_count":0,"_bbp_voice_count":0,"_bbp_anonymous_reply_count":0,"_bbp_topic_count_hidden":0,"_bbp_reply_count_hidden":0,"_bbp_forum_subforum_count":0,"site-sidebar-layout":"default","site-content-layout":"","ast-site-content-layout":"","site-content-style":"default","site-sidebar-style":"default","ast-global-header-display":"","ast-banner-title-visibility":"","ast-main-header-display":"","ast-hfb-above-header-display":"","ast-hfb-below-header-display":"","ast-hfb-mobile-header-display":"","site-post-title":"","ast-breadcrumbs-content":"","ast-featured-img":"","footer-sml-layout":"","theme-transparent-header-meta":"","adv-header-id-meta":"","stick-header-meta":"","header-above-stick-meta":"","header-main-stick-meta":"","header-below-stick-meta":"","astra-migrate-meta-layouts":"default","ast-page-background-enabled":"default","ast-page-background-meta":{"desktop":{"background-color":"var(--ast-global-color-4)","background-image":"","background-repeat":"repeat","background-position":"center center","background-size":"auto","background-attachment":"scroll","background-type":"","background-media":"","overlay-type":"","overlay-color":"","overlay-opacity":"","overlay-gradient":""},"tablet":{"background-color":"","background-image":"","background-repeat":"repeat","background-position":"center center","background-size":"auto","background-attachment":"scroll","background-type":"","background-media":"","overlay-type":"","overlay-color":"","overlay-opacity":"","overlay-gradient":""},"mobile":{"background-color":"","background-image":"","background-repeat":"repeat","background-position":"center center","background-size":"auto","background-attachment":"scroll","background-type":"","background-media":"","overlay-type":"","overlay-color":"","overlay-opacity":"","overlay-gradient":""}},"ast-content-background-meta":{"desktop":{"background-color":"var(--ast-global-color-5)","background-image":"","background-repeat":"repeat","background-position":"center center","background-size":"auto","background-attachment":"scroll","background-type":"","background-media":"","overlay-type":"","overlay-color":"","overlay-opacity":"","overlay-gradient":""},"tablet":{"background-color":"var(--ast-global-color-5)","background-image":"","background-repeat":"repeat","background-position":"center center","background-size":"auto","background-attachment":"scroll","background-type":"","background-media":"","overlay-type":"","overlay-color":"","overlay-opacity":"","overlay-gradient":""},"mobile":{"background-color":"var(--ast-global-color-5)","background-image":"","background-repeat":"repeat","background-position":"center center","background-size":"auto","background-attachment":"scroll","background-type":"","background-media":"","overlay-type":"","overlay-color":"","overlay-opacity":"","overlay-gradient":""}},"footnotes":""},"categories":[64,66,29],"tags":[1236,1235,1238],"class_list":["post-12303","post","type-post","status-publish","format-standard","has-post-thumbnail","hentry","category-comunitat","category-dinamitzacio","category-portada","tag-badalona-comunicacio","tag-la-nostra-escola","tag-televisio"],"post_mailing_queue_ids":[],"_links":{"self":[{"href":"https:\/\/serveiseducatius.xtec.cat\/badalona\/wp-json\/wp\/v2\/posts\/12303","targetHints":{"allow":["GET"]}}],"collection":[{"href":"https:\/\/serveiseducatius.xtec.cat\/badalona\/wp-json\/wp\/v2\/posts"}],"about":[{"href":"https:\/\/serveiseducatius.xtec.cat\/badalona\/wp-json\/wp\/v2\/types\/post"}],"author":[{"embeddable":true,"href":"https:\/\/serveiseducatius.xtec.cat\/badalona\/wp-json\/wp\/v2\/users\/1"}],"replies":[{"embeddable":true,"href":"https:\/\/serveiseducatius.xtec.cat\/badalona\/wp-json\/wp\/v2\/comments?post=12303"}],"version-history":[{"count":1,"href":"https:\/\/serveiseducatius.xtec.cat\/badalona\/wp-json\/wp\/v2\/posts\/12303\/revisions"}],"predecessor-version":[{"id":12305,"href":"https:\/\/serveiseducatius.xtec.cat\/badalona\/wp-json\/wp\/v2\/posts\/12303\/revisions\/12305"}],"wp:featuredmedia":[{"embeddable":true,"href":"https:\/\/serveiseducatius.xtec.cat\/badalona\/wp-json\/wp\/v2\/media\/12304"}],"wp:attachment":[{"href":"https:\/\/serveiseducatius.xtec.cat\/badalona\/wp-json\/wp\/v2\/media?parent=12303"}],"wp:term":[{"taxonomy":"category","embeddable":true,"href":"https:\/\/serveiseducatius.xtec.cat\/badalona\/wp-json\/wp\/v2\/categories?post=12303"},{"taxonomy":"post_tag","embeddable":true,"href":"https:\/\/serveiseducatius.xtec.cat\/badalona\/wp-json\/wp\/v2\/tags?post=12303"}],"curies":[{"name":"wp","href":"https:\/\/api.w.org\/{rel}","templated":true}]}}