{"id":12255,"date":"2019-09-26T18:35:59","date_gmt":"2019-09-26T16:35:59","guid":{"rendered":"http:\/\/serveiseducatius.xtec.cat\/badalona\/?p=12255"},"modified":"2022-03-02T15:41:53","modified_gmt":"2022-03-02T14:41:53","slug":"xxxxx","status":"publish","type":"post","link":"https:\/\/serveiseducatius.xtec.cat\/badalona\/general\/xxxxx\/","title":{"rendered":"Llegir per fer llegir i altres&#8230;"},"content":{"rendered":"<figure style=\"width: 500px\" class=\"wp-caption alignleft\"><img loading=\"lazy\" decoding=\"async\" class=\"size-large\" src=\"https:\/\/66.media.tumblr.com\/4db5b62679f96ab5375f92e8bcb65e4e\/tumblr_puzyyjQ1YE1qkaoroo1_500.gifv\" width=\"500\" height=\"439\" \/><figcaption class=\"wp-caption-text\"><strong>Il\u00b7lustraci\u00f3 de <a href=\"https:\/\/dianimations.tumblr.com\/\" target=\"_blank\" rel=\"noopener noreferrer\">Dinamations<\/a><\/strong><\/figcaption><\/figure>\n<p><span style=\"font-family: verdana, geneva, sans-serif; font-size: 10pt;\">Si t&#8217;agrada llegir i si t&#8217;agrada fer-ho per als altres&#8230; Si aspires a encomanar aquest plaer&#8230;<\/span><\/p>\n<p><span style=\"font-family: verdana, geneva, sans-serif; font-size: 10pt;\">Si encara creus que la lectura i la biblioteca d&#8217;aula o de la teva escola o institut haurien de ser un puntal del seu projecte educatiu, que l&#8217;educaci\u00f3 emocional podria ser sin\u00f2nim d&#8217;educaci\u00f3 liter\u00e0ria&#8230;<\/span><\/p>\n<p><span style=\"font-family: verdana, geneva, sans-serif; font-size: 10pt;\">Aquest \u00e9s el teu article!<\/span><\/p>\n<p><span style=\"font-family: verdana, geneva, sans-serif; font-size: 10pt;\">Hi descobrir\u00e0s activitats formatives presencials i en l\u00ednia (algunes de caire institucional i d&#8217;altres de llibreries, associacions i entitats diverses).<\/span><\/p>\n<p><span style=\"font-family: verdana, geneva, sans-serif; font-size: 10pt;\">I, sobretot, no deixis de consultar el nostre apartat de recursos de <a href=\"https:\/\/serveiseducatius.xtec.cat\/badalona\/categoria\/recursos\/biblioteca-escolar\/\" target=\"_blank\" rel=\"noopener noreferrer\"><strong>lectura i biblioteca.<\/strong><\/a> Si t&#8217;hi subscrius, rebr\u00e0s puntualment qualsevol novetat al teu correu.<\/span><\/p>\n<ul>\n<li><a href=\"https:\/\/aplicacions.gestioeducativa.gencat.cat\/pls\/soloas\/pk_for_mod_ins.p_for_detall_activitat?p_header=Llista%20d%27activitats%5Epk_for_mod_ins.p_for_cons_activitats?p_crp=204%26p_any=2019-2020%26p_totes=s%26p_inici=11%26p_excloure_crp_rec=F&amp;p_codi=2040191204&amp;p_curs=2019-2020&amp;p_excloure_crp_rec=F\" target=\"_blank\" rel=\"noopener noreferrer\"><span style=\"font-family: verdana, geneva, sans-serif; font-size: 10pt;\"><b>Seminari de les biblioteques escolars de Badalona (infantil, prim\u00e0ria i secund\u00e0ria)<\/b><\/span><\/a><\/li>\n<li><a href=\"http:\/\/xtec.gencat.cat\/ca\/projectes\/biblioteca\/formacio\/formaciodelprograma\/\" target=\"_blank\" rel=\"noopener noreferrer\"><span style=\"font-family: verdana, geneva, sans-serif; font-size: 10pt;\"><b>Formaci\u00f3 del programa BIBLIOTECA ESCOLAR de l&#8217;XTEC<\/b><\/span><\/a><\/li>\n<li><a href=\"https:\/\/jaumecentelles.cat\/2019\/09\/25\/llegir-a-kunterbunt-recuperar-ladmiracio-per-la-lectura\/\" target=\"_blank\" rel=\"noopener noreferrer\"><span style=\"font-family: verdana, geneva, sans-serif; font-size: 10pt;\"><b>Llegir a Kunterbunt. Recuperar l\u2019admiraci\u00f3 per la\u00a0lectura<\/b><\/span><\/a><\/li>\n<li><a href=\"http:\/\/anatarambana.blogspot.com\/2019\/09\/17-migas-de-pan-claves-para-entender-el.html\" target=\"_blank\" rel=\"noopener noreferrer\"><b>17 migas de pan. Claves para entender el haiku<\/b>\u00a0<\/a><\/li>\n<li><a href=\"https:\/\/webdelalbum.org\/ca\/inici\/\" target=\"_blank\" rel=\"noopener noreferrer\"><b><span style=\"font-family: verdana, geneva, sans-serif; font-size: 10pt;\">\u00c0lbum Barcelona. F\u00f2rum l\u2019\u00e0lbum a l\u2019aula<\/span><\/b><\/a><\/li>\n<li><a href=\"https:\/\/anydelaliteraturainfantilijuvenil.montcada.cat\/cicle-be\/\" target=\"_blank\" rel=\"noopener noreferrer\"><b><span style=\"font-family: verdana, geneva, sans-serif; font-size: 10pt;\">Octubre, mes de la biblioteca escolar. Montcada i Reixac<\/span><\/b><\/a><\/li>\n<li><span style=\"font-family: verdana, geneva, sans-serif; font-size: 10pt;\"><a href=\"http:\/\/artiparaula.com\/\" target=\"_blank\" rel=\"noopener noreferrer\"><b>Tant\u00e0gora. Art i paraula\u00a0\u00a0 <\/b><\/a><\/span><\/li>\n<li><span style=\"font-family: verdana, geneva, sans-serif; font-size: 10pt;\"><a href=\"https:\/\/drive.google.com\/file\/d\/0B5PkpVPlPO7tWU1TSzM0RFRxMDlJNU1kdjRqUUk0TFNhTlhF\/view?usp=sharing\" target=\"_blank\" rel=\"noopener noreferrer\"><b>Llibreria Casa Anita<\/b><\/a><\/span><\/li>\n<li><span style=\"font-family: verdana, geneva, sans-serif; font-size: 10pt;\"><a href=\"https:\/\/institutdelainfancia.org\/pindoles-formatives-lij-dissabte-28-setembre\/\" target=\"_blank\" rel=\"noopener noreferrer\"><b>P\u00edndoles formatives LIJ<\/b><\/a><\/span><\/li>\n<li><a href=\"https:\/\/institutdelainfancia.org\/minimons-contes-una-proposta-interdisciplinaria-a-laula-2\/\" target=\"_blank\" rel=\"noopener noreferrer\"><b><span style=\"font-family: verdana, geneva, sans-serif; font-size: 10pt;\">Minimons i contes. Una proposta interdisciplin\u00e0ria a l&#8217;a<\/span>ula.<\/b><\/a><\/li>\n<\/ul>\n","protected":false},"excerpt":{"rendered":"<p>Si t&#8217;agrada llegir i si t&#8217;agrada fer-ho per als altres&#8230; Si aspires a encomanar aquest plaer&#8230; Si encara creus que [&hellip;]<\/p>\n","protected":false},"author":9,"featured_media":12261,"comment_status":"closed","ping_status":"closed","sticky":false,"template":"","format":"standard","meta":{"_bbp_topic_count":0,"_bbp_reply_count":0,"_bbp_total_topic_count":0,"_bbp_total_reply_count":0,"_bbp_voice_count":0,"_bbp_anonymous_reply_count":0,"_bbp_topic_count_hidden":0,"_bbp_reply_count_hidden":0,"_bbp_forum_subforum_count":0,"site-sidebar-layout":"default","site-content-layout":"","ast-site-content-layout":"","site-content-style":"default","site-sidebar-style":"default","ast-global-header-display":"","ast-banner-title-visibility":"","ast-main-header-display":"","ast-hfb-above-header-display":"","ast-hfb-below-header-display":"","ast-hfb-mobile-header-display":"","site-post-title":"","ast-breadcrumbs-content":"","ast-featured-img":"","footer-sml-layout":"","theme-transparent-header-meta":"","adv-header-id-meta":"","stick-header-meta":"","header-above-stick-meta":"","header-main-stick-meta":"","header-below-stick-meta":"","astra-migrate-meta-layouts":"default","ast-page-background-enabled":"default","ast-page-background-meta":{"desktop":{"background-color":"var(--ast-global-color-4)","background-image":"","background-repeat":"repeat","background-position":"center center","background-size":"auto","background-attachment":"scroll","background-type":"","background-media":"","overlay-type":"","overlay-color":"","overlay-opacity":"","overlay-gradient":""},"tablet":{"background-color":"","background-image":"","background-repeat":"repeat","background-position":"center center","background-size":"auto","background-attachment":"scroll","background-type":"","background-media":"","overlay-type":"","overlay-color":"","overlay-opacity":"","overlay-gradient":""},"mobile":{"background-color":"","background-image":"","background-repeat":"repeat","background-position":"center center","background-size":"auto","background-attachment":"scroll","background-type":"","background-media":"","overlay-type":"","overlay-color":"","overlay-opacity":"","overlay-gradient":""}},"ast-content-background-meta":{"desktop":{"background-color":"var(--ast-global-color-5)","background-image":"","background-repeat":"repeat","background-position":"center center","background-size":"auto","background-attachment":"scroll","background-type":"","background-media":"","overlay-type":"","overlay-color":"","overlay-opacity":"","overlay-gradient":""},"tablet":{"background-color":"var(--ast-global-color-5)","background-image":"","background-repeat":"repeat","background-position":"center center","background-size":"auto","background-attachment":"scroll","background-type":"","background-media":"","overlay-type":"","overlay-color":"","overlay-opacity":"","overlay-gradient":""},"mobile":{"background-color":"var(--ast-global-color-5)","background-image":"","background-repeat":"repeat","background-position":"center center","background-size":"auto","background-attachment":"scroll","background-type":"","background-media":"","overlay-type":"","overlay-color":"","overlay-opacity":"","overlay-gradient":""}},"footnotes":""},"categories":[386,1,385,81,872,29,76,786],"tags":[162,163,1133,147],"class_list":["post-12255","post","type-post","status-publish","format-standard","has-post-thumbnail","hentry","category-dinamitzaciolectura","category-general","category-gbiblio","category-biblioteca-escolar","category-missatgeria","category-portada","category-recursos","category-seminari-de-les-biblioteques-escolars-de-badalona","tag-biblioteca-escolar","tag-biblioteques","tag-dinamitzacio-lectora","tag-el-gust-per-la-lectura"],"post_mailing_queue_ids":[],"_links":{"self":[{"href":"https:\/\/serveiseducatius.xtec.cat\/badalona\/wp-json\/wp\/v2\/posts\/12255","targetHints":{"allow":["GET"]}}],"collection":[{"href":"https:\/\/serveiseducatius.xtec.cat\/badalona\/wp-json\/wp\/v2\/posts"}],"about":[{"href":"https:\/\/serveiseducatius.xtec.cat\/badalona\/wp-json\/wp\/v2\/types\/post"}],"author":[{"embeddable":true,"href":"https:\/\/serveiseducatius.xtec.cat\/badalona\/wp-json\/wp\/v2\/users\/9"}],"replies":[{"embeddable":true,"href":"https:\/\/serveiseducatius.xtec.cat\/badalona\/wp-json\/wp\/v2\/comments?post=12255"}],"version-history":[{"count":4,"href":"https:\/\/serveiseducatius.xtec.cat\/badalona\/wp-json\/wp\/v2\/posts\/12255\/revisions"}],"predecessor-version":[{"id":12263,"href":"https:\/\/serveiseducatius.xtec.cat\/badalona\/wp-json\/wp\/v2\/posts\/12255\/revisions\/12263"}],"wp:featuredmedia":[{"embeddable":true,"href":"https:\/\/serveiseducatius.xtec.cat\/badalona\/wp-json\/wp\/v2\/media\/12261"}],"wp:attachment":[{"href":"https:\/\/serveiseducatius.xtec.cat\/badalona\/wp-json\/wp\/v2\/media?parent=12255"}],"wp:term":[{"taxonomy":"category","embeddable":true,"href":"https:\/\/serveiseducatius.xtec.cat\/badalona\/wp-json\/wp\/v2\/categories?post=12255"},{"taxonomy":"post_tag","embeddable":true,"href":"https:\/\/serveiseducatius.xtec.cat\/badalona\/wp-json\/wp\/v2\/tags?post=12255"}],"curies":[{"name":"wp","href":"https:\/\/api.w.org\/{rel}","templated":true}]}}