{"id":12114,"date":"2019-09-13T15:00:43","date_gmt":"2019-09-13T13:00:43","guid":{"rendered":"http:\/\/serveiseducatius.xtec.cat\/badalona\/?p=12114"},"modified":"2019-09-13T15:37:27","modified_gmt":"2019-09-13T13:37:27","slug":"programa-de-formacio-de-persones-formadores-en-coeducacio-i-perspectiva-de-genere","status":"publish","type":"post","link":"https:\/\/serveiseducatius.xtec.cat\/badalona\/portada\/programa-de-formacio-de-persones-formadores-en-coeducacio-i-perspectiva-de-genere\/","title":{"rendered":"Programa de formaci\u00f3 de persones formadores en Coeducaci\u00f3 i Perspectiva de G\u00e8nere"},"content":{"rendered":"<p>Durant el curs 2019-2020 s\u2019iniciar\u00e0 un\u00a0<strong>Programa de formaci\u00f3 de persones formadores en Coeducaci\u00f3 i Perspectiva de G\u00e8nere<\/strong>\u00a0per a donar resposta a les necessitats del sistema educatiu en aquest \u00e0mbit. L\u2019objectiu \u00e9s crear una bossa de persones formadores en\u00a0<strong>Coeducaci\u00f3 i Perspectiva de G\u00e8nere<\/strong>\u00a0que puguin donar resposta a les necessitats dels centres educatius.<\/p>\n<p>Els\u00a0<strong>docents de prim\u00e0ria i secund\u00e0ria<\/strong>\u00a0que hagin dut a terme accions coeducatives en el seu centre o b\u00e9 que estiguin interessats en fer aquesta formaci\u00f3 organitzada des del Servei de Formaci\u00f3 i Desenvolupament Professional del Professorat han de fer arribar el seu Curr\u00edculum Vitae i un petit v\u00eddeo (m\u00e0xim de 2 minuts) on expliquin el seu inter\u00e8s i la seva motivaci\u00f3 sobre la realitzaci\u00f3 d\u2019aquest curs\u00a0<strong>abans del 27 de setembre<\/strong>\u00a0a Manel Mor &lt;<a href=\"mailto:mmor@xtec.cat\" target=\"_blank\" rel=\"noopener noreferrer\">mmor@xtec.cat<\/a>&gt; i \u00c0ngels Escalada &lt;<a href=\"mailto:aescalad@xtec.cat\" target=\"_blank\" rel=\"noopener noreferrer\">aescalad@xtec.cat<\/a>&gt;.<\/p>\n<p>S\u2019adjunta el Programa de Formaci\u00f3 en coeducaci\u00f3 i perspectiva de g\u00e8nere per a persones formadores:<br \/>\n<iframe loading=\"lazy\" src=\"https:\/\/drive.google.com\/file\/d\/0B3dg_OmhLE8MU2dUZk5KRU5ZWjJSZ0VUM0ZScUQwQlFzRnlN\/preview\" width=\"800\" height=\"900\" data-mce-fragment=\"1\"><span data-mce-type=\"bookmark\" style=\"display: inline-block; width: 0px; overflow: hidden; line-height: 0;\" class=\"mce_SELRES_start\">\ufeff<\/span><span data-mce-type=\"bookmark\" style=\"display: inline-block; width: 0px; overflow: hidden; line-height: 0;\" class=\"mce_SELRES_start\">\ufeff<\/span><span data-mce-type=\"bookmark\" style=\"display: inline-block; width: 0px; overflow: hidden; line-height: 0;\" class=\"mce_SELRES_start\">\ufeff<\/span><span data-mce-type=\"bookmark\" style=\"display: inline-block; width: 0px; overflow: hidden; line-height: 0;\" class=\"mce_SELRES_start\">\ufeff<\/span><span data-mce-type=\"bookmark\" style=\"display: inline-block; width: 0px; overflow: hidden; line-height: 0;\" class=\"mce_SELRES_start\">\ufeff<\/span><span data-mce-type=\"bookmark\" style=\"display: inline-block; width: 0px; overflow: hidden; line-height: 0;\" class=\"mce_SELRES_start\">\ufeff<\/span><span data-mce-type=\"bookmark\" style=\"display: inline-block; width: 0px; overflow: hidden; line-height: 0;\" class=\"mce_SELRES_start\">\ufeff<\/span><\/iframe><\/p>\n","protected":false},"excerpt":{"rendered":"<p>Durant el curs 2019-2020 s\u2019iniciar\u00e0 un\u00a0Programa de formaci\u00f3 de persones formadores en Coeducaci\u00f3 i Perspectiva de G\u00e8nere\u00a0per a donar resposta [&hellip;]<\/p>\n","protected":false},"author":1,"featured_media":12115,"comment_status":"closed","ping_status":"closed","sticky":false,"template":"","format":"standard","meta":{"_bbp_topic_count":0,"_bbp_reply_count":0,"_bbp_total_topic_count":0,"_bbp_total_reply_count":0,"_bbp_voice_count":0,"_bbp_anonymous_reply_count":0,"_bbp_topic_count_hidden":0,"_bbp_reply_count_hidden":0,"_bbp_forum_subforum_count":0,"site-sidebar-layout":"default","site-content-layout":"","ast-site-content-layout":"","site-content-style":"default","site-sidebar-style":"default","ast-global-header-display":"","ast-banner-title-visibility":"","ast-main-header-display":"","ast-hfb-above-header-display":"","ast-hfb-below-header-display":"","ast-hfb-mobile-header-display":"","site-post-title":"","ast-breadcrumbs-content":"","ast-featured-img":"","footer-sml-layout":"","theme-transparent-header-meta":"","adv-header-id-meta":"","stick-header-meta":"","header-above-stick-meta":"","header-main-stick-meta":"","header-below-stick-meta":"","astra-migrate-meta-layouts":"default","ast-page-background-enabled":"default","ast-page-background-meta":{"desktop":{"background-color":"var(--ast-global-color-4)","background-image":"","background-repeat":"repeat","background-position":"center center","background-size":"auto","background-attachment":"scroll","background-type":"","background-media":"","overlay-type":"","overlay-color":"","overlay-opacity":"","overlay-gradient":""},"tablet":{"background-color":"","background-image":"","background-repeat":"repeat","background-position":"center center","background-size":"auto","background-attachment":"scroll","background-type":"","background-media":"","overlay-type":"","overlay-color":"","overlay-opacity":"","overlay-gradient":""},"mobile":{"background-color":"","background-image":"","background-repeat":"repeat","background-position":"center center","background-size":"auto","background-attachment":"scroll","background-type":"","background-media":"","overlay-type":"","overlay-color":"","overlay-opacity":"","overlay-gradient":""}},"ast-content-background-meta":{"desktop":{"background-color":"var(--ast-global-color-5)","background-image":"","background-repeat":"repeat","background-position":"center center","background-size":"auto","background-attachment":"scroll","background-type":"","background-media":"","overlay-type":"","overlay-color":"","overlay-opacity":"","overlay-gradient":""},"tablet":{"background-color":"var(--ast-global-color-5)","background-image":"","background-repeat":"repeat","background-position":"center center","background-size":"auto","background-attachment":"scroll","background-type":"","background-media":"","overlay-type":"","overlay-color":"","overlay-opacity":"","overlay-gradient":""},"mobile":{"background-color":"var(--ast-global-color-5)","background-image":"","background-repeat":"repeat","background-position":"center center","background-size":"auto","background-attachment":"scroll","background-type":"","background-media":"","overlay-type":"","overlay-color":"","overlay-opacity":"","overlay-gradient":""}},"footnotes":""},"categories":[165,29],"tags":[645,166],"class_list":["post-12114","post","type-post","status-publish","format-standard","has-post-thumbnail","hentry","category-formacio","category-portada","tag-coeducacio","tag-formacio"],"post_mailing_queue_ids":[],"_links":{"self":[{"href":"https:\/\/serveiseducatius.xtec.cat\/badalona\/wp-json\/wp\/v2\/posts\/12114","targetHints":{"allow":["GET"]}}],"collection":[{"href":"https:\/\/serveiseducatius.xtec.cat\/badalona\/wp-json\/wp\/v2\/posts"}],"about":[{"href":"https:\/\/serveiseducatius.xtec.cat\/badalona\/wp-json\/wp\/v2\/types\/post"}],"author":[{"embeddable":true,"href":"https:\/\/serveiseducatius.xtec.cat\/badalona\/wp-json\/wp\/v2\/users\/1"}],"replies":[{"embeddable":true,"href":"https:\/\/serveiseducatius.xtec.cat\/badalona\/wp-json\/wp\/v2\/comments?post=12114"}],"version-history":[{"count":1,"href":"https:\/\/serveiseducatius.xtec.cat\/badalona\/wp-json\/wp\/v2\/posts\/12114\/revisions"}],"predecessor-version":[{"id":12116,"href":"https:\/\/serveiseducatius.xtec.cat\/badalona\/wp-json\/wp\/v2\/posts\/12114\/revisions\/12116"}],"wp:featuredmedia":[{"embeddable":true,"href":"https:\/\/serveiseducatius.xtec.cat\/badalona\/wp-json\/wp\/v2\/media\/12115"}],"wp:attachment":[{"href":"https:\/\/serveiseducatius.xtec.cat\/badalona\/wp-json\/wp\/v2\/media?parent=12114"}],"wp:term":[{"taxonomy":"category","embeddable":true,"href":"https:\/\/serveiseducatius.xtec.cat\/badalona\/wp-json\/wp\/v2\/categories?post=12114"},{"taxonomy":"post_tag","embeddable":true,"href":"https:\/\/serveiseducatius.xtec.cat\/badalona\/wp-json\/wp\/v2\/tags?post=12114"}],"curies":[{"name":"wp","href":"https:\/\/api.w.org\/{rel}","templated":true}]}}