{"id":12106,"date":"2019-09-12T09:44:28","date_gmt":"2019-09-12T07:44:28","guid":{"rendered":"http:\/\/serveiseducatius.xtec.cat\/badalona\/?p=12106"},"modified":"2019-09-12T11:36:45","modified_gmt":"2019-09-12T09:36:45","slug":"15-dinamiques-per-gaudir-amb-els-infants-els-primers-dies-descola","status":"publish","type":"post","link":"https:\/\/serveiseducatius.xtec.cat\/badalona\/portada\/15-dinamiques-per-gaudir-amb-els-infants-els-primers-dies-descola\/","title":{"rendered":"15 din\u00e0miques per gaudir amb els infants els primers dies d\u2019escola!"},"content":{"rendered":"<p><a href=\"https:\/\/natibergada.cat\/dinamiques-per-gaudir-amb-els-infants-els-primers-dies-descola?utm_campaign=dinamiques-inici-curs&amp;utm_medium=email&amp;utm_source=acumbamail\" target=\"_blank\" rel=\"noopener noreferrer\"><img loading=\"lazy\" decoding=\"async\" class=\"alignnone\" src=\"https:\/\/natibergada.cat\/wp-content\/uploads\/2019\/09\/dinamiques-inici-curs.png\" width=\"397\" height=\"282\" \/><\/a><\/p>\n<p>Els primers dies d\u2019escola s\u00f3n dies en els quals els infants es retroben amb els companys\/es despr\u00e9s del per\u00edode de vacances. Cal aprofitar aquests primers dies per potenciar que els infants es coneguin m\u00e9s uns als altres i per\u00a0<strong>cohesionar el grup.<\/strong><\/p>\n<p>En aquest article <a href=\"https:\/\/natibergada.cat\/\" target=\"_blank\" rel=\"noopener noreferrer\">Nati Bergad\u00e0<\/a> ha recollit un seguit de din\u00e0miques que penso que\u00a0 poden ser molt \u00fatils per dur a terme amb els infants les primeres setmanes d\u2019escola.<\/p>\n<p>Es tracta de jocs, din\u00e0miques, activitats variades que volen potenciar que\u00a0<strong>els infants es coneguin m\u00e9s entre ells<\/strong>. S\u00f3n activitats l\u00fadiques, divertides i disteses que els permetran gaudir d\u2019una bona estona i descobrir coses dels companys\/es.<\/p>\n<p>Esperem que us puguin ser \u00fatils i que gaudiu d\u2019un bon inici de curs. Us deixem aqu\u00ed l&#8217;<a href=\"https:\/\/natibergada.cat\/dinamiques-per-gaudir-amb-els-infants-els-primers-dies-descola?utm_campaign=dinamiques-inici-curs&amp;utm_medium=email&amp;utm_source=acumbamail\" target=\"_blank\" rel=\"noopener noreferrer\">enlla\u00e7<\/a><\/p>\n","protected":false},"excerpt":{"rendered":"<p>Els primers dies d\u2019escola s\u00f3n dies en els quals els infants es retroben amb els companys\/es despr\u00e9s del per\u00edode de [&hellip;]<\/p>\n","protected":false},"author":15,"featured_media":12108,"comment_status":"closed","ping_status":"closed","sticky":false,"template":"","format":"standard","meta":{"_bbp_topic_count":0,"_bbp_reply_count":0,"_bbp_total_topic_count":0,"_bbp_total_reply_count":0,"_bbp_voice_count":0,"_bbp_anonymous_reply_count":0,"_bbp_topic_count_hidden":0,"_bbp_reply_count_hidden":0,"_bbp_forum_subforum_count":0,"site-sidebar-layout":"default","site-content-layout":"","ast-site-content-layout":"","site-content-style":"default","site-sidebar-style":"default","ast-global-header-display":"","ast-banner-title-visibility":"","ast-main-header-display":"","ast-hfb-above-header-display":"","ast-hfb-below-header-display":"","ast-hfb-mobile-header-display":"","site-post-title":"","ast-breadcrumbs-content":"","ast-featured-img":"","footer-sml-layout":"","theme-transparent-header-meta":"","adv-header-id-meta":"","stick-header-meta":"","header-above-stick-meta":"","header-main-stick-meta":"","header-below-stick-meta":"","astra-migrate-meta-layouts":"default","ast-page-background-enabled":"default","ast-page-background-meta":{"desktop":{"background-color":"var(--ast-global-color-4)","background-image":"","background-repeat":"repeat","background-position":"center center","background-size":"auto","background-attachment":"scroll","background-type":"","background-media":"","overlay-type":"","overlay-color":"","overlay-opacity":"","overlay-gradient":""},"tablet":{"background-color":"","background-image":"","background-repeat":"repeat","background-position":"center center","background-size":"auto","background-attachment":"scroll","background-type":"","background-media":"","overlay-type":"","overlay-color":"","overlay-opacity":"","overlay-gradient":""},"mobile":{"background-color":"","background-image":"","background-repeat":"repeat","background-position":"center center","background-size":"auto","background-attachment":"scroll","background-type":"","background-media":"","overlay-type":"","overlay-color":"","overlay-opacity":"","overlay-gradient":""}},"ast-content-background-meta":{"desktop":{"background-color":"var(--ast-global-color-5)","background-image":"","background-repeat":"repeat","background-position":"center center","background-size":"auto","background-attachment":"scroll","background-type":"","background-media":"","overlay-type":"","overlay-color":"","overlay-opacity":"","overlay-gradient":""},"tablet":{"background-color":"var(--ast-global-color-5)","background-image":"","background-repeat":"repeat","background-position":"center center","background-size":"auto","background-attachment":"scroll","background-type":"","background-media":"","overlay-type":"","overlay-color":"","overlay-opacity":"","overlay-gradient":""},"mobile":{"background-color":"var(--ast-global-color-5)","background-image":"","background-repeat":"repeat","background-position":"center center","background-size":"auto","background-attachment":"scroll","background-type":"","background-media":"","overlay-type":"","overlay-color":"","overlay-opacity":"","overlay-gradient":""}},"footnotes":""},"categories":[872,29],"tags":[349,401,471],"class_list":["post-12106","post","type-post","status-publish","format-standard","has-post-thumbnail","hentry","category-missatgeria","category-portada","tag-educacio-infantil","tag-educacio-primaria","tag-educacio-secundaria"],"post_mailing_queue_ids":[],"_links":{"self":[{"href":"https:\/\/serveiseducatius.xtec.cat\/badalona\/wp-json\/wp\/v2\/posts\/12106","targetHints":{"allow":["GET"]}}],"collection":[{"href":"https:\/\/serveiseducatius.xtec.cat\/badalona\/wp-json\/wp\/v2\/posts"}],"about":[{"href":"https:\/\/serveiseducatius.xtec.cat\/badalona\/wp-json\/wp\/v2\/types\/post"}],"author":[{"embeddable":true,"href":"https:\/\/serveiseducatius.xtec.cat\/badalona\/wp-json\/wp\/v2\/users\/15"}],"replies":[{"embeddable":true,"href":"https:\/\/serveiseducatius.xtec.cat\/badalona\/wp-json\/wp\/v2\/comments?post=12106"}],"version-history":[{"count":1,"href":"https:\/\/serveiseducatius.xtec.cat\/badalona\/wp-json\/wp\/v2\/posts\/12106\/revisions"}],"predecessor-version":[{"id":12107,"href":"https:\/\/serveiseducatius.xtec.cat\/badalona\/wp-json\/wp\/v2\/posts\/12106\/revisions\/12107"}],"wp:featuredmedia":[{"embeddable":true,"href":"https:\/\/serveiseducatius.xtec.cat\/badalona\/wp-json\/wp\/v2\/media\/12108"}],"wp:attachment":[{"href":"https:\/\/serveiseducatius.xtec.cat\/badalona\/wp-json\/wp\/v2\/media?parent=12106"}],"wp:term":[{"taxonomy":"category","embeddable":true,"href":"https:\/\/serveiseducatius.xtec.cat\/badalona\/wp-json\/wp\/v2\/categories?post=12106"},{"taxonomy":"post_tag","embeddable":true,"href":"https:\/\/serveiseducatius.xtec.cat\/badalona\/wp-json\/wp\/v2\/tags?post=12106"}],"curies":[{"name":"wp","href":"https:\/\/api.w.org\/{rel}","templated":true}]}}