{"id":12098,"date":"2019-09-10T10:22:58","date_gmt":"2019-09-10T08:22:58","guid":{"rendered":"http:\/\/serveiseducatius.xtec.cat\/badalona\/?p=12098"},"modified":"2019-09-10T13:31:01","modified_gmt":"2019-09-10T11:31:01","slug":"recordatori-convocatoria-de-seleccio-de-projectes-amb-oportunitats-dexit-educatiu-a-favor-de-lalumnat-poefa","status":"publish","type":"post","link":"https:\/\/serveiseducatius.xtec.cat\/badalona\/portada\/recordatori-convocatoria-de-seleccio-de-projectes-amb-oportunitats-dexit-educatiu-a-favor-de-lalumnat-poefa\/","title":{"rendered":"RECORDATORI!! Convocat\u00f2ria de selecci\u00f3 de Projectes amb Oportunitats d\u2019\u00c8xit Educatiu a Favor de l\u2019Alumnat (POEFA)"},"content":{"rendered":"<p><img loading=\"lazy\" decoding=\"async\" class=\" wp-image-12099 alignleft\" src=\"https:\/\/serveiseducatius.xtec.cat\/badalona\/wp-content\/uploads\/usu1088\/2019\/09\/POEFA_0-e1568103731262.jpg\" alt=\"\" width=\"274\" height=\"256\" \/>Us recordem que es va publicar en el Portal de Centre la <a title=\"http:\/\/educacio.gencat.cat\/portal\/page\/portal\/EducacioIntranet\/Inici\/PortalCentres\/pcInnovacioPedagogica\/Detall?p_proc=106622\" href=\"http:\/\/educacio.gencat.cat\/portal\/page\/portal\/EducacioIntranet\/Inici\/PortalCentres\/pcInnovacioPedagogica\/Detall?p_proc=106622\" target=\"_blank\" rel=\"noopener noreferrer\" data-saferedirecturl=\"https:\/\/www.google.com\/url?q=http:\/\/educacio.gencat.cat\/portal\/page\/portal\/EducacioIntranet\/Inici\/PortalCentres\/pcInnovacioPedagogica\/Detall?p_proc%3D106622&amp;source=gmail&amp;ust=1567840123185000&amp;usg=AFQjCNF3OS5DA5P9bmuJOwN4na27IO2XDg\">convocat\u00f2ria<\/a>\u00a0de selecci\u00f3 de\u00a0<i>Projectes amb Oportunitats d\u2019\u00c8xit Educatiu a Favor de l\u2019Alumnat\u00a0<\/i>(POEFA) en centres educatius de Catalunya p\u00fablics, de titularitat del Departament d\u2019Educaci\u00f3, en el marc del\u00a0<i>Programa Operativo de Empleo, Formaci\u00f3n y Educaci\u00f3n, FSE 2014-2020.<\/i><\/p>\n<ul style=\"font-weight: 400;\">\n<li><em><a href=\"http:\/\/educacio.gencat.cat\/documents\/IPCNormativa\/DisposicionsInternes\/Resolucio-POEFA2019%20_DEFINITIVA.pdf\" data-saferedirecturl=\"https:\/\/www.google.com\/url?q=http:\/\/educacio.gencat.cat\/documents\/IPCNormativa\/DisposicionsInternes\/Resolucio-POEFA2019%2520_DEFINITIVA.pdf&amp;source=gmail&amp;ust=1568108768797000&amp;usg=AFQjCNELFOf6EhO3i4hFVLx9gzTkLQMcCg\">http:\/\/educacio.gencat.cat\/documents\/IPCNormativa\/DisposicionsInternes\/Resolucio-POEFA2019%20_DEFINITIVA.pdf<\/a>\u00a0\u00a0<br \/>\n<\/em><\/li>\n<li><em><a href=\"http:\/\/educacio.gencat.cat\/portal\/page\/portal\/EducacioIntranet\/Inici\/PortalCentres\" data-saferedirecturl=\"https:\/\/www.google.com\/url?q=http:\/\/educacio.gencat.cat\/portal\/page\/portal\/EducacioIntranet\/Inici\/PortalCentres&amp;source=gmail&amp;ust=1568108768797000&amp;usg=AFQjCNE53XiTo4WATWtGzjqkJb-1JV0IOA\">http:\/\/educacio.gencat.cat\/portal\/page\/portal\/EducacioIntranet\/Inici\/PortalCentre<\/a><\/em><\/li>\n<li><em><a href=\"http:\/\/educacio.gencat.cat\/portal\/page\/portal\/EducacioIntranet\/Inici\/PortalCentres\/pcInnovacioPedagogica\/Detall?p_proc=106622\" data-saferedirecturl=\"https:\/\/www.google.com\/url?q=http:\/\/educacio.gencat.cat\/portal\/page\/portal\/EducacioIntranet\/Inici\/PortalCentres\/pcInnovacioPedagogica\/Detall?p_proc%3D106622&amp;source=gmail&amp;ust=1568108768797000&amp;usg=AFQjCNFkeX31IcRHYHXc-C8DIAxG-gwqyw\">http:\/\/educacio.gencat.cat\/portal\/page\/portal\/EducacioIntranet\/Inici\/PortalCentres\/pcInnovacioPedagogica\/Detall?p_proc=106622<\/a><\/em><\/li>\n<li><em><a href=\"http:\/\/educacio.gencat.cat\/documents\/FormularisModels\/InnovacioPedagogica\/A742.pdf\" data-saferedirecturl=\"https:\/\/www.google.com\/url?q=http:\/\/educacio.gencat.cat\/documents\/FormularisModels\/InnovacioPedagogica\/A742.pdf&amp;source=gmail&amp;ust=1568108768797000&amp;usg=AFQjCNG4ioO4uIYR1f6VqH1J0Hl7Dq7MjA\">http:\/\/educacio.gencat.cat\/documents\/FormularisModels\/InnovacioPedagogica\/A742.pdf<\/a><\/em><\/li>\n<\/ul>\n<p style=\"font-weight: 400;\">Aquesta convocat\u00f2ria va adre\u00e7ada als alumnes m\u00e9s vulnerables i als centres que els atenen (5\u00e8 i 6\u00e8 de Prim\u00e0ria, 1r i 2n d\u2019ESO, de centres p\u00fablics).\u00a0<\/p>\n<p style=\"font-weight: 400;\"><span style=\"font-size: 14pt;\"><strong><u>El termini de sol\u00b7licitud acaba el <span style=\"color: #ff0000;\">20 de setembre 2019<\/span>.<\/u><\/strong><\/span><\/p>\n<p>Sabem les dificultats que representa gestionar aquesta sol\u00b7licitud en aquestes dates d\u2019estiu, per\u00f2 considerem que pot ser molt \u00fatil per donar resposta als alumnes m\u00e9s vulnerables i pels centres que els atenen. <strong><span style=\"color: #ff0000;\">Es poden justificar despeses d\u2019actuaci\u00f3 fetes entre el 1 de gener de 2019 i el 31 de juliol de 2020<\/span><\/strong>.<\/p>\n<p style=\"font-weight: 400;\">Us animem a compartir amb altres centres aquesta convocat\u00f2ria i us avancem les 5 \u00e0rees de finan\u00e7ament possibles, si en son seleccionats.<\/p>\n<ol style=\"font-weight: 400;\">\n<li><strong><em>Modalitat A. Accions de refor\u00e7 educatiu extern<\/em><\/strong>\u00a0proporcionades, en horari lectiu, per orientadors, docents, professionals o assessors de refor\u00e7 per als alumnes m\u00e9s vulnerables. Inclou activitats personalitzades d\u2019atenci\u00f3, suport a les compet\u00e8ncies b\u00e0siques, orientaci\u00f3 i refor\u00e7 educatiu per als alumnes de necessitats espec\u00edfiques atenci\u00f3 a la diversitat en horari lectiu.<\/li>\n<li><strong><em>Modalitat B. Extensi\u00f3 educativa amb un component l\u00fadic<\/em><\/strong>, dins i fora del centre, en horari lectiu, de tarda o extraescolar. Inclou tallers, sortides i activitats l\u00fadiques i motivadores per millorar les compet\u00e8ncies personals i socials a partir de la implicaci\u00f3 dels alumnes en les activitats als barris o municipis i diferents espais educatius (per exemple, biblioteques, museus, camps d\u2019aprenentatge, etc.).<\/li>\n<li><strong><em>Modalitat C. Orientaci\u00f3 als alumnes amb talents singulars i necessitats educatives espec\u00edfiques<\/em><\/strong>, i atenci\u00f3 a col\u00b7lectius d\u2019alumnes en risc d\u2019exclusi\u00f3, marginalitat, abandonament prematur i desafecci\u00f3 escolar. Inclou activitats d\u2019orientaci\u00f3 amb alumnes destinataris i els seus professors, per assolir les compet\u00e8ncies b\u00e0siques i les compet\u00e8ncies de l\u2019\u00e0mbit personal i social en l\u2019acompanyament als alumnes i en el seu projecte de vida, posant \u00e8mfasi en les transicions educatives.\u00a0<\/li>\n<li><strong><em>Modalitat D. Grups interactius per crear una comunitat i xarxa de suport<\/em><\/strong>\u00a0en els centres participants. Inclou tallers, sessions i activitats de suport a les fam\u00edlies i agents educatius de col\u00b7lectius vulnerables, a trav\u00e9s de la seva participaci\u00f3 en la inclusi\u00f3 i acollida a la comunitat educativa.<\/li>\n<li><strong style=\"font-style: inherit;\"><em>Modalitat E. Creaci\u00f3 d\u2019activitats i material educatiu de refor\u00e7<\/em><\/strong>\u00a0per proporcionar suport als alumnes en per\u00edode de vacances. Inclou el suport a les activitats d\u2019educaci\u00f3 en el lleure i estades estivals de suport educatiu als alumnes a trav\u00e9s d\u2019espais did\u00e0ctics espec\u00edfics, i facilita l\u2019acc\u00e9s virtual a recursos educatius vinculats a la dimensi\u00f3 d\u2019aprendre a aprendre per als alumnes en risc d\u2019exclusi\u00f3, en per\u00edodes festius i de vacances.<\/li>\n<\/ol>\n<p>&nbsp;<\/p>\n","protected":false},"excerpt":{"rendered":"<p>Us recordem que es va publicar en el Portal de Centre la convocat\u00f2ria\u00a0de selecci\u00f3 de\u00a0Projectes amb Oportunitats d\u2019\u00c8xit Educatiu a [&hellip;]<\/p>\n","protected":false},"author":1,"featured_media":12099,"comment_status":"closed","ping_status":"closed","sticky":false,"template":"","format":"standard","meta":{"_bbp_topic_count":0,"_bbp_reply_count":0,"_bbp_total_topic_count":0,"_bbp_total_reply_count":0,"_bbp_voice_count":0,"_bbp_anonymous_reply_count":0,"_bbp_topic_count_hidden":0,"_bbp_reply_count_hidden":0,"_bbp_forum_subforum_count":0,"site-sidebar-layout":"default","site-content-layout":"","ast-site-content-layout":"","site-content-style":"default","site-sidebar-style":"default","ast-global-header-display":"","ast-banner-title-visibility":"","ast-main-header-display":"","ast-hfb-above-header-display":"","ast-hfb-below-header-display":"","ast-hfb-mobile-header-display":"","site-post-title":"","ast-breadcrumbs-content":"","ast-featured-img":"","footer-sml-layout":"","theme-transparent-header-meta":"","adv-header-id-meta":"","stick-header-meta":"","header-above-stick-meta":"","header-main-stick-meta":"","header-below-stick-meta":"","astra-migrate-meta-layouts":"default","ast-page-background-enabled":"default","ast-page-background-meta":{"desktop":{"background-color":"var(--ast-global-color-4)","background-image":"","background-repeat":"repeat","background-position":"center center","background-size":"auto","background-attachment":"scroll","background-type":"","background-media":"","overlay-type":"","overlay-color":"","overlay-opacity":"","overlay-gradient":""},"tablet":{"background-color":"","background-image":"","background-repeat":"repeat","background-position":"center center","background-size":"auto","background-attachment":"scroll","background-type":"","background-media":"","overlay-type":"","overlay-color":"","overlay-opacity":"","overlay-gradient":""},"mobile":{"background-color":"","background-image":"","background-repeat":"repeat","background-position":"center center","background-size":"auto","background-attachment":"scroll","background-type":"","background-media":"","overlay-type":"","overlay-color":"","overlay-opacity":"","overlay-gradient":""}},"ast-content-background-meta":{"desktop":{"background-color":"var(--ast-global-color-5)","background-image":"","background-repeat":"repeat","background-position":"center center","background-size":"auto","background-attachment":"scroll","background-type":"","background-media":"","overlay-type":"","overlay-color":"","overlay-opacity":"","overlay-gradient":""},"tablet":{"background-color":"var(--ast-global-color-5)","background-image":"","background-repeat":"repeat","background-position":"center center","background-size":"auto","background-attachment":"scroll","background-type":"","background-media":"","overlay-type":"","overlay-color":"","overlay-opacity":"","overlay-gradient":""},"mobile":{"background-color":"var(--ast-global-color-5)","background-image":"","background-repeat":"repeat","background-position":"center center","background-size":"auto","background-attachment":"scroll","background-type":"","background-media":"","overlay-type":"","overlay-color":"","overlay-opacity":"","overlay-gradient":""}},"footnotes":""},"categories":[64,872,29],"tags":[],"class_list":["post-12098","post","type-post","status-publish","format-standard","has-post-thumbnail","hentry","category-comunitat","category-missatgeria","category-portada"],"post_mailing_queue_ids":[],"_links":{"self":[{"href":"https:\/\/serveiseducatius.xtec.cat\/badalona\/wp-json\/wp\/v2\/posts\/12098","targetHints":{"allow":["GET"]}}],"collection":[{"href":"https:\/\/serveiseducatius.xtec.cat\/badalona\/wp-json\/wp\/v2\/posts"}],"about":[{"href":"https:\/\/serveiseducatius.xtec.cat\/badalona\/wp-json\/wp\/v2\/types\/post"}],"author":[{"embeddable":true,"href":"https:\/\/serveiseducatius.xtec.cat\/badalona\/wp-json\/wp\/v2\/users\/1"}],"replies":[{"embeddable":true,"href":"https:\/\/serveiseducatius.xtec.cat\/badalona\/wp-json\/wp\/v2\/comments?post=12098"}],"version-history":[{"count":1,"href":"https:\/\/serveiseducatius.xtec.cat\/badalona\/wp-json\/wp\/v2\/posts\/12098\/revisions"}],"predecessor-version":[{"id":12103,"href":"https:\/\/serveiseducatius.xtec.cat\/badalona\/wp-json\/wp\/v2\/posts\/12098\/revisions\/12103"}],"wp:featuredmedia":[{"embeddable":true,"href":"https:\/\/serveiseducatius.xtec.cat\/badalona\/wp-json\/wp\/v2\/media\/12099"}],"wp:attachment":[{"href":"https:\/\/serveiseducatius.xtec.cat\/badalona\/wp-json\/wp\/v2\/media?parent=12098"}],"wp:term":[{"taxonomy":"category","embeddable":true,"href":"https:\/\/serveiseducatius.xtec.cat\/badalona\/wp-json\/wp\/v2\/categories?post=12098"},{"taxonomy":"post_tag","embeddable":true,"href":"https:\/\/serveiseducatius.xtec.cat\/badalona\/wp-json\/wp\/v2\/tags?post=12098"}],"curies":[{"name":"wp","href":"https:\/\/api.w.org\/{rel}","templated":true}]}}