{"id":11973,"date":"2019-06-20T13:57:08","date_gmt":"2019-06-20T11:57:08","guid":{"rendered":"http:\/\/serveiseducatius.xtec.cat\/badalona\/?p=11973"},"modified":"2019-06-23T14:25:36","modified_gmt":"2019-06-23T12:25:36","slug":"premi-aprenentatge-servei","status":"publish","type":"post","link":"https:\/\/serveiseducatius.xtec.cat\/badalona\/portada\/premi-aprenentatge-servei\/","title":{"rendered":"Premi Aprenentatge-Servei"},"content":{"rendered":"<div class=\"field field-name-field-resum field-type-text-long field-label-hidden\">\n<div class=\"field-items\">\n<div class=\"field-item even\">\n<p><a href=\"https:\/\/aprendizajeservicio.com\/\" target=\"_blank\" rel=\"noopener noreferrer\"><img loading=\"lazy\" decoding=\"async\" class=\"wp-image-11974 alignnone\" src=\"https:\/\/serveiseducatius.xtec.cat\/badalona\/wp-content\/uploads\/usu1088\/2019\/06\/000_Banner_Inscripcion_APS_ESP_V2.jpg\" alt=\"\" width=\"693\" height=\"258\" srcset=\"https:\/\/serveiseducatius.xtec.cat\/badalona\/wp-content\/uploads\/usu1088\/2019\/06\/000_Banner_Inscripcion_APS_ESP_V2.jpg 930w, https:\/\/serveiseducatius.xtec.cat\/badalona\/wp-content\/uploads\/usu1088\/2019\/06\/000_Banner_Inscripcion_APS_ESP_V2-300x112.jpg 300w, https:\/\/serveiseducatius.xtec.cat\/badalona\/wp-content\/uploads\/usu1088\/2019\/06\/000_Banner_Inscripcion_APS_ESP_V2-768x286.jpg 768w\" sizes=\"auto, (max-width: 693px) 100vw, 693px\" \/><\/a><\/p>\n<p>La Red Espa\u00f1ola de Aprendizaje-Servicio, Educo i l&#8217;Editorial Edeb\u00e9 engeguen una nova edici\u00f3 d&#8217;aquests <strong><a href=\"https:\/\/aprendizajeservicio.com\/\" target=\"_blank\" rel=\"noopener noreferrer\">Premis<\/a><\/strong> que volen recon\u00e8ixer la tasca de centres d&#8217;Educaci\u00f3 Infantil- Prim\u00e0ria, Secund\u00e0ria-Batxillerat i Formaci\u00f3 Professional, aix\u00ed com a entitats socials que desenvolupin pr\u00e0ctiques d&#8217;aprenentatge i servei.<\/p>\n<\/div>\n<\/div>\n<\/div>\n<div class=\"field field-name-field-date field-type-date field-label-inline clearfix\">\n<div class=\"field-label\">Termini convocat\u00f2ria: fins\u00a0<span class=\"date-display-end\">15\/09\/2019<\/span><\/div>\n<\/div>\n<div>\u00a0<\/div>\n<div><strong>Objectius dels Premis<\/strong><\/p>\n<ol>\n<li>Recon\u00e8ixer la tasca dels centres educatius i entitats socials que integren l&#8217;aprenentatge dels estudiants amb accions solid\u00e0ries destinades a millorar la qualitat de vida de la comunitat.<\/li>\n<li>Recon\u00e8ixer les pr\u00e0ctiques d&#8217;Aprenentatge-Servei com a eina d&#8217;\u00e8xit educatiu i comprom\u00eds social.<\/li>\n<li>Enfortir i difondre una cultura participativa, solid\u00e0ria i de comprom\u00eds c\u00edvic, de manera que s\u2019estimuli la divulgaci\u00f3 i implementaci\u00f3 de l&#8217;Aprenentatge-Servei.<\/li>\n<\/ol>\n<p><strong>Qui hi pot participar?<\/strong><\/p>\n<ul>\n<li>Tots els centres educatius de l\u2019Estat espanyol p\u00fablics, concertats o privats, dels nivells d\u2019Infantil-Prim\u00e0ria, ESO-Batxillerat i Formaci\u00f3 Professional que estiguin desenvolupant pr\u00e0ctiques d\u2019Aprenentatge-Servei.<\/li>\n<li>Les entitats socials (entitats d\u2019educaci\u00f3 no formal, moviments i associacions juvenils, entitats d\u2019educaci\u00f3 en el lleure i agrupacions escolta, associacions de voluntariat, mediambientals, culturals, etc.) que estiguin desenvolupant pr\u00e0ctiques d\u2019Aprenentatge-Servei en qualsevol de les comunitats aut\u00f2nomes.<\/li>\n<\/ul>\n<\/div>\n<p><strong><a href=\"https:\/\/aprendizajeservicio.com\/\" target=\"_blank\" rel=\"noopener noreferrer\">Consulta les bases i terminis!<\/a><\/strong><\/p>\n","protected":false},"excerpt":{"rendered":"<p>La Red Espa\u00f1ola de Aprendizaje-Servicio, Educo i l&#8217;Editorial Edeb\u00e9 engeguen una nova edici\u00f3 d&#8217;aquests Premis que volen recon\u00e8ixer la tasca [&hellip;]<\/p>\n","protected":false},"author":9,"featured_media":11975,"comment_status":"closed","ping_status":"closed","sticky":false,"template":"","format":"standard","meta":{"_bbp_topic_count":0,"_bbp_reply_count":0,"_bbp_total_topic_count":0,"_bbp_total_reply_count":0,"_bbp_voice_count":0,"_bbp_anonymous_reply_count":0,"_bbp_topic_count_hidden":0,"_bbp_reply_count_hidden":0,"_bbp_forum_subforum_count":0,"site-sidebar-layout":"default","site-content-layout":"","ast-site-content-layout":"","site-content-style":"default","site-sidebar-style":"default","ast-global-header-display":"","ast-banner-title-visibility":"","ast-main-header-display":"","ast-hfb-above-header-display":"","ast-hfb-below-header-display":"","ast-hfb-mobile-header-display":"","site-post-title":"","ast-breadcrumbs-content":"","ast-featured-img":"","footer-sml-layout":"","theme-transparent-header-meta":"","adv-header-id-meta":"","stick-header-meta":"","header-above-stick-meta":"","header-main-stick-meta":"","header-below-stick-meta":"","astra-migrate-meta-layouts":"default","ast-page-background-enabled":"default","ast-page-background-meta":{"desktop":{"background-color":"var(--ast-global-color-4)","background-image":"","background-repeat":"repeat","background-position":"center center","background-size":"auto","background-attachment":"scroll","background-type":"","background-media":"","overlay-type":"","overlay-color":"","overlay-opacity":"","overlay-gradient":""},"tablet":{"background-color":"","background-image":"","background-repeat":"repeat","background-position":"center center","background-size":"auto","background-attachment":"scroll","background-type":"","background-media":"","overlay-type":"","overlay-color":"","overlay-opacity":"","overlay-gradient":""},"mobile":{"background-color":"","background-image":"","background-repeat":"repeat","background-position":"center center","background-size":"auto","background-attachment":"scroll","background-type":"","background-media":"","overlay-type":"","overlay-color":"","overlay-opacity":"","overlay-gradient":""}},"ast-content-background-meta":{"desktop":{"background-color":"var(--ast-global-color-5)","background-image":"","background-repeat":"repeat","background-position":"center center","background-size":"auto","background-attachment":"scroll","background-type":"","background-media":"","overlay-type":"","overlay-color":"","overlay-opacity":"","overlay-gradient":""},"tablet":{"background-color":"var(--ast-global-color-5)","background-image":"","background-repeat":"repeat","background-position":"center center","background-size":"auto","background-attachment":"scroll","background-type":"","background-media":"","overlay-type":"","overlay-color":"","overlay-opacity":"","overlay-gradient":""},"mobile":{"background-color":"var(--ast-global-color-5)","background-image":"","background-repeat":"repeat","background-position":"center center","background-size":"auto","background-attachment":"scroll","background-type":"","background-media":"","overlay-type":"","overlay-color":"","overlay-opacity":"","overlay-gradient":""}},"footnotes":""},"categories":[64,29,77],"tags":[573,401,471,505,111],"class_list":["post-11973","post","type-post","status-publish","format-standard","has-post-thumbnail","hentry","category-comunitat","category-portada","category-servei-comunitari","tag-convocatoria","tag-educacio-primaria","tag-educacio-secundaria","tag-premis","tag-servei-comunitari"],"post_mailing_queue_ids":[],"_links":{"self":[{"href":"https:\/\/serveiseducatius.xtec.cat\/badalona\/wp-json\/wp\/v2\/posts\/11973","targetHints":{"allow":["GET"]}}],"collection":[{"href":"https:\/\/serveiseducatius.xtec.cat\/badalona\/wp-json\/wp\/v2\/posts"}],"about":[{"href":"https:\/\/serveiseducatius.xtec.cat\/badalona\/wp-json\/wp\/v2\/types\/post"}],"author":[{"embeddable":true,"href":"https:\/\/serveiseducatius.xtec.cat\/badalona\/wp-json\/wp\/v2\/users\/9"}],"replies":[{"embeddable":true,"href":"https:\/\/serveiseducatius.xtec.cat\/badalona\/wp-json\/wp\/v2\/comments?post=11973"}],"version-history":[{"count":1,"href":"https:\/\/serveiseducatius.xtec.cat\/badalona\/wp-json\/wp\/v2\/posts\/11973\/revisions"}],"predecessor-version":[{"id":12008,"href":"https:\/\/serveiseducatius.xtec.cat\/badalona\/wp-json\/wp\/v2\/posts\/11973\/revisions\/12008"}],"wp:featuredmedia":[{"embeddable":true,"href":"https:\/\/serveiseducatius.xtec.cat\/badalona\/wp-json\/wp\/v2\/media\/11975"}],"wp:attachment":[{"href":"https:\/\/serveiseducatius.xtec.cat\/badalona\/wp-json\/wp\/v2\/media?parent=11973"}],"wp:term":[{"taxonomy":"category","embeddable":true,"href":"https:\/\/serveiseducatius.xtec.cat\/badalona\/wp-json\/wp\/v2\/categories?post=11973"},{"taxonomy":"post_tag","embeddable":true,"href":"https:\/\/serveiseducatius.xtec.cat\/badalona\/wp-json\/wp\/v2\/tags?post=11973"}],"curies":[{"name":"wp","href":"https:\/\/api.w.org\/{rel}","templated":true}]}}