{"id":11971,"date":"2019-06-20T13:29:07","date_gmt":"2019-06-20T11:29:07","guid":{"rendered":"http:\/\/serveiseducatius.xtec.cat\/badalona\/?p=11971"},"modified":"2019-06-23T14:20:33","modified_gmt":"2019-06-23T12:20:33","slug":"fruita-i-llet-a-les-escoles","status":"publish","type":"post","link":"https:\/\/serveiseducatius.xtec.cat\/badalona\/portada\/fruita-i-llet-a-les-escoles\/","title":{"rendered":"Fruita i llet a les escoles!"},"content":{"rendered":"<p><a href=\"http:\/\/xtec.gencat.cat\/ca\/agenda\/Sollicituds-als-programes-escolars-de-fruita-i-llet\" target=\"_blank\" rel=\"noopener noreferrer\"><img loading=\"lazy\" decoding=\"async\" class=\"wp-image-11972 alignleft\" src=\"https:\/\/serveiseducatius.xtec.cat\/badalona\/wp-content\/uploads\/usu1088\/2019\/06\/gCaptura-1.jpg\" alt=\"\" width=\"610\" height=\"366\" \/><\/a><\/p>\n<p><strong>Programes de consum de fruita i de llet. Adscripci\u00f3 centres educatius curs 2019\/2020<\/strong><\/p>\n<p>Sol\u00b7licitud d\u2019adscripci\u00f3 als <strong><a href=\"http:\/\/xtec.gencat.cat\/ca\/agenda\/Sollicituds-als-programes-escolars-de-fruita-i-llet\" target=\"_blank\" rel=\"noopener noreferrer\">programes de fruita i de llet<\/a><\/strong> del curs 2019\/2020 per als centres educatius.<br \/>\nPermet als centres educatius p\u00fablics i privats que imparteixin 2n cicle d&#8217;educaci\u00f3 infantil i prim\u00e0ria rebre gratu\u00eftament fruita i llet per al consum dels nens\/nenes a l\u2019hora d\u2019esmorzar o berenar dins del recinte escolar. La llet tamb\u00e9 poden sol\u00b7licitar-la els centres de 1r cicle d\u2019educaci\u00f3 infantil.<\/p>\n<p>L\u2019acceptaci\u00f3 de les sol\u00b7licituds est\u00e0 associada a la convocat\u00f2ria dels ajuts a la promoci\u00f3 i distribuci\u00f3 de fruita i hortalisses i de llet a les escoles. En cas de no poder atendre totes les sol\u00b7licituds es donar\u00e0 prioritat als centres educatius considerats pel Departament d\u2019Ensenyament com a centres de m\u00e0xima complexitat; despr\u00e9s, als que ja hagin participat en els programes i hagin complert amb les obligacions establertes.<\/p>\n<p>Termini fins l&#8217;1 de juliol 2019. <a href=\"http:\/\/xtec.gencat.cat\/ca\/agenda\/Sollicituds-als-programes-escolars-de-fruita-i-llet\" target=\"_blank\" rel=\"noopener noreferrer\">Per m\u00e9s informaci\u00f3<\/a><\/p>\n<p>&nbsp;<\/p>\n","protected":false},"excerpt":{"rendered":"<p>Programes de consum de fruita i de llet. Adscripci\u00f3 centres educatius curs 2019\/2020 Sol\u00b7licitud d\u2019adscripci\u00f3 als programes de fruita i [&hellip;]<\/p>\n","protected":false},"author":9,"featured_media":11972,"comment_status":"closed","ping_status":"closed","sticky":false,"template":"","format":"standard","meta":{"_bbp_topic_count":0,"_bbp_reply_count":0,"_bbp_total_topic_count":0,"_bbp_total_reply_count":0,"_bbp_voice_count":0,"_bbp_anonymous_reply_count":0,"_bbp_topic_count_hidden":0,"_bbp_reply_count_hidden":0,"_bbp_forum_subforum_count":0,"site-sidebar-layout":"default","site-content-layout":"","ast-site-content-layout":"","site-content-style":"default","site-sidebar-style":"default","ast-global-header-display":"","ast-banner-title-visibility":"","ast-main-header-display":"","ast-hfb-above-header-display":"","ast-hfb-below-header-display":"","ast-hfb-mobile-header-display":"","site-post-title":"","ast-breadcrumbs-content":"","ast-featured-img":"","footer-sml-layout":"","theme-transparent-header-meta":"","adv-header-id-meta":"","stick-header-meta":"","header-above-stick-meta":"","header-main-stick-meta":"","header-below-stick-meta":"","astra-migrate-meta-layouts":"default","ast-page-background-enabled":"default","ast-page-background-meta":{"desktop":{"background-color":"var(--ast-global-color-4)","background-image":"","background-repeat":"repeat","background-position":"center center","background-size":"auto","background-attachment":"scroll","background-type":"","background-media":"","overlay-type":"","overlay-color":"","overlay-opacity":"","overlay-gradient":""},"tablet":{"background-color":"","background-image":"","background-repeat":"repeat","background-position":"center center","background-size":"auto","background-attachment":"scroll","background-type":"","background-media":"","overlay-type":"","overlay-color":"","overlay-opacity":"","overlay-gradient":""},"mobile":{"background-color":"","background-image":"","background-repeat":"repeat","background-position":"center center","background-size":"auto","background-attachment":"scroll","background-type":"","background-media":"","overlay-type":"","overlay-color":"","overlay-opacity":"","overlay-gradient":""}},"ast-content-background-meta":{"desktop":{"background-color":"var(--ast-global-color-5)","background-image":"","background-repeat":"repeat","background-position":"center center","background-size":"auto","background-attachment":"scroll","background-type":"","background-media":"","overlay-type":"","overlay-color":"","overlay-opacity":"","overlay-gradient":""},"tablet":{"background-color":"var(--ast-global-color-5)","background-image":"","background-repeat":"repeat","background-position":"center center","background-size":"auto","background-attachment":"scroll","background-type":"","background-media":"","overlay-type":"","overlay-color":"","overlay-opacity":"","overlay-gradient":""},"mobile":{"background-color":"var(--ast-global-color-5)","background-image":"","background-repeat":"repeat","background-position":"center center","background-size":"auto","background-attachment":"scroll","background-type":"","background-media":"","overlay-type":"","overlay-color":"","overlay-opacity":"","overlay-gradient":""}},"footnotes":""},"categories":[64,29],"tags":[1211,1210,1202],"class_list":["post-11971","post","type-post","status-publish","format-standard","has-post-thumbnail","hentry","category-comunitat","category-portada","tag-fruita-i-llet-a-les-escoles","tag-inscripcio","tag-programes"],"post_mailing_queue_ids":[],"_links":{"self":[{"href":"https:\/\/serveiseducatius.xtec.cat\/badalona\/wp-json\/wp\/v2\/posts\/11971","targetHints":{"allow":["GET"]}}],"collection":[{"href":"https:\/\/serveiseducatius.xtec.cat\/badalona\/wp-json\/wp\/v2\/posts"}],"about":[{"href":"https:\/\/serveiseducatius.xtec.cat\/badalona\/wp-json\/wp\/v2\/types\/post"}],"author":[{"embeddable":true,"href":"https:\/\/serveiseducatius.xtec.cat\/badalona\/wp-json\/wp\/v2\/users\/9"}],"replies":[{"embeddable":true,"href":"https:\/\/serveiseducatius.xtec.cat\/badalona\/wp-json\/wp\/v2\/comments?post=11971"}],"version-history":[{"count":1,"href":"https:\/\/serveiseducatius.xtec.cat\/badalona\/wp-json\/wp\/v2\/posts\/11971\/revisions"}],"predecessor-version":[{"id":12005,"href":"https:\/\/serveiseducatius.xtec.cat\/badalona\/wp-json\/wp\/v2\/posts\/11971\/revisions\/12005"}],"wp:featuredmedia":[{"embeddable":true,"href":"https:\/\/serveiseducatius.xtec.cat\/badalona\/wp-json\/wp\/v2\/media\/11972"}],"wp:attachment":[{"href":"https:\/\/serveiseducatius.xtec.cat\/badalona\/wp-json\/wp\/v2\/media?parent=11971"}],"wp:term":[{"taxonomy":"category","embeddable":true,"href":"https:\/\/serveiseducatius.xtec.cat\/badalona\/wp-json\/wp\/v2\/categories?post=11971"},{"taxonomy":"post_tag","embeddable":true,"href":"https:\/\/serveiseducatius.xtec.cat\/badalona\/wp-json\/wp\/v2\/tags?post=11971"}],"curies":[{"name":"wp","href":"https:\/\/api.w.org\/{rel}","templated":true}]}}