{"id":11893,"date":"2019-06-07T12:18:32","date_gmt":"2019-06-07T10:18:32","guid":{"rendered":"http:\/\/serveiseducatius.xtec.cat\/badalona\/?p=11893"},"modified":"2019-06-07T12:20:58","modified_gmt":"2019-06-07T10:20:58","slug":"trobada-pedagogica-metodologies-integrades-per-a-un-aprenentatge-holistic-de-les-llengues","status":"publish","type":"post","link":"https:\/\/serveiseducatius.xtec.cat\/badalona\/portada\/trobada-pedagogica-metodologies-integrades-per-a-un-aprenentatge-holistic-de-les-llengues\/","title":{"rendered":"Trobada pedag\u00f2gica &#8211; Metodologies integrades per a un aprenentatge hol\u00edstic de les lleng\u00fces"},"content":{"rendered":"<p><a href=\"https:\/\/agora.xtec.cat\/cesire\/general\/trobada-pedagogica-metodologies-integrades-per-a-un-aprenentatge-holistic-de-les-llengues\/\" target=\"_blank\" rel=\"noopener noreferrer\"><img loading=\"lazy\" decoding=\"async\" class=\"alignnone size-full wp-image-11895\" src=\"https:\/\/serveiseducatius.xtec.cat\/badalona\/wp-content\/uploads\/usu1088\/2019\/06\/Diapositiva3-300x225.jpg\" alt=\"\" width=\"300\" height=\"225\" srcset=\"https:\/\/serveiseducatius.xtec.cat\/badalona\/wp-content\/uploads\/usu1088\/2019\/06\/Diapositiva3-300x225.jpg 300w, https:\/\/serveiseducatius.xtec.cat\/badalona\/wp-content\/uploads\/usu1088\/2019\/06\/Diapositiva3-300x225-200x150.jpg 200w\" sizes=\"auto, (max-width: 300px) 100vw, 300px\" \/><\/a><\/p>\n<p>El proper 27 de juny tindr\u00e0 lloc una trobada pedag\u00f2gica sobre <a href=\"https:\/\/agora.xtec.cat\/cesire\/general\/trobada-pedagogica-metodologies-integrades-per-a-un-aprenentatge-holistic-de-les-llengues\/\" target=\"_blank\" rel=\"noopener noreferrer\"><strong>Metodologies integrades per a un aprenentatge hol\u00edstic de les lleng\u00fces.<\/strong><\/a><\/p>\n<p>Integrar, connectar i equilibrar -les emocions, la cognici\u00f3 i el cos- esdevenen els tres conceptes clau per tal que els aprenentatges de llengua siguin significatius.Com integrem t\u00e8cniques hol\u00edstiques en l\u2019aprenentatge de lleng\u00fces a les aules d\u2019infantil, prim\u00e0ria i secund\u00e0ria? Vine a descobrir-ho!<\/p>\n<p><a href=\"https:\/\/agora.xtec.cat\/cesire\/general\/trobada-pedagogica-metodologies-integrades-per-a-un-aprenentatge-holistic-de-les-llengues\/\" target=\"_blank\" rel=\"noopener noreferrer\">Per a m\u00e9s informaci\u00f3<\/a><\/p>\n<p><img loading=\"lazy\" decoding=\"async\" class=\"alignnone  wp-image-11894\" src=\"https:\/\/serveiseducatius.xtec.cat\/badalona\/wp-content\/uploads\/usu1088\/2019\/06\/Diapositiva2.jpg\" alt=\"\" width=\"701\" height=\"526\" srcset=\"https:\/\/serveiseducatius.xtec.cat\/badalona\/wp-content\/uploads\/usu1088\/2019\/06\/Diapositiva2.jpg 960w, https:\/\/serveiseducatius.xtec.cat\/badalona\/wp-content\/uploads\/usu1088\/2019\/06\/Diapositiva2-300x225.jpg 300w, https:\/\/serveiseducatius.xtec.cat\/badalona\/wp-content\/uploads\/usu1088\/2019\/06\/Diapositiva2-768x576.jpg 768w, https:\/\/serveiseducatius.xtec.cat\/badalona\/wp-content\/uploads\/usu1088\/2019\/06\/Diapositiva2-200x150.jpg 200w\" sizes=\"auto, (max-width: 701px) 100vw, 701px\" \/><\/p>\n","protected":false},"excerpt":{"rendered":"<p>El proper 27 de juny tindr\u00e0 lloc una trobada pedag\u00f2gica sobre Metodologies integrades per a un aprenentatge hol\u00edstic de les [&hellip;]<\/p>\n","protected":false},"author":9,"featured_media":11895,"comment_status":"closed","ping_status":"closed","sticky":false,"template":"","format":"standard","meta":{"_bbp_topic_count":0,"_bbp_reply_count":0,"_bbp_total_topic_count":0,"_bbp_total_reply_count":0,"_bbp_voice_count":0,"_bbp_anonymous_reply_count":0,"_bbp_topic_count_hidden":0,"_bbp_reply_count_hidden":0,"_bbp_forum_subforum_count":0,"site-sidebar-layout":"default","site-content-layout":"","ast-site-content-layout":"","site-content-style":"default","site-sidebar-style":"default","ast-global-header-display":"","ast-banner-title-visibility":"","ast-main-header-display":"","ast-hfb-above-header-display":"","ast-hfb-below-header-display":"","ast-hfb-mobile-header-display":"","site-post-title":"","ast-breadcrumbs-content":"","ast-featured-img":"","footer-sml-layout":"","theme-transparent-header-meta":"","adv-header-id-meta":"","stick-header-meta":"","header-above-stick-meta":"","header-main-stick-meta":"","header-below-stick-meta":"","astra-migrate-meta-layouts":"default","ast-page-background-enabled":"default","ast-page-background-meta":{"desktop":{"background-color":"var(--ast-global-color-4)","background-image":"","background-repeat":"repeat","background-position":"center center","background-size":"auto","background-attachment":"scroll","background-type":"","background-media":"","overlay-type":"","overlay-color":"","overlay-opacity":"","overlay-gradient":""},"tablet":{"background-color":"","background-image":"","background-repeat":"repeat","background-position":"center center","background-size":"auto","background-attachment":"scroll","background-type":"","background-media":"","overlay-type":"","overlay-color":"","overlay-opacity":"","overlay-gradient":""},"mobile":{"background-color":"","background-image":"","background-repeat":"repeat","background-position":"center center","background-size":"auto","background-attachment":"scroll","background-type":"","background-media":"","overlay-type":"","overlay-color":"","overlay-opacity":"","overlay-gradient":""}},"ast-content-background-meta":{"desktop":{"background-color":"var(--ast-global-color-5)","background-image":"","background-repeat":"repeat","background-position":"center center","background-size":"auto","background-attachment":"scroll","background-type":"","background-media":"","overlay-type":"","overlay-color":"","overlay-opacity":"","overlay-gradient":""},"tablet":{"background-color":"var(--ast-global-color-5)","background-image":"","background-repeat":"repeat","background-position":"center center","background-size":"auto","background-attachment":"scroll","background-type":"","background-media":"","overlay-type":"","overlay-color":"","overlay-opacity":"","overlay-gradient":""},"mobile":{"background-color":"var(--ast-global-color-5)","background-image":"","background-repeat":"repeat","background-position":"center center","background-size":"auto","background-attachment":"scroll","background-type":"","background-media":"","overlay-type":"","overlay-color":"","overlay-opacity":"","overlay-gradient":""}},"footnotes":""},"categories":[419,29,76],"tags":[972,674,1192,202,470],"class_list":["post-11893","post","type-post","status-publish","format-standard","has-post-thumbnail","hentry","category-curriculum","category-portada","category-recursos","tag-aprenentatge-integrat-de-llengues","tag-cesire","tag-debat-pedagogic","tag-llengues-estrangeres","tag-trobada"],"post_mailing_queue_ids":[],"_links":{"self":[{"href":"https:\/\/serveiseducatius.xtec.cat\/badalona\/wp-json\/wp\/v2\/posts\/11893","targetHints":{"allow":["GET"]}}],"collection":[{"href":"https:\/\/serveiseducatius.xtec.cat\/badalona\/wp-json\/wp\/v2\/posts"}],"about":[{"href":"https:\/\/serveiseducatius.xtec.cat\/badalona\/wp-json\/wp\/v2\/types\/post"}],"author":[{"embeddable":true,"href":"https:\/\/serveiseducatius.xtec.cat\/badalona\/wp-json\/wp\/v2\/users\/9"}],"replies":[{"embeddable":true,"href":"https:\/\/serveiseducatius.xtec.cat\/badalona\/wp-json\/wp\/v2\/comments?post=11893"}],"version-history":[{"count":2,"href":"https:\/\/serveiseducatius.xtec.cat\/badalona\/wp-json\/wp\/v2\/posts\/11893\/revisions"}],"predecessor-version":[{"id":11898,"href":"https:\/\/serveiseducatius.xtec.cat\/badalona\/wp-json\/wp\/v2\/posts\/11893\/revisions\/11898"}],"wp:featuredmedia":[{"embeddable":true,"href":"https:\/\/serveiseducatius.xtec.cat\/badalona\/wp-json\/wp\/v2\/media\/11895"}],"wp:attachment":[{"href":"https:\/\/serveiseducatius.xtec.cat\/badalona\/wp-json\/wp\/v2\/media?parent=11893"}],"wp:term":[{"taxonomy":"category","embeddable":true,"href":"https:\/\/serveiseducatius.xtec.cat\/badalona\/wp-json\/wp\/v2\/categories?post=11893"},{"taxonomy":"post_tag","embeddable":true,"href":"https:\/\/serveiseducatius.xtec.cat\/badalona\/wp-json\/wp\/v2\/tags?post=11893"}],"curies":[{"name":"wp","href":"https:\/\/api.w.org\/{rel}","templated":true}]}}