{"id":11867,"date":"2019-06-05T16:46:17","date_gmt":"2019-06-05T14:46:17","guid":{"rendered":"http:\/\/serveiseducatius.xtec.cat\/badalona\/?p=11867"},"modified":"2019-06-05T16:46:17","modified_gmt":"2019-06-05T14:46:17","slug":"properes-activitats-a-badalona-des-de-larea-de-medi-ambient-de-lajuntament-de-badalona","status":"publish","type":"post","link":"https:\/\/serveiseducatius.xtec.cat\/badalona\/general\/properes-activitats-a-badalona-des-de-larea-de-medi-ambient-de-lajuntament-de-badalona\/","title":{"rendered":"Properes activitats a Badalona des de l&#8217;\u00e0rea de Medi Ambient de l&#8217;Ajuntament de Badalona"},"content":{"rendered":"<p>\n<img loading=\"lazy\" decoding=\"async\" class=\"wp-image-11872 alignleft\" src=\"https:\/\/serveiseducatius.xtec.cat\/badalona\/wp-content\/uploads\/usu1088\/2019\/06\/11942-1.jpg\" alt=\"\" width=\"364\" height=\"281\" srcset=\"https:\/\/serveiseducatius.xtec.cat\/badalona\/wp-content\/uploads\/usu1088\/2019\/06\/11942-1.jpg 666w, https:\/\/serveiseducatius.xtec.cat\/badalona\/wp-content\/uploads\/usu1088\/2019\/06\/11942-1-300x231.jpg 300w\" sizes=\"auto, (max-width: 364px) 100vw, 364px\" \/><\/p>\n<p><img loading=\"lazy\" decoding=\"async\" class=\"wp-image-11870 alignleft\" style=\"font-family: inherit; font-size: 1em;\" src=\"https:\/\/serveiseducatius.xtec.cat\/badalona\/wp-content\/uploads\/usu1088\/2019\/06\/11962.jpg\" alt=\"\" width=\"280\" height=\"220\" srcset=\"https:\/\/serveiseducatius.xtec.cat\/badalona\/wp-content\/uploads\/usu1088\/2019\/06\/11962.jpg 666w, https:\/\/serveiseducatius.xtec.cat\/badalona\/wp-content\/uploads\/usu1088\/2019\/06\/11962-300x236.jpg 300w\" sizes=\"auto, (max-width: 280px) 100vw, 280px\" \/> Celebrem la Setmana de la Natura amb un seguit d&#8217;activitats aquest cap de setmana del 7 al 9 de juny.<\/p>\n<p>La Xarxa d\u2019Escoles de Badalona per a la Sostenibilitat (XES-Bdn), en el marc de la celebraci\u00f3 del Dia Internacional del Medi Ambient, 5 de juny, presentar\u00e0 durant la setmana del 3 al 9 de juny la campanya \u201c<a href=\"http:\/\/ajuntament.badalona.cat\/noticies\/les-escoles-verdes-de-badalona-celebren-el-dia-internacional-del-medi-ambient-amb-la-presentacio-de-la-campanya-badalona-tambe-es-natura-pero-en-tenim-cura\/\" target=\"_blank\" rel=\"noopener noreferrer\">Badalona tamb\u00e9 \u00e9s natura! Per\u00f2\u2026 en tenim cura?<\/a><\/p>\n<p>Us deixem aqu\u00ed els enlla\u00e7os per a m\u00e9s informaci\u00f3.<\/p>\n<p><a title=\"Activitats a Can Solei\" href=\"http:\/\/ajuntament.badalona.cat\/noticies\/activitats-als-parcs-de-can-solei-i-ca-larnus-i-del-torrent-de-la-font-i-del-turo-de-lenric-de-badalona-per-aquest-diumenge-9-de-juny\/\" target=\"_blank\" rel=\"noopener noreferrer\">http:\/\/ajuntament.badalona.cat\/noticies\/activitats-als-parcs-de-can-solei-i-ca-larnus-i-del-torrent-de-la-font-i-del-turo-de-lenric-de-badalona-per-aquest-diumenge-9-de-juny\/<\/a><\/p>\n<p><a href=\"http:\/\/badalona.cat\/portalWeb\/getfile?dID=107165&amp;rendition=web\" target=\"_blank\" rel=\"noopener noreferrer\">La Festa del Mar 9 de juny al Passeig Mar\u00edtim<\/a><\/p>\n<p><a href=\"http:\/\/badalona.cat\/portalWeb\/getfile?dID=107182&amp;rendition=web\" target=\"_blank\" rel=\"noopener noreferrer\">V Trobada de Vela Tradicional de Badalona<\/a><\/p>\n<p><img loading=\"lazy\" decoding=\"async\" class=\"wp-image-11871 alignleft\" src=\"https:\/\/serveiseducatius.xtec.cat\/badalona\/wp-content\/uploads\/usu1088\/2019\/06\/Captura.png\" alt=\"\" width=\"256\" height=\"364\" srcset=\"https:\/\/serveiseducatius.xtec.cat\/badalona\/wp-content\/uploads\/usu1088\/2019\/06\/Captura.png 580w, https:\/\/serveiseducatius.xtec.cat\/badalona\/wp-content\/uploads\/usu1088\/2019\/06\/Captura-211x300.png 211w\" sizes=\"auto, (max-width: 256px) 100vw, 256px\" \/><\/p>\n","protected":false},"excerpt":{"rendered":"<p>Celebrem la Setmana de la Natura amb un seguit d&#8217;activitats aquest cap de setmana del 7 al 9 de juny. [&hellip;]<\/p>\n","protected":false},"author":15,"featured_media":11869,"comment_status":"closed","ping_status":"closed","sticky":false,"template":"","format":"standard","meta":{"_bbp_topic_count":0,"_bbp_reply_count":0,"_bbp_total_topic_count":0,"_bbp_total_reply_count":0,"_bbp_voice_count":0,"_bbp_anonymous_reply_count":0,"_bbp_topic_count_hidden":0,"_bbp_reply_count_hidden":0,"_bbp_forum_subforum_count":0,"site-sidebar-layout":"default","site-content-layout":"","ast-site-content-layout":"","site-content-style":"default","site-sidebar-style":"default","ast-global-header-display":"","ast-banner-title-visibility":"","ast-main-header-display":"","ast-hfb-above-header-display":"","ast-hfb-below-header-display":"","ast-hfb-mobile-header-display":"","site-post-title":"","ast-breadcrumbs-content":"","ast-featured-img":"","footer-sml-layout":"","theme-transparent-header-meta":"","adv-header-id-meta":"","stick-header-meta":"","header-above-stick-meta":"","header-main-stick-meta":"","header-below-stick-meta":"","astra-migrate-meta-layouts":"default","ast-page-background-enabled":"default","ast-page-background-meta":{"desktop":{"background-color":"var(--ast-global-color-4)","background-image":"","background-repeat":"repeat","background-position":"center center","background-size":"auto","background-attachment":"scroll","background-type":"","background-media":"","overlay-type":"","overlay-color":"","overlay-opacity":"","overlay-gradient":""},"tablet":{"background-color":"","background-image":"","background-repeat":"repeat","background-position":"center center","background-size":"auto","background-attachment":"scroll","background-type":"","background-media":"","overlay-type":"","overlay-color":"","overlay-opacity":"","overlay-gradient":""},"mobile":{"background-color":"","background-image":"","background-repeat":"repeat","background-position":"center center","background-size":"auto","background-attachment":"scroll","background-type":"","background-media":"","overlay-type":"","overlay-color":"","overlay-opacity":"","overlay-gradient":""}},"ast-content-background-meta":{"desktop":{"background-color":"var(--ast-global-color-5)","background-image":"","background-repeat":"repeat","background-position":"center center","background-size":"auto","background-attachment":"scroll","background-type":"","background-media":"","overlay-type":"","overlay-color":"","overlay-opacity":"","overlay-gradient":""},"tablet":{"background-color":"var(--ast-global-color-5)","background-image":"","background-repeat":"repeat","background-position":"center center","background-size":"auto","background-attachment":"scroll","background-type":"","background-media":"","overlay-type":"","overlay-color":"","overlay-opacity":"","overlay-gradient":""},"mobile":{"background-color":"var(--ast-global-color-5)","background-image":"","background-repeat":"repeat","background-position":"center center","background-size":"auto","background-attachment":"scroll","background-type":"","background-media":"","overlay-type":"","overlay-color":"","overlay-opacity":"","overlay-gradient":""}},"footnotes":""},"categories":[1,29],"tags":[727],"class_list":["post-11867","post","type-post","status-publish","format-standard","has-post-thumbnail","hentry","category-general","category-portada","tag-area-de-medi-ambient-i-sostenibilitat"],"post_mailing_queue_ids":[],"_links":{"self":[{"href":"https:\/\/serveiseducatius.xtec.cat\/badalona\/wp-json\/wp\/v2\/posts\/11867","targetHints":{"allow":["GET"]}}],"collection":[{"href":"https:\/\/serveiseducatius.xtec.cat\/badalona\/wp-json\/wp\/v2\/posts"}],"about":[{"href":"https:\/\/serveiseducatius.xtec.cat\/badalona\/wp-json\/wp\/v2\/types\/post"}],"author":[{"embeddable":true,"href":"https:\/\/serveiseducatius.xtec.cat\/badalona\/wp-json\/wp\/v2\/users\/15"}],"replies":[{"embeddable":true,"href":"https:\/\/serveiseducatius.xtec.cat\/badalona\/wp-json\/wp\/v2\/comments?post=11867"}],"version-history":[{"count":3,"href":"https:\/\/serveiseducatius.xtec.cat\/badalona\/wp-json\/wp\/v2\/posts\/11867\/revisions"}],"predecessor-version":[{"id":11874,"href":"https:\/\/serveiseducatius.xtec.cat\/badalona\/wp-json\/wp\/v2\/posts\/11867\/revisions\/11874"}],"wp:featuredmedia":[{"embeddable":true,"href":"https:\/\/serveiseducatius.xtec.cat\/badalona\/wp-json\/wp\/v2\/media\/11869"}],"wp:attachment":[{"href":"https:\/\/serveiseducatius.xtec.cat\/badalona\/wp-json\/wp\/v2\/media?parent=11867"}],"wp:term":[{"taxonomy":"category","embeddable":true,"href":"https:\/\/serveiseducatius.xtec.cat\/badalona\/wp-json\/wp\/v2\/categories?post=11867"},{"taxonomy":"post_tag","embeddable":true,"href":"https:\/\/serveiseducatius.xtec.cat\/badalona\/wp-json\/wp\/v2\/tags?post=11867"}],"curies":[{"name":"wp","href":"https:\/\/api.w.org\/{rel}","templated":true}]}}