{"id":11831,"date":"2019-06-04T11:41:29","date_gmt":"2019-06-04T09:41:29","guid":{"rendered":"http:\/\/serveiseducatius.xtec.cat\/badalona\/?p=11831"},"modified":"2019-06-04T11:41:29","modified_gmt":"2019-06-04T09:41:29","slug":"escola-destiu-iearn-pangea","status":"publish","type":"post","link":"https:\/\/serveiseducatius.xtec.cat\/badalona\/portada\/escola-destiu-iearn-pangea\/","title":{"rendered":"Escola d&#8217;estiu iEARN Pangea"},"content":{"rendered":"<p><a href=\"\u00a0https:\/\/escolaestiu2019.iearn.cat\/\u00a0\" target=\"_blank\" rel=\"noopener noreferrer\"><img loading=\"lazy\" decoding=\"async\" class=\" wp-image-11832 alignleft\" src=\"https:\/\/serveiseducatius.xtec.cat\/badalona\/wp-content\/uploads\/usu1088\/2019\/06\/0.png\" alt=\"\" width=\"404\" height=\"572\" srcset=\"https:\/\/serveiseducatius.xtec.cat\/badalona\/wp-content\/uploads\/usu1088\/2019\/06\/0.png 451w, https:\/\/serveiseducatius.xtec.cat\/badalona\/wp-content\/uploads\/usu1088\/2019\/06\/0-212x300.png 212w\" sizes=\"auto, (max-width: 404px) 100vw, 404px\" \/><\/a>Ja \u00e9s oberta la inscripci\u00f3 a l&#8217;Escola d&#8217;estiu iEARN Pangea amb cursos virtuals. S\u00f3n cursos de <b>30 hores; reconeguts pel Departament d&#8217;Educaci\u00f3 de Catalunya:<\/b><\/p>\n<div>\n<ul>\n<li>\n<p><b>Apps educatives: integraci\u00f3 dels dispositius m\u00f2bils a l&#8217;aula (formador Albert Correa)<\/b><\/p>\n<\/li>\n<\/ul>\n<ul>\n<li>\n<p><b>Scratch: iniciaci\u00f3 a la programaci\u00f3 educativa (formador Joan Calvo)<\/b><\/p>\n<\/li>\n<\/ul>\n<ul>\n<li>\n<p><b>Educaci\u00f3 augmentada: QR, geolocalitzaci\u00f3 i realitat augmentada (formadora Gelu Morales)<\/b><\/p>\n<\/li>\n<\/ul>\n<div>\n<div class=\"m_-5204346284673091843gmail-m_4743346998904371015gmail-m_485986704060704671gmail_signature\">\n<div dir=\"ltr\">\n<p><a href=\"\u00a0https:\/\/escolaestiu2019.iearn.cat\/\u00a0\" target=\"_blank\" rel=\"noopener noreferrer\">Per a m\u00e9s informaci\u00f3<\/a><\/p>\n<\/div>\n<\/div>\n<\/div>\n<\/div>\n","protected":false},"excerpt":{"rendered":"<p>Ja \u00e9s oberta la inscripci\u00f3 a l&#8217;Escola d&#8217;estiu iEARN Pangea amb cursos virtuals. S\u00f3n cursos de 30 hores; reconeguts pel [&hellip;]<\/p>\n","protected":false},"author":9,"featured_media":11833,"comment_status":"closed","ping_status":"closed","sticky":false,"template":"","format":"standard","meta":{"_bbp_topic_count":0,"_bbp_reply_count":0,"_bbp_total_topic_count":0,"_bbp_total_reply_count":0,"_bbp_voice_count":0,"_bbp_anonymous_reply_count":0,"_bbp_topic_count_hidden":0,"_bbp_reply_count_hidden":0,"_bbp_forum_subforum_count":0,"site-sidebar-layout":"default","site-content-layout":"","ast-site-content-layout":"","site-content-style":"default","site-sidebar-style":"default","ast-global-header-display":"","ast-banner-title-visibility":"","ast-main-header-display":"","ast-hfb-above-header-display":"","ast-hfb-below-header-display":"","ast-hfb-mobile-header-display":"","site-post-title":"","ast-breadcrumbs-content":"","ast-featured-img":"","footer-sml-layout":"","theme-transparent-header-meta":"","adv-header-id-meta":"","stick-header-meta":"","header-above-stick-meta":"","header-main-stick-meta":"","header-below-stick-meta":"","astra-migrate-meta-layouts":"default","ast-page-background-enabled":"default","ast-page-background-meta":{"desktop":{"background-color":"var(--ast-global-color-4)","background-image":"","background-repeat":"repeat","background-position":"center center","background-size":"auto","background-attachment":"scroll","background-type":"","background-media":"","overlay-type":"","overlay-color":"","overlay-opacity":"","overlay-gradient":""},"tablet":{"background-color":"","background-image":"","background-repeat":"repeat","background-position":"center center","background-size":"auto","background-attachment":"scroll","background-type":"","background-media":"","overlay-type":"","overlay-color":"","overlay-opacity":"","overlay-gradient":""},"mobile":{"background-color":"","background-image":"","background-repeat":"repeat","background-position":"center center","background-size":"auto","background-attachment":"scroll","background-type":"","background-media":"","overlay-type":"","overlay-color":"","overlay-opacity":"","overlay-gradient":""}},"ast-content-background-meta":{"desktop":{"background-color":"var(--ast-global-color-5)","background-image":"","background-repeat":"repeat","background-position":"center center","background-size":"auto","background-attachment":"scroll","background-type":"","background-media":"","overlay-type":"","overlay-color":"","overlay-opacity":"","overlay-gradient":""},"tablet":{"background-color":"var(--ast-global-color-5)","background-image":"","background-repeat":"repeat","background-position":"center center","background-size":"auto","background-attachment":"scroll","background-type":"","background-media":"","overlay-type":"","overlay-color":"","overlay-opacity":"","overlay-gradient":""},"mobile":{"background-color":"var(--ast-global-color-5)","background-image":"","background-repeat":"repeat","background-position":"center center","background-size":"auto","background-attachment":"scroll","background-type":"","background-media":"","overlay-type":"","overlay-color":"","overlay-opacity":"","overlay-gradient":""}},"footnotes":""},"categories":[165,29],"tags":[401,471,428,166,1181],"class_list":["post-11831","post","type-post","status-publish","format-standard","has-post-thumbnail","hentry","category-formacio","category-portada","tag-educacio-primaria","tag-educacio-secundaria","tag-escola-destiu","tag-formacio","tag-formacio-estiu"],"post_mailing_queue_ids":[],"_links":{"self":[{"href":"https:\/\/serveiseducatius.xtec.cat\/badalona\/wp-json\/wp\/v2\/posts\/11831","targetHints":{"allow":["GET"]}}],"collection":[{"href":"https:\/\/serveiseducatius.xtec.cat\/badalona\/wp-json\/wp\/v2\/posts"}],"about":[{"href":"https:\/\/serveiseducatius.xtec.cat\/badalona\/wp-json\/wp\/v2\/types\/post"}],"author":[{"embeddable":true,"href":"https:\/\/serveiseducatius.xtec.cat\/badalona\/wp-json\/wp\/v2\/users\/9"}],"replies":[{"embeddable":true,"href":"https:\/\/serveiseducatius.xtec.cat\/badalona\/wp-json\/wp\/v2\/comments?post=11831"}],"version-history":[{"count":1,"href":"https:\/\/serveiseducatius.xtec.cat\/badalona\/wp-json\/wp\/v2\/posts\/11831\/revisions"}],"predecessor-version":[{"id":11834,"href":"https:\/\/serveiseducatius.xtec.cat\/badalona\/wp-json\/wp\/v2\/posts\/11831\/revisions\/11834"}],"wp:featuredmedia":[{"embeddable":true,"href":"https:\/\/serveiseducatius.xtec.cat\/badalona\/wp-json\/wp\/v2\/media\/11833"}],"wp:attachment":[{"href":"https:\/\/serveiseducatius.xtec.cat\/badalona\/wp-json\/wp\/v2\/media?parent=11831"}],"wp:term":[{"taxonomy":"category","embeddable":true,"href":"https:\/\/serveiseducatius.xtec.cat\/badalona\/wp-json\/wp\/v2\/categories?post=11831"},{"taxonomy":"post_tag","embeddable":true,"href":"https:\/\/serveiseducatius.xtec.cat\/badalona\/wp-json\/wp\/v2\/tags?post=11831"}],"curies":[{"name":"wp","href":"https:\/\/api.w.org\/{rel}","templated":true}]}}