{"id":11724,"date":"2019-05-17T10:00:40","date_gmt":"2019-05-17T08:00:40","guid":{"rendered":"http:\/\/serveiseducatius.xtec.cat\/badalona\/?p=11724"},"modified":"2019-05-17T10:03:10","modified_gmt":"2019-05-17T08:03:10","slug":"parlar-de-matematiques-per-aprendren","status":"publish","type":"post","link":"https:\/\/serveiseducatius.xtec.cat\/badalona\/portada\/parlar-de-matematiques-per-aprendren\/","title":{"rendered":"Parlar de matem\u00e0tiques per aprendre\u2019n"},"content":{"rendered":"<p><a href=\"https:\/\/agora.xtec.cat\/cesire\/portada\/connectat-a-la-recerca-parlar-de-matematiques-per-aprendren\/\" target=\"_blank\" rel=\"noopener noreferrer\"><img loading=\"lazy\" decoding=\"async\" class=\"size-medium wp-image-2962 alignleft\" src=\"https:\/\/agora.xtec.cat\/cesire\/wp-content\/uploads\/usu397\/2018\/03\/logo_connecta_def-300x129.jpg\" sizes=\"auto, (max-width: 300px) 100vw, 300px\" srcset=\"https:\/\/agora.xtec.cat\/cesire\/wp-content\/uploads\/usu397\/2018\/03\/logo_connecta_def-300x129.jpg 300w, https:\/\/agora.xtec.cat\/cesire\/wp-content\/uploads\/usu397\/2018\/03\/logo_connecta_def-768x331.jpg 768w, https:\/\/agora.xtec.cat\/cesire\/wp-content\/uploads\/usu397\/2018\/03\/logo_connecta_def-1024x441.jpg 1024w, https:\/\/agora.xtec.cat\/cesire\/wp-content\/uploads\/usu397\/2018\/03\/logo_connecta_def.jpg 1563w\" alt=\"\" width=\"300\" height=\"129\" \/><\/a><img loading=\"lazy\" decoding=\"async\" class=\"size-full wp-image-11725 alignleft\" src=\"https:\/\/serveiseducatius.xtec.cat\/badalona\/wp-content\/uploads\/usu1088\/2019\/05\/connecta_tana_serra-300x225.png\" alt=\"\" width=\"300\" height=\"225\" srcset=\"https:\/\/serveiseducatius.xtec.cat\/badalona\/wp-content\/uploads\/usu1088\/2019\/05\/connecta_tana_serra-300x225.png 300w, https:\/\/serveiseducatius.xtec.cat\/badalona\/wp-content\/uploads\/usu1088\/2019\/05\/connecta_tana_serra-300x225-200x150.png 200w\" sizes=\"auto, (max-width: 300px) 100vw, 300px\" \/><a href=\"https:\/\/agora.xtec.cat\/cesire\/portada\/connectat-a-la-recerca-parlar-de-matematiques-per-aprendren\/\" target=\"_blank\" rel=\"noopener noreferrer\"><strong><em>Connecta\u2019t a la recerca<\/em><\/strong><\/a>\u00a0\u00e9s una iniciativa del\u00a0<strong>CESIRE<\/strong>\u00a0que es concreta en una s\u00e8rie de sessions de treball, independents entre s\u00ed,\u00a0 on es pret\u00e9n posar en contacte investigadors i professionals de l\u2019ensenyament per tal d\u2019afavorir l\u2019intercanvi d\u2019idees i necessitats entre els dos col\u00b7lectius.<\/p>\n<p>La propera sessi\u00f3 t\u00e9 com a t\u00edtol\u00a0<strong>Parlar de matem\u00e0tiques per aprendre\u2019n<\/strong>, a c\u00e0rrec de Tana Serra.<\/p>\n<ul>\n<li><strong>Dia i hora<\/strong>: dijous, 23 de maig de 2019 (de 18.00 a 20.00 h)<\/li>\n<li><strong>Sessi\u00f3 a c\u00e0rrec de<\/strong>\u00a0Tana Serra<\/li>\n<li><strong>Organitzaci\u00f3<\/strong>: CESIRE<\/li>\n<li><strong>Lloc<\/strong>: CESIRE, Av. de les Drassanes, 10, 08001 Barcelona<\/li>\n<\/ul>\n<p><strong><a href=\"https:\/\/agora.xtec.cat\/cesire\/projectes\/connectat-a-la-recerca-apropem-la-recerca-educativa-a-les-aules\/parlar-de-matematiques-per-aprendren\/\">M\u00e9s informaci\u00f3<\/a> &#8211;\u00a0 <\/strong><strong><a href=\"https:\/\/docs.google.com\/forms\/d\/e\/1FAIpQLSf0Ltlfcz_nDaXLkb3WIXP9moxoxdk65bYtzdp19ozss6UtvA\/viewform\" target=\"_blank\" rel=\"noopener noreferrer\">Inscripci\u00f3<\/a><\/strong><\/p>\n","protected":false},"excerpt":{"rendered":"<p>Connecta\u2019t a la recerca\u00a0\u00e9s una iniciativa del\u00a0CESIRE\u00a0que es concreta en una s\u00e8rie de sessions de treball, independents entre s\u00ed,\u00a0 on [&hellip;]<\/p>\n","protected":false},"author":9,"featured_media":11725,"comment_status":"closed","ping_status":"closed","sticky":false,"template":"","format":"standard","meta":{"_bbp_topic_count":0,"_bbp_reply_count":0,"_bbp_total_topic_count":0,"_bbp_total_reply_count":0,"_bbp_voice_count":0,"_bbp_anonymous_reply_count":0,"_bbp_topic_count_hidden":0,"_bbp_reply_count_hidden":0,"_bbp_forum_subforum_count":0,"site-sidebar-layout":"default","site-content-layout":"","ast-site-content-layout":"","site-content-style":"default","site-sidebar-style":"default","ast-global-header-display":"","ast-banner-title-visibility":"","ast-main-header-display":"","ast-hfb-above-header-display":"","ast-hfb-below-header-display":"","ast-hfb-mobile-header-display":"","site-post-title":"","ast-breadcrumbs-content":"","ast-featured-img":"","footer-sml-layout":"","theme-transparent-header-meta":"","adv-header-id-meta":"","stick-header-meta":"","header-above-stick-meta":"","header-main-stick-meta":"","header-below-stick-meta":"","astra-migrate-meta-layouts":"default","ast-page-background-enabled":"default","ast-page-background-meta":{"desktop":{"background-color":"var(--ast-global-color-4)","background-image":"","background-repeat":"repeat","background-position":"center center","background-size":"auto","background-attachment":"scroll","background-type":"","background-media":"","overlay-type":"","overlay-color":"","overlay-opacity":"","overlay-gradient":""},"tablet":{"background-color":"","background-image":"","background-repeat":"repeat","background-position":"center center","background-size":"auto","background-attachment":"scroll","background-type":"","background-media":"","overlay-type":"","overlay-color":"","overlay-opacity":"","overlay-gradient":""},"mobile":{"background-color":"","background-image":"","background-repeat":"repeat","background-position":"center center","background-size":"auto","background-attachment":"scroll","background-type":"","background-media":"","overlay-type":"","overlay-color":"","overlay-opacity":"","overlay-gradient":""}},"ast-content-background-meta":{"desktop":{"background-color":"var(--ast-global-color-5)","background-image":"","background-repeat":"repeat","background-position":"center center","background-size":"auto","background-attachment":"scroll","background-type":"","background-media":"","overlay-type":"","overlay-color":"","overlay-opacity":"","overlay-gradient":""},"tablet":{"background-color":"var(--ast-global-color-5)","background-image":"","background-repeat":"repeat","background-position":"center center","background-size":"auto","background-attachment":"scroll","background-type":"","background-media":"","overlay-type":"","overlay-color":"","overlay-opacity":"","overlay-gradient":""},"mobile":{"background-color":"var(--ast-global-color-5)","background-image":"","background-repeat":"repeat","background-position":"center center","background-size":"auto","background-attachment":"scroll","background-type":"","background-media":"","overlay-type":"","overlay-color":"","overlay-opacity":"","overlay-gradient":""}},"footnotes":""},"categories":[165,29],"tags":[674,166,41,173],"class_list":["post-11724","post","type-post","status-publish","format-standard","has-post-thumbnail","hentry","category-formacio","category-portada","tag-cesire","tag-formacio","tag-matematiques","tag-recerca"],"post_mailing_queue_ids":[],"_links":{"self":[{"href":"https:\/\/serveiseducatius.xtec.cat\/badalona\/wp-json\/wp\/v2\/posts\/11724","targetHints":{"allow":["GET"]}}],"collection":[{"href":"https:\/\/serveiseducatius.xtec.cat\/badalona\/wp-json\/wp\/v2\/posts"}],"about":[{"href":"https:\/\/serveiseducatius.xtec.cat\/badalona\/wp-json\/wp\/v2\/types\/post"}],"author":[{"embeddable":true,"href":"https:\/\/serveiseducatius.xtec.cat\/badalona\/wp-json\/wp\/v2\/users\/9"}],"replies":[{"embeddable":true,"href":"https:\/\/serveiseducatius.xtec.cat\/badalona\/wp-json\/wp\/v2\/comments?post=11724"}],"version-history":[{"count":1,"href":"https:\/\/serveiseducatius.xtec.cat\/badalona\/wp-json\/wp\/v2\/posts\/11724\/revisions"}],"predecessor-version":[{"id":11726,"href":"https:\/\/serveiseducatius.xtec.cat\/badalona\/wp-json\/wp\/v2\/posts\/11724\/revisions\/11726"}],"wp:featuredmedia":[{"embeddable":true,"href":"https:\/\/serveiseducatius.xtec.cat\/badalona\/wp-json\/wp\/v2\/media\/11725"}],"wp:attachment":[{"href":"https:\/\/serveiseducatius.xtec.cat\/badalona\/wp-json\/wp\/v2\/media?parent=11724"}],"wp:term":[{"taxonomy":"category","embeddable":true,"href":"https:\/\/serveiseducatius.xtec.cat\/badalona\/wp-json\/wp\/v2\/categories?post=11724"},{"taxonomy":"post_tag","embeddable":true,"href":"https:\/\/serveiseducatius.xtec.cat\/badalona\/wp-json\/wp\/v2\/tags?post=11724"}],"curies":[{"name":"wp","href":"https:\/\/api.w.org\/{rel}","templated":true}]}}