{"id":11690,"date":"2019-05-16T12:54:18","date_gmt":"2019-05-16T10:54:18","guid":{"rendered":"http:\/\/serveiseducatius.xtec.cat\/badalona\/?p=11690"},"modified":"2019-05-16T13:45:51","modified_gmt":"2019-05-16T11:45:51","slug":"iv-mostra-de-programacio-i-robotica-del-barcelones-nord-22-de-maig-de-9-a-14-hores-al-eebe","status":"publish","type":"post","link":"https:\/\/serveiseducatius.xtec.cat\/badalona\/portada\/iv-mostra-de-programacio-i-robotica-del-barcelones-nord-22-de-maig-de-9-a-14-hores-al-eebe\/","title":{"rendered":"IV Mostra de Programaci\u00f3 i Rob\u00f2tica del Barcelon\u00e8s Nord &#8211; 22 de maig"},"content":{"rendered":"<p><img loading=\"lazy\" decoding=\"async\" class=\" wp-image-11698 alignleft\" src=\"https:\/\/serveiseducatius.xtec.cat\/badalona\/wp-content\/uploads\/usu1088\/2019\/05\/mostra.jpg\" alt=\"\" width=\"508\" height=\"717\" srcset=\"https:\/\/serveiseducatius.xtec.cat\/badalona\/wp-content\/uploads\/usu1088\/2019\/05\/mostra.jpg 663w, https:\/\/serveiseducatius.xtec.cat\/badalona\/wp-content\/uploads\/usu1088\/2019\/05\/mostra-213x300.jpg 213w\" sizes=\"auto, (max-width: 508px) 100vw, 508px\" \/><\/p>\n<p>Es dur\u00e0 a terme el proper <strong>dijous 22 de maig, de 9 a 14h al EEBE-UPC Escola d&#8217;Enginyeria Barcelona Est <\/strong> (Campus Diagonal Bes\u00f2s\/ Av Eduard Maristany, 16, Barcelona)<br \/>\n<span id=\"more-7323\"><\/span><\/p>\n<p>Hi\u00a0presentaran projectes els centres:<\/p>\n<p>Institut Baetulo (Badalona), Institut Badalona VII (Badalona), Centre Bet\u00falia (Badalona), Col\u00b7legi Maristes Champagnat (Badalona), Escola Garb\u00ed \u2013 Pere Verg\u00e9s (Badalona), Institut V\u00e1zquez Montalb\u00e1n (Sant Adri\u00e0 del Bes\u00f2s), Institut Torrent de les Bruixes (Sant Coloma de Gramenet), Institut Terra Roja (Sant Coloma de Gramenet), Institut Ramon Berenguer IV (Sant Coloma de Gramenet), Centre T\u00farbula (Sant Adri\u00e0 de Bes\u00f2s) i Institut Puig Castellar (Santa Coloma de Gramenet).<\/p>\n<p>Est\u00e0 convidat a venir-hi tot el professorat interessat, especialment el de tecnologia. Si algun centre vol fer una visita amb alumnes cal concertar-la primer, per evitar massificacions, amb un correu al CRP.<\/p>\n","protected":false},"excerpt":{"rendered":"<p>Es dur\u00e0 a terme el proper dijous 22 de maig, de 9 a 14h al EEBE-UPC Escola d&#8217;Enginyeria Barcelona Est [&hellip;]<\/p>\n","protected":false},"author":1,"featured_media":11697,"comment_status":"closed","ping_status":"closed","sticky":false,"template":"","format":"standard","meta":{"_bbp_topic_count":0,"_bbp_reply_count":0,"_bbp_total_topic_count":0,"_bbp_total_reply_count":0,"_bbp_voice_count":0,"_bbp_anonymous_reply_count":0,"_bbp_topic_count_hidden":0,"_bbp_reply_count_hidden":0,"_bbp_forum_subforum_count":0,"site-sidebar-layout":"default","site-content-layout":"","ast-site-content-layout":"","site-content-style":"default","site-sidebar-style":"default","ast-global-header-display":"","ast-banner-title-visibility":"","ast-main-header-display":"","ast-hfb-above-header-display":"","ast-hfb-below-header-display":"","ast-hfb-mobile-header-display":"","site-post-title":"","ast-breadcrumbs-content":"","ast-featured-img":"","footer-sml-layout":"","theme-transparent-header-meta":"","adv-header-id-meta":"","stick-header-meta":"","header-above-stick-meta":"","header-main-stick-meta":"","header-below-stick-meta":"","astra-migrate-meta-layouts":"default","ast-page-background-enabled":"default","ast-page-background-meta":{"desktop":{"background-color":"var(--ast-global-color-4)","background-image":"","background-repeat":"repeat","background-position":"center center","background-size":"auto","background-attachment":"scroll","background-type":"","background-media":"","overlay-type":"","overlay-color":"","overlay-opacity":"","overlay-gradient":""},"tablet":{"background-color":"","background-image":"","background-repeat":"repeat","background-position":"center center","background-size":"auto","background-attachment":"scroll","background-type":"","background-media":"","overlay-type":"","overlay-color":"","overlay-opacity":"","overlay-gradient":""},"mobile":{"background-color":"","background-image":"","background-repeat":"repeat","background-position":"center center","background-size":"auto","background-attachment":"scroll","background-type":"","background-media":"","overlay-type":"","overlay-color":"","overlay-opacity":"","overlay-gradient":""}},"ast-content-background-meta":{"desktop":{"background-color":"var(--ast-global-color-5)","background-image":"","background-repeat":"repeat","background-position":"center center","background-size":"auto","background-attachment":"scroll","background-type":"","background-media":"","overlay-type":"","overlay-color":"","overlay-opacity":"","overlay-gradient":""},"tablet":{"background-color":"var(--ast-global-color-5)","background-image":"","background-repeat":"repeat","background-position":"center center","background-size":"auto","background-attachment":"scroll","background-type":"","background-media":"","overlay-type":"","overlay-color":"","overlay-opacity":"","overlay-gradient":""},"mobile":{"background-color":"var(--ast-global-color-5)","background-image":"","background-repeat":"repeat","background-position":"center center","background-size":"auto","background-attachment":"scroll","background-type":"","background-media":"","overlay-type":"","overlay-color":"","overlay-opacity":"","overlay-gradient":""}},"footnotes":""},"categories":[78,66,1003,872,29,406],"tags":[1122,1180,619,112,339],"class_list":["post-11690","post","type-post","status-publish","format-standard","has-post-thumbnail","hentry","category-culturadigital","category-dinamitzacio","category-innovacio","category-missatgeria","category-portada","category-robotica-educativa","tag-eduacacio-secundaria","tag-mostra-robotica-i-programacio","tag-steam","tag-tac","tag-tecnologia"],"post_mailing_queue_ids":[],"_links":{"self":[{"href":"https:\/\/serveiseducatius.xtec.cat\/badalona\/wp-json\/wp\/v2\/posts\/11690","targetHints":{"allow":["GET"]}}],"collection":[{"href":"https:\/\/serveiseducatius.xtec.cat\/badalona\/wp-json\/wp\/v2\/posts"}],"about":[{"href":"https:\/\/serveiseducatius.xtec.cat\/badalona\/wp-json\/wp\/v2\/types\/post"}],"author":[{"embeddable":true,"href":"https:\/\/serveiseducatius.xtec.cat\/badalona\/wp-json\/wp\/v2\/users\/1"}],"replies":[{"embeddable":true,"href":"https:\/\/serveiseducatius.xtec.cat\/badalona\/wp-json\/wp\/v2\/comments?post=11690"}],"version-history":[{"count":1,"href":"https:\/\/serveiseducatius.xtec.cat\/badalona\/wp-json\/wp\/v2\/posts\/11690\/revisions"}],"predecessor-version":[{"id":11699,"href":"https:\/\/serveiseducatius.xtec.cat\/badalona\/wp-json\/wp\/v2\/posts\/11690\/revisions\/11699"}],"wp:featuredmedia":[{"embeddable":true,"href":"https:\/\/serveiseducatius.xtec.cat\/badalona\/wp-json\/wp\/v2\/media\/11697"}],"wp:attachment":[{"href":"https:\/\/serveiseducatius.xtec.cat\/badalona\/wp-json\/wp\/v2\/media?parent=11690"}],"wp:term":[{"taxonomy":"category","embeddable":true,"href":"https:\/\/serveiseducatius.xtec.cat\/badalona\/wp-json\/wp\/v2\/categories?post=11690"},{"taxonomy":"post_tag","embeddable":true,"href":"https:\/\/serveiseducatius.xtec.cat\/badalona\/wp-json\/wp\/v2\/tags?post=11690"}],"curies":[{"name":"wp","href":"https:\/\/api.w.org\/{rel}","templated":true}]}}