{"id":11669,"date":"2019-05-15T09:57:09","date_gmt":"2019-05-15T07:57:09","guid":{"rendered":"http:\/\/serveiseducatius.xtec.cat\/badalona\/?p=11669"},"modified":"2019-05-15T10:10:04","modified_gmt":"2019-05-15T08:10:04","slug":"cursos-formacio-estiu-curriculum-i-avaluacio-competencial-per-ambits-inscripcions-del-15-maig-fins-el-31-de-maig","status":"publish","type":"post","link":"https:\/\/serveiseducatius.xtec.cat\/badalona\/portada\/cursos-formacio-estiu-curriculum-i-avaluacio-competencial-per-ambits-inscripcions-del-15-maig-fins-el-31-de-maig\/","title":{"rendered":"Cursos formaci\u00f3 estiu: Curr\u00edculum i avaluaci\u00f3 competencial per \u00e0mbits"},"content":{"rendered":"<p><img loading=\"lazy\" decoding=\"async\" class=\"alignnone size-full wp-image-11670\" src=\"https:\/\/serveiseducatius.xtec.cat\/badalona\/wp-content\/uploads\/usu1088\/2019\/05\/Captura-2.png\" alt=\"\" width=\"841\" height=\"60\" srcset=\"https:\/\/serveiseducatius.xtec.cat\/badalona\/wp-content\/uploads\/usu1088\/2019\/05\/Captura-2.png 841w, https:\/\/serveiseducatius.xtec.cat\/badalona\/wp-content\/uploads\/usu1088\/2019\/05\/Captura-2-300x21.png 300w, https:\/\/serveiseducatius.xtec.cat\/badalona\/wp-content\/uploads\/usu1088\/2019\/05\/Captura-2-768x55.png 768w\" sizes=\"auto, (max-width: 841px) 100vw, 841px\" \/><\/p>\n<div>\n<div>Cursos de 20 hores presencials al llarg de la primera setmana de juliol<\/div>\n<div>\u00a0<\/div>\n<div>\u00a0<\/div>\n<div>\u00a0<\/div>\n<div><span style=\"color: #0000ff;\"><a href=\"https:\/\/aplicacions.gestioeducativa.gencat.cat\/pls\/soloas\/pk_for_mod_ins.p_for_detall_activitat?p_codi=2000070557&amp;p_curs=2018-2019&amp;p_es_inscr=S\" target=\"_blank\" rel=\"noopener noreferrer\" data-saferedirecturl=\"https:\/\/www.google.com\/url?q=https:\/\/aplicacions.gestioeducativa.gencat.cat\/pls\/soloas\/pk_for_mod_ins.p_for_detall_activitat?p_codi%3D2000070557%26p_curs%3D2018-2019%26p_es_inscr%3DS&amp;source=gmail&amp;ust=1557989570894000&amp;usg=AFQjCNEHF8_C4F6acJRj9_P1Ztu2XDwmUA\">2000070557\u00a0\u00a0\u00a0<b>Curr\u00edculum i avaluaci\u00f3 competencial per \u00e0mbits (cient\u00edfic tecnol\u00f2gic, tecnologia)<\/b><\/a><\/span>Vilanova i la Geltr\u00fa<\/div>\n<div>\u00a0<\/div>\n<div><span style=\"font-family: helvetica, arial, sans-serif; font-size: 12pt;\"><a href=\"https:\/\/aplicacions.gestioeducativa.gencat.cat\/pls\/soloas\/pk_for_mod_ins.p_for_detall_activitat?p_codi=2000080557&amp;p_curs=2018-2019&amp;p_es_inscr=S\" target=\"_blank\" rel=\"noopener noreferrer\" data-saferedirecturl=\"https:\/\/www.google.com\/url?q=https:\/\/aplicacions.gestioeducativa.gencat.cat\/pls\/soloas\/pk_for_mod_ins.p_for_detall_activitat?p_codi%3D2000080557%26p_curs%3D2018-2019%26p_es_inscr%3DS&amp;source=gmail&amp;ust=1557989570894000&amp;usg=AFQjCNEUhKWtWKwbvvEKAB8XjGBEHsvdig\">2000080557\u00a0\u00a0\u00a0<\/a><b><a href=\"https:\/\/aplicacions.gestioeducativa.gencat.cat\/pls\/soloas\/pk_for_mod_ins.p_for_detall_activitat?p_codi=2000080557&amp;p_curs=2018-2019&amp;p_es_inscr=S\" target=\"_blank\" rel=\"noopener noreferrer\" data-saferedirecturl=\"https:\/\/www.google.com\/url?q=https:\/\/aplicacions.gestioeducativa.gencat.cat\/pls\/soloas\/pk_for_mod_ins.p_for_detall_activitat?p_codi%3D2000080557%26p_curs%3D2018-2019%26p_es_inscr%3DS&amp;source=gmail&amp;ust=1557989570894000&amp;usg=AFQjCNEUhKWtWKwbvvEKAB8XjGBEHsvdig\">Curr\u00edculum i avaluaci\u00f3 competencial per \u00e0mbits (ling\u00fc\u00edstic)<\/a><\/b>\u00a0Badalona\u00a0\u00a0<\/span><\/div>\n<\/div>\n<div>\u00a0<\/div>\n<div><a href=\"https:\/\/aplicacions.gestioeducativa.gencat.cat\/pls\/soloas\/pk_for_mod_ins.p_for_detall_activitat?p_codi=2000090557&amp;p_curs=2018-2019&amp;p_es_inscr=S\" target=\"_blank\" rel=\"noopener noreferrer\" data-saferedirecturl=\"https:\/\/www.google.com\/url?q=https:\/\/aplicacions.gestioeducativa.gencat.cat\/pls\/soloas\/pk_for_mod_ins.p_for_detall_activitat?p_codi%3D2000090557%26p_curs%3D2018-2019%26p_es_inscr%3DS&amp;source=gmail&amp;ust=1557989570895000&amp;usg=AFQjCNEGxmY612Rl7d02vlHdx1HUxHbJZA\">2000090557\u00a0\u00a0\u00a0<b>Curr\u00edculum i avaluaci\u00f3 competencial per \u00e0mbits (cient\u00edfic tecnol\u00f2gic, biologia-f\u00edsica i qu\u00edmica)<\/b><\/a>\u00a0 \u00a0 \u00a0Badalona\u00a0\u00a0<\/div>\n<div>\u00a0<\/div>\n<div><a href=\"https:\/\/aplicacions.gestioeducativa.gencat.cat\/pls\/soloas\/pk_for_mod_ins.p_for_detall_activitat?p_codi=2000100557&amp;p_curs=2018-2019&amp;p_es_inscr=S\" target=\"_blank\" rel=\"noopener noreferrer\" data-saferedirecturl=\"https:\/\/www.google.com\/url?q=https:\/\/aplicacions.gestioeducativa.gencat.cat\/pls\/soloas\/pk_for_mod_ins.p_for_detall_activitat?p_codi%3D2000100557%26p_curs%3D2018-2019%26p_es_inscr%3DS&amp;source=gmail&amp;ust=1557989570895000&amp;usg=AFQjCNEtw3xYhUt7hUr-QXO9NWJoKxuM3Q\">2000100557\u00a0\u00a0\u00a0<\/a><b><a href=\"https:\/\/aplicacions.gestioeducativa.gencat.cat\/pls\/soloas\/pk_for_mod_ins.p_for_detall_activitat?p_codi=2000100557&amp;p_curs=2018-2019&amp;p_es_inscr=S\" target=\"_blank\" rel=\"noopener noreferrer\" data-saferedirecturl=\"https:\/\/www.google.com\/url?q=https:\/\/aplicacions.gestioeducativa.gencat.cat\/pls\/soloas\/pk_for_mod_ins.p_for_detall_activitat?p_codi%3D2000100557%26p_curs%3D2018-2019%26p_es_inscr%3DS&amp;source=gmail&amp;ust=1557989570895000&amp;usg=AFQjCNEtw3xYhUt7hUr-QXO9NWJoKxuM3Q\">Curr\u00edculum i avaluaci\u00f3 competencial per \u00e0mbits (ci\u00e8ncies socials)<\/a>\u00a0 \u00a0<\/b>Santa Coloma (lloc provisional)<\/div>\n<div>\u00a0<\/div>\n<div>\u00a0<\/div>\n<div><i><u>El termini d&#8217;inscripci\u00f3 comen\u00e7a avui\u00a0<b>15<\/b>\u00a0de maig i finalitza el\u00a0<b>31<\/b>\u00a0de maig<\/u><\/i><\/div>\n<div>\n<div>\u00a0<\/div>\n<\/div>\n<div>\u00a0<\/div>\n","protected":false},"excerpt":{"rendered":"<p>Cursos de 20 hores presencials al llarg de la primera setmana de juliol \u00a0 \u00a0 \u00a0 2000070557\u00a0\u00a0\u00a0Curr\u00edculum i avaluaci\u00f3 competencial [&hellip;]<\/p>\n","protected":false},"author":15,"featured_media":11675,"comment_status":"closed","ping_status":"closed","sticky":false,"template":"","format":"standard","meta":{"_bbp_topic_count":0,"_bbp_reply_count":0,"_bbp_total_topic_count":0,"_bbp_total_reply_count":0,"_bbp_voice_count":0,"_bbp_anonymous_reply_count":0,"_bbp_topic_count_hidden":0,"_bbp_reply_count_hidden":0,"_bbp_forum_subforum_count":0,"site-sidebar-layout":"default","site-content-layout":"","ast-site-content-layout":"","site-content-style":"default","site-sidebar-style":"default","ast-global-header-display":"","ast-banner-title-visibility":"","ast-main-header-display":"","ast-hfb-above-header-display":"","ast-hfb-below-header-display":"","ast-hfb-mobile-header-display":"","site-post-title":"","ast-breadcrumbs-content":"","ast-featured-img":"","footer-sml-layout":"","theme-transparent-header-meta":"","adv-header-id-meta":"","stick-header-meta":"","header-above-stick-meta":"","header-main-stick-meta":"","header-below-stick-meta":"","astra-migrate-meta-layouts":"default","ast-page-background-enabled":"default","ast-page-background-meta":{"desktop":{"background-color":"var(--ast-global-color-4)","background-image":"","background-repeat":"repeat","background-position":"center center","background-size":"auto","background-attachment":"scroll","background-type":"","background-media":"","overlay-type":"","overlay-color":"","overlay-opacity":"","overlay-gradient":""},"tablet":{"background-color":"","background-image":"","background-repeat":"repeat","background-position":"center center","background-size":"auto","background-attachment":"scroll","background-type":"","background-media":"","overlay-type":"","overlay-color":"","overlay-opacity":"","overlay-gradient":""},"mobile":{"background-color":"","background-image":"","background-repeat":"repeat","background-position":"center center","background-size":"auto","background-attachment":"scroll","background-type":"","background-media":"","overlay-type":"","overlay-color":"","overlay-opacity":"","overlay-gradient":""}},"ast-content-background-meta":{"desktop":{"background-color":"var(--ast-global-color-5)","background-image":"","background-repeat":"repeat","background-position":"center center","background-size":"auto","background-attachment":"scroll","background-type":"","background-media":"","overlay-type":"","overlay-color":"","overlay-opacity":"","overlay-gradient":""},"tablet":{"background-color":"var(--ast-global-color-5)","background-image":"","background-repeat":"repeat","background-position":"center center","background-size":"auto","background-attachment":"scroll","background-type":"","background-media":"","overlay-type":"","overlay-color":"","overlay-opacity":"","overlay-gradient":""},"mobile":{"background-color":"var(--ast-global-color-5)","background-image":"","background-repeat":"repeat","background-position":"center center","background-size":"auto","background-attachment":"scroll","background-type":"","background-media":"","overlay-type":"","overlay-color":"","overlay-opacity":"","overlay-gradient":""}},"footnotes":""},"categories":[872,29],"tags":[1178,471],"class_list":["post-11669","post","type-post","status-publish","format-standard","has-post-thumbnail","hentry","category-missatgeria","category-portada","tag-avaluacio-competencial","tag-educacio-secundaria"],"post_mailing_queue_ids":[],"_links":{"self":[{"href":"https:\/\/serveiseducatius.xtec.cat\/badalona\/wp-json\/wp\/v2\/posts\/11669","targetHints":{"allow":["GET"]}}],"collection":[{"href":"https:\/\/serveiseducatius.xtec.cat\/badalona\/wp-json\/wp\/v2\/posts"}],"about":[{"href":"https:\/\/serveiseducatius.xtec.cat\/badalona\/wp-json\/wp\/v2\/types\/post"}],"author":[{"embeddable":true,"href":"https:\/\/serveiseducatius.xtec.cat\/badalona\/wp-json\/wp\/v2\/users\/15"}],"replies":[{"embeddable":true,"href":"https:\/\/serveiseducatius.xtec.cat\/badalona\/wp-json\/wp\/v2\/comments?post=11669"}],"version-history":[{"count":3,"href":"https:\/\/serveiseducatius.xtec.cat\/badalona\/wp-json\/wp\/v2\/posts\/11669\/revisions"}],"predecessor-version":[{"id":11673,"href":"https:\/\/serveiseducatius.xtec.cat\/badalona\/wp-json\/wp\/v2\/posts\/11669\/revisions\/11673"}],"wp:featuredmedia":[{"embeddable":true,"href":"https:\/\/serveiseducatius.xtec.cat\/badalona\/wp-json\/wp\/v2\/media\/11675"}],"wp:attachment":[{"href":"https:\/\/serveiseducatius.xtec.cat\/badalona\/wp-json\/wp\/v2\/media?parent=11669"}],"wp:term":[{"taxonomy":"category","embeddable":true,"href":"https:\/\/serveiseducatius.xtec.cat\/badalona\/wp-json\/wp\/v2\/categories?post=11669"},{"taxonomy":"post_tag","embeddable":true,"href":"https:\/\/serveiseducatius.xtec.cat\/badalona\/wp-json\/wp\/v2\/tags?post=11669"}],"curies":[{"name":"wp","href":"https:\/\/api.w.org\/{rel}","templated":true}]}}