{"id":11642,"date":"2019-05-09T08:54:55","date_gmt":"2019-05-09T06:54:55","guid":{"rendered":"http:\/\/serveiseducatius.xtec.cat\/badalona\/?p=11642"},"modified":"2019-05-09T08:54:55","modified_gmt":"2019-05-09T06:54:55","slug":"vi-congres-de-ciencia-a-infantil-i-primaria-14-15-i-17-de-maig-al-museu-de-badalona","status":"publish","type":"post","link":"https:\/\/serveiseducatius.xtec.cat\/badalona\/portada\/vi-congres-de-ciencia-a-infantil-i-primaria-14-15-i-17-de-maig-al-museu-de-badalona\/","title":{"rendered":"VI Congr\u00e9s de Ci\u00e8ncia a Infantil i Prim\u00e0ria: 14, 15 i 17 de maig al Museu de Badalona."},"content":{"rendered":"<p><span style=\"text-decoration: underline;\"><img loading=\"lazy\" decoding=\"async\" class=\"alignnone wp-image-11643 size-medium\" src=\"https:\/\/serveiseducatius.xtec.cat\/badalona\/wp-content\/uploads\/usu1088\/2019\/05\/VI-Congr\u00e9s-Ci\u00e8ncia2019_cartell-221x300.jpg\" alt=\"\" width=\"221\" height=\"300\" srcset=\"https:\/\/serveiseducatius.xtec.cat\/badalona\/wp-content\/uploads\/usu1088\/2019\/05\/VI-Congr\u00e9s-Ci\u00e8ncia2019_cartell-221x300.jpg 221w, https:\/\/serveiseducatius.xtec.cat\/badalona\/wp-content\/uploads\/usu1088\/2019\/05\/VI-Congr\u00e9s-Ci\u00e8ncia2019_cartell.jpg 595w\" sizes=\"auto, (max-width: 221px) 100vw, 221px\" \/><\/span><\/p>\n<p>Un total de 438 nens i nenes que estan cursant des de P3 fins a 6\u00e8 de Prim\u00e0ria a 10 escoles de la ciutat participaran en el 6\u00e8 Congr\u00e9s de Ci\u00e8ncia d\u2019Educaci\u00f3 Infantil i Prim\u00e0ria de Badalona, que es far\u00e0 els dies <strong>14, 15 i 17 de maig, de 10 a 12 hores, a la sala d\u2019actes del Museu de Badalona<\/strong>. El Congr\u00e9s de Ci\u00e8ncia pret\u00e9n ser una eina m\u00e9s per potenciar el treball que s\u2019est\u00e0 fent als centres escolars en els \u00e0mbits de l\u2019observaci\u00f3, la recerca i l\u2019experimentaci\u00f3.<\/p>\n<p>Els objectiu d\u2019aquest Congr\u00e9s de Ci\u00e8ncia d\u2019Educaci\u00f3 Infantil i Prim\u00e0ria s\u00f3n valorar el treball cient\u00edfic que es realitza amb l\u2018alumnat en els centres educatius; donar un marc adequat: organitzaci\u00f3, medis, espai i temps per qu\u00e8 grups d\u2019escolars mostrin els seus treballs d\u2019investigaci\u00f3 en l\u2019\u00e0rea de ci\u00e8ncia; valorar les bones pr\u00e0ctiques, potenciar el treball en recerca i crear situacions gratificants per l\u2019alumnat i el professorat; incidir en l\u2019aprenentatge de les diverses habilitats ling\u00fc\u00edstiques i de comunicaci\u00f3, i fer que l\u2019alumnat se senti protagonista.<\/p>\n<p>Enguany hi participen les escoles Artur Martorell, Badalona Port, Baldiri Reixac, Gitanjali, Jungfrau, Llibertat, Llorens Artigas, Maristes Champagnat, Merc\u00e8 Rodoreda i Rafael Casanova.<\/p>\n<p>L\u2019organitzaci\u00f3 i dinamitzaci\u00f3 del Congr\u00e9s es porta a terme conjuntament entre l\u2019Escola de Natura Angeleta Ferrer i l\u2019Escola del Mar, Centre d\u2019Estudis Marins (\u00c0rea de Medi Ambient i Sostenibilitat),\u00a0 l\u2019\u00c0mbit de Serveis a les Persones i Seguretat, Servei d\u2019Educaci\u00f3 de l\u2019Ajuntament de Badalona i el Centre de Recursos Pedag\u00f2gics de Badalona de la Generalitat de Catalunya. Tamb\u00e9 hi col\u00b7laboren l\u2019empresa Menarini amb un obsequi pels infants i el Museu de Badalona que cedeix les seves instal\u00b7lacions.<\/p>\n","protected":false},"excerpt":{"rendered":"<p>Un total de 438 nens i nenes que estan cursant des de P3 fins a 6\u00e8 de Prim\u00e0ria a 10 [&hellip;]<\/p>\n","protected":false},"author":1,"featured_media":11643,"comment_status":"closed","ping_status":"closed","sticky":false,"template":"","format":"standard","meta":{"_bbp_topic_count":0,"_bbp_reply_count":0,"_bbp_total_topic_count":0,"_bbp_total_reply_count":0,"_bbp_voice_count":0,"_bbp_anonymous_reply_count":0,"_bbp_topic_count_hidden":0,"_bbp_reply_count_hidden":0,"_bbp_forum_subforum_count":0,"site-sidebar-layout":"default","site-content-layout":"","ast-site-content-layout":"","site-content-style":"default","site-sidebar-style":"default","ast-global-header-display":"","ast-banner-title-visibility":"","ast-main-header-display":"","ast-hfb-above-header-display":"","ast-hfb-below-header-display":"","ast-hfb-mobile-header-display":"","site-post-title":"","ast-breadcrumbs-content":"","ast-featured-img":"","footer-sml-layout":"","theme-transparent-header-meta":"","adv-header-id-meta":"","stick-header-meta":"","header-above-stick-meta":"","header-main-stick-meta":"","header-below-stick-meta":"","astra-migrate-meta-layouts":"default","ast-page-background-enabled":"default","ast-page-background-meta":{"desktop":{"background-color":"var(--ast-global-color-4)","background-image":"","background-repeat":"repeat","background-position":"center center","background-size":"auto","background-attachment":"scroll","background-type":"","background-media":"","overlay-type":"","overlay-color":"","overlay-opacity":"","overlay-gradient":""},"tablet":{"background-color":"","background-image":"","background-repeat":"repeat","background-position":"center center","background-size":"auto","background-attachment":"scroll","background-type":"","background-media":"","overlay-type":"","overlay-color":"","overlay-opacity":"","overlay-gradient":""},"mobile":{"background-color":"","background-image":"","background-repeat":"repeat","background-position":"center center","background-size":"auto","background-attachment":"scroll","background-type":"","background-media":"","overlay-type":"","overlay-color":"","overlay-opacity":"","overlay-gradient":""}},"ast-content-background-meta":{"desktop":{"background-color":"var(--ast-global-color-5)","background-image":"","background-repeat":"repeat","background-position":"center center","background-size":"auto","background-attachment":"scroll","background-type":"","background-media":"","overlay-type":"","overlay-color":"","overlay-opacity":"","overlay-gradient":""},"tablet":{"background-color":"var(--ast-global-color-5)","background-image":"","background-repeat":"repeat","background-position":"center center","background-size":"auto","background-attachment":"scroll","background-type":"","background-media":"","overlay-type":"","overlay-color":"","overlay-opacity":"","overlay-gradient":""},"mobile":{"background-color":"var(--ast-global-color-5)","background-image":"","background-repeat":"repeat","background-position":"center center","background-size":"auto","background-attachment":"scroll","background-type":"","background-media":"","overlay-type":"","overlay-color":"","overlay-opacity":"","overlay-gradient":""}},"footnotes":""},"categories":[418,66,1003,29],"tags":[1089,1092,619],"class_list":["post-11642","post","type-post","status-publish","format-standard","has-post-thumbnail","hentry","category-congres-ciencia","category-dinamitzacio","category-innovacio","category-portada","tag-eduacio-infantil","tag-eduacio-primaria","tag-steam"],"post_mailing_queue_ids":[],"_links":{"self":[{"href":"https:\/\/serveiseducatius.xtec.cat\/badalona\/wp-json\/wp\/v2\/posts\/11642","targetHints":{"allow":["GET"]}}],"collection":[{"href":"https:\/\/serveiseducatius.xtec.cat\/badalona\/wp-json\/wp\/v2\/posts"}],"about":[{"href":"https:\/\/serveiseducatius.xtec.cat\/badalona\/wp-json\/wp\/v2\/types\/post"}],"author":[{"embeddable":true,"href":"https:\/\/serveiseducatius.xtec.cat\/badalona\/wp-json\/wp\/v2\/users\/1"}],"replies":[{"embeddable":true,"href":"https:\/\/serveiseducatius.xtec.cat\/badalona\/wp-json\/wp\/v2\/comments?post=11642"}],"version-history":[{"count":1,"href":"https:\/\/serveiseducatius.xtec.cat\/badalona\/wp-json\/wp\/v2\/posts\/11642\/revisions"}],"predecessor-version":[{"id":11644,"href":"https:\/\/serveiseducatius.xtec.cat\/badalona\/wp-json\/wp\/v2\/posts\/11642\/revisions\/11644"}],"wp:featuredmedia":[{"embeddable":true,"href":"https:\/\/serveiseducatius.xtec.cat\/badalona\/wp-json\/wp\/v2\/media\/11643"}],"wp:attachment":[{"href":"https:\/\/serveiseducatius.xtec.cat\/badalona\/wp-json\/wp\/v2\/media?parent=11642"}],"wp:term":[{"taxonomy":"category","embeddable":true,"href":"https:\/\/serveiseducatius.xtec.cat\/badalona\/wp-json\/wp\/v2\/categories?post=11642"},{"taxonomy":"post_tag","embeddable":true,"href":"https:\/\/serveiseducatius.xtec.cat\/badalona\/wp-json\/wp\/v2\/tags?post=11642"}],"curies":[{"name":"wp","href":"https:\/\/api.w.org\/{rel}","templated":true}]}}