{"id":11498,"date":"2019-04-25T11:15:22","date_gmt":"2019-04-25T09:15:22","guid":{"rendered":"http:\/\/serveiseducatius.xtec.cat\/badalona\/?p=11498"},"modified":"2019-04-25T11:15:22","modified_gmt":"2019-04-25T09:15:22","slug":"contagiat-de-la-mirada-360-jornada-dexperiencies-educatives-en-xarxa-10-maig-18h-escola-virolai-barcelona","status":"publish","type":"post","link":"https:\/\/serveiseducatius.xtec.cat\/badalona\/portada\/contagiat-de-la-mirada-360-jornada-dexperiencies-educatives-en-xarxa-10-maig-18h-escola-virolai-barcelona\/","title":{"rendered":"Contagia\u2019t de la mirada 360! Jornada d\u2019experi\u00e8ncies educatives en xarxa: 10 maig 18h Escola Virolai, Barcelona"},"content":{"rendered":"<p>&nbsp;<\/p>\n<p><img loading=\"lazy\" decoding=\"async\" class=\"size-full wp-image-11499 alignnone\" src=\"https:\/\/serveiseducatius.xtec.cat\/badalona\/wp-content\/uploads\/usu1088\/2019\/04\/logo-fjb_0.png\" alt=\"\" width=\"248\" height=\"200\" \/><img loading=\"lazy\" decoding=\"async\" class=\"alignnone  wp-image-11500\" src=\"https:\/\/serveiseducatius.xtec.cat\/badalona\/wp-content\/uploads\/usu1088\/2019\/04\/Captura-2.png\" alt=\"\" width=\"671\" height=\"151\" srcset=\"https:\/\/serveiseducatius.xtec.cat\/badalona\/wp-content\/uploads\/usu1088\/2019\/04\/Captura-2.png 955w, https:\/\/serveiseducatius.xtec.cat\/badalona\/wp-content\/uploads\/usu1088\/2019\/04\/Captura-2-300x68.png 300w, https:\/\/serveiseducatius.xtec.cat\/badalona\/wp-content\/uploads\/usu1088\/2019\/04\/Captura-2-768x173.png 768w\" sizes=\"auto, (max-width: 671px) 100vw, 671px\" \/><\/p>\n<p>Els Centres Educatius 360,\u00a0<strong>connecten els espais i els temps educatius de la vida dels infants i joves, per aconseguir que visquin el m\u00e0xim d\u2019experi\u00e8ncies i d\u2019oportunitats d\u2019aprenen<\/strong><strong>tatge amb valor educatiu<\/strong>. Per\u00f2 qu\u00e8 podem aprendre d\u2019aquestes pr\u00e0ctiques? Quines mesures implementen per garantir que tots els infants accedeixen a activitats extraescolars enriquidores? Com promouen que els infants i adolescents construeixin itineraris d\u2019aprenentatge personalitzats? Quins criteris tenen en compte? Qu\u00e8 tenen en compte els docents a l\u2019hora d\u2019orientar a l\u2019alumnat i a les seves fam\u00edlies sobre les activitats del fora escola m\u00e9s adequades i adaptades a les motivacions i aprenentatges dels infants i joves? Com aquests centren maximitzen la seva tasca a trav\u00e9s del treball col\u00b7laboratiu i continuat amb l\u2019entorn?\u00a0 Quines barreres es troben?\u00a0 Quines estrat\u00e8gies desenvolupen per tal que l\u2019alumnat i les seves fam\u00edlies participin en la vida comunit\u00e0ria i cultural de l\u2019entorn.?<\/p>\n<p>Per a inspirar, per aprendre, per compartir estrat\u00e8gies,\u00a0<strong>des de la<\/strong>\u00a0<a href=\"https:\/\/www.fbofill.cat\/\">Fundaci\u00f3 Jaume Bofill<\/a>\u00a0<strong>us conviden a una jornada per con\u00e8ixer pr\u00e0ctiques de Centres Educatius 360 que ens ajudaran a identificar els elements clau, els reptes i les oportunitats de treball que se&#8217;n despr\u00e8n.<\/strong>\u00a0I ho volem fer de la m\u00e0 dels impulsors d\u2019aquestes pr\u00e0ctiques. A la jornada tindreu ocasi\u00f3 de con\u00e8ixer pr\u00e0ctiques innovadores sobre \u00e0mbits diversos com l\u2019<strong>aprenentatge maker, educaci\u00f3 musical, cinema, refor\u00e7 educatiu, menjadors escolars, biblioteques i activitats esportives entre d\u2019altres<\/strong>. Un espai \u00fanic per intercanviar coneixements i reptes sobre com connectar el \u201cdins i fora escola\u201d i integrar les capacitats, necessitats i interessos particulars dels infants i joves al propi projecte educatiu i al del municipi.<\/p>\n<p>Voleu saber quines pr\u00e0ctiques ens acompanyaran? Estigueu alerta perqu\u00e8 ben aviat ho publicarem al web i a les nostres xarxes!\u00a0<\/p>\n<p>De moment, podeu fer la inscripci\u00f3 per assistir-hi presencialment clicant\u00a0<a href=\"https:\/\/www.fbofill.cat\/agenda\/contagiat-de-la-mirada-360-jornada-dexperiencies-educatives-en-xarxa\">aqu\u00ed<\/a>.<\/p>\n<p>Recordem que aquest \u00e9s un acte obert a tothom, formeu o no part de la Crida\u00a0<a href=\"https:\/\/twitter.com\/hashtag\/CentresEducatius360?src=hash\">#CentresEducatius360<\/a>.<\/p>\n","protected":false},"excerpt":{"rendered":"<p>&nbsp; Els Centres Educatius 360,\u00a0connecten els espais i els temps educatius de la vida dels infants i joves, per aconseguir [&hellip;]<\/p>\n","protected":false},"author":15,"featured_media":11499,"comment_status":"closed","ping_status":"closed","sticky":false,"template":"","format":"standard","meta":{"_bbp_topic_count":0,"_bbp_reply_count":0,"_bbp_total_topic_count":0,"_bbp_total_reply_count":0,"_bbp_voice_count":0,"_bbp_anonymous_reply_count":0,"_bbp_topic_count_hidden":0,"_bbp_reply_count_hidden":0,"_bbp_forum_subforum_count":0,"site-sidebar-layout":"default","site-content-layout":"","ast-site-content-layout":"","site-content-style":"default","site-sidebar-style":"default","ast-global-header-display":"","ast-banner-title-visibility":"","ast-main-header-display":"","ast-hfb-above-header-display":"","ast-hfb-below-header-display":"","ast-hfb-mobile-header-display":"","site-post-title":"","ast-breadcrumbs-content":"","ast-featured-img":"","footer-sml-layout":"","theme-transparent-header-meta":"","adv-header-id-meta":"","stick-header-meta":"","header-above-stick-meta":"","header-main-stick-meta":"","header-below-stick-meta":"","astra-migrate-meta-layouts":"default","ast-page-background-enabled":"default","ast-page-background-meta":{"desktop":{"background-color":"var(--ast-global-color-4)","background-image":"","background-repeat":"repeat","background-position":"center center","background-size":"auto","background-attachment":"scroll","background-type":"","background-media":"","overlay-type":"","overlay-color":"","overlay-opacity":"","overlay-gradient":""},"tablet":{"background-color":"","background-image":"","background-repeat":"repeat","background-position":"center center","background-size":"auto","background-attachment":"scroll","background-type":"","background-media":"","overlay-type":"","overlay-color":"","overlay-opacity":"","overlay-gradient":""},"mobile":{"background-color":"","background-image":"","background-repeat":"repeat","background-position":"center center","background-size":"auto","background-attachment":"scroll","background-type":"","background-media":"","overlay-type":"","overlay-color":"","overlay-opacity":"","overlay-gradient":""}},"ast-content-background-meta":{"desktop":{"background-color":"var(--ast-global-color-5)","background-image":"","background-repeat":"repeat","background-position":"center center","background-size":"auto","background-attachment":"scroll","background-type":"","background-media":"","overlay-type":"","overlay-color":"","overlay-opacity":"","overlay-gradient":""},"tablet":{"background-color":"var(--ast-global-color-5)","background-image":"","background-repeat":"repeat","background-position":"center center","background-size":"auto","background-attachment":"scroll","background-type":"","background-media":"","overlay-type":"","overlay-color":"","overlay-opacity":"","overlay-gradient":""},"mobile":{"background-color":"var(--ast-global-color-5)","background-image":"","background-repeat":"repeat","background-position":"center center","background-size":"auto","background-attachment":"scroll","background-type":"","background-media":"","overlay-type":"","overlay-color":"","overlay-opacity":"","overlay-gradient":""}},"footnotes":""},"categories":[29],"tags":[],"class_list":["post-11498","post","type-post","status-publish","format-standard","has-post-thumbnail","hentry","category-portada"],"post_mailing_queue_ids":[],"_links":{"self":[{"href":"https:\/\/serveiseducatius.xtec.cat\/badalona\/wp-json\/wp\/v2\/posts\/11498","targetHints":{"allow":["GET"]}}],"collection":[{"href":"https:\/\/serveiseducatius.xtec.cat\/badalona\/wp-json\/wp\/v2\/posts"}],"about":[{"href":"https:\/\/serveiseducatius.xtec.cat\/badalona\/wp-json\/wp\/v2\/types\/post"}],"author":[{"embeddable":true,"href":"https:\/\/serveiseducatius.xtec.cat\/badalona\/wp-json\/wp\/v2\/users\/15"}],"replies":[{"embeddable":true,"href":"https:\/\/serveiseducatius.xtec.cat\/badalona\/wp-json\/wp\/v2\/comments?post=11498"}],"version-history":[{"count":1,"href":"https:\/\/serveiseducatius.xtec.cat\/badalona\/wp-json\/wp\/v2\/posts\/11498\/revisions"}],"predecessor-version":[{"id":11501,"href":"https:\/\/serveiseducatius.xtec.cat\/badalona\/wp-json\/wp\/v2\/posts\/11498\/revisions\/11501"}],"wp:featuredmedia":[{"embeddable":true,"href":"https:\/\/serveiseducatius.xtec.cat\/badalona\/wp-json\/wp\/v2\/media\/11499"}],"wp:attachment":[{"href":"https:\/\/serveiseducatius.xtec.cat\/badalona\/wp-json\/wp\/v2\/media?parent=11498"}],"wp:term":[{"taxonomy":"category","embeddable":true,"href":"https:\/\/serveiseducatius.xtec.cat\/badalona\/wp-json\/wp\/v2\/categories?post=11498"},{"taxonomy":"post_tag","embeddable":true,"href":"https:\/\/serveiseducatius.xtec.cat\/badalona\/wp-json\/wp\/v2\/tags?post=11498"}],"curies":[{"name":"wp","href":"https:\/\/api.w.org\/{rel}","templated":true}]}}