{"id":11487,"date":"2019-04-29T09:00:38","date_gmt":"2019-04-29T07:00:38","guid":{"rendered":"http:\/\/serveiseducatius.xtec.cat\/badalona\/?p=11487"},"modified":"2019-04-25T12:26:20","modified_gmt":"2019-04-25T10:26:20","slug":"taller-lensenyament-de-lalfabetitzacio-mediatica-noves-amenaces-noves-estrategies-noves-eines","status":"publish","type":"post","link":"https:\/\/serveiseducatius.xtec.cat\/badalona\/portada\/taller-lensenyament-de-lalfabetitzacio-mediatica-noves-amenaces-noves-estrategies-noves-eines\/","title":{"rendered":"Taller: \u201cL\u2019ensenyament de l\u2019alfabetitzaci\u00f3 medi\u00e0tica: noves amenaces, noves estrat\u00e8gies, noves eines\u201c"},"content":{"rendered":"<p><a href=\"https:\/\/agora.xtec.cat\/cesire\/general\/taller-lensenyament-de-lalfabetitzacio-mediatica\/\" target=\"_blank\" rel=\"noopener\"><img loading=\"lazy\" decoding=\"async\" class=\" wp-image-11488 alignleft\" src=\"https:\/\/serveiseducatius.xtec.cat\/badalona\/wp-content\/uploads\/usu1088\/2019\/04\/Flyer_EnsenyamentAlfabetitzaci\u00f3Medi\u00e0tica.png\" alt=\"\" width=\"654\" height=\"368\" srcset=\"https:\/\/serveiseducatius.xtec.cat\/badalona\/wp-content\/uploads\/usu1088\/2019\/04\/Flyer_EnsenyamentAlfabetitzaci\u00f3Medi\u00e0tica.png 960w, https:\/\/serveiseducatius.xtec.cat\/badalona\/wp-content\/uploads\/usu1088\/2019\/04\/Flyer_EnsenyamentAlfabetitzaci\u00f3Medi\u00e0tica-300x169.png 300w, https:\/\/serveiseducatius.xtec.cat\/badalona\/wp-content\/uploads\/usu1088\/2019\/04\/Flyer_EnsenyamentAlfabetitzaci\u00f3Medi\u00e0tica-768x432.png 768w\" sizes=\"auto, (max-width: 654px) 100vw, 654px\" \/><\/a><\/p>\n<p>El proper<strong> dilluns 6 de maig de 2019, a les 17:30 h<\/strong>, us convidem a participar en el taller <a href=\"https:\/\/agora.xtec.cat\/cesire\/general\/taller-lensenyament-de-lalfabetitzacio-mediatica\/\" target=\"_blank\" rel=\"noopener\">\u201c<strong>L\u2019ensenyament de l\u2019alfabetitzaci\u00f3 medi\u00e0tica: noves amenaces, noves estrat\u00e8gies, noves eines<\/strong>\u201c<\/a>, impartit per Damaso Reyes, que \u00e9s actualment el director de col\u00b7laboracions de\u00a0<a href=\"https:\/\/newslit.org\/\" target=\"_blank\" rel=\"noopener\">News Literacy Project<\/a>.<\/p>\n<p>Mitjan\u00e7ant aquest taller, organitzat conjuntament amb el Consolat General dels Estats Units a Barcelona, ens submergirem en el panorama de la desinformaci\u00f3 per tal de definir totes les diferents variants a qu\u00e8 s\u2019enfronten els joves avui en dia. Tamb\u00e9 explorarem diferents eines que els educadors poden utilitzar per ensenyar alfabetitzaci\u00f3 medi\u00e0tica a l\u2019aula. Practicarem amb una lli\u00e7\u00f3 interactiva del projecte d\u2019aula virtual\u00a0<a href=\"https:\/\/newslit.org\/educators\/checkology\/\" target=\"_blank\" rel=\"noopener\">Checkology<\/a>\u00ae i aprofundirem en els est\u00e0ndards de bona qualitat period\u00edstica.<\/p>\n<p>La sessi\u00f3 es desenvolupar\u00e0 al CESIRE de Barcelona, ser\u00e0 en castell\u00e0, i tindr\u00e0 una durada aproximada de 2 h 30 min. Les places s\u00f3n limitades i s\u2019assignaran per ordre d\u2019inscripci\u00f3.\u00a0<\/p>\n<p><a href=\"https:\/\/docs.google.com\/forms\/d\/e\/1FAIpQLSc7YJbeh5skQXF4rxCkZYWKCqg0IJl-3ZZn1jlI0-0CokIp4Q\/viewform\" target=\"_blank\" rel=\"noopener\"><strong>Inscripcions<\/strong><\/a><\/p>\n","protected":false},"excerpt":{"rendered":"<p>El proper dilluns 6 de maig de 2019, a les 17:30 h, us convidem a participar en el taller \u201cL\u2019ensenyament [&hellip;]<\/p>\n","protected":false},"author":9,"featured_media":11489,"comment_status":"closed","ping_status":"closed","sticky":false,"template":"","format":"standard","meta":{"_bbp_topic_count":0,"_bbp_reply_count":0,"_bbp_total_topic_count":0,"_bbp_total_reply_count":0,"_bbp_voice_count":0,"_bbp_anonymous_reply_count":0,"_bbp_topic_count_hidden":0,"_bbp_reply_count_hidden":0,"_bbp_forum_subforum_count":0,"site-sidebar-layout":"default","site-content-layout":"","ast-site-content-layout":"","site-content-style":"default","site-sidebar-style":"default","ast-global-header-display":"","ast-banner-title-visibility":"","ast-main-header-display":"","ast-hfb-above-header-display":"","ast-hfb-below-header-display":"","ast-hfb-mobile-header-display":"","site-post-title":"","ast-breadcrumbs-content":"","ast-featured-img":"","footer-sml-layout":"","theme-transparent-header-meta":"","adv-header-id-meta":"","stick-header-meta":"","header-above-stick-meta":"","header-main-stick-meta":"","header-below-stick-meta":"","astra-migrate-meta-layouts":"default","ast-page-background-enabled":"default","ast-page-background-meta":{"desktop":{"background-color":"var(--ast-global-color-4)","background-image":"","background-repeat":"repeat","background-position":"center center","background-size":"auto","background-attachment":"scroll","background-type":"","background-media":"","overlay-type":"","overlay-color":"","overlay-opacity":"","overlay-gradient":""},"tablet":{"background-color":"","background-image":"","background-repeat":"repeat","background-position":"center center","background-size":"auto","background-attachment":"scroll","background-type":"","background-media":"","overlay-type":"","overlay-color":"","overlay-opacity":"","overlay-gradient":""},"mobile":{"background-color":"","background-image":"","background-repeat":"repeat","background-position":"center center","background-size":"auto","background-attachment":"scroll","background-type":"","background-media":"","overlay-type":"","overlay-color":"","overlay-opacity":"","overlay-gradient":""}},"ast-content-background-meta":{"desktop":{"background-color":"var(--ast-global-color-5)","background-image":"","background-repeat":"repeat","background-position":"center center","background-size":"auto","background-attachment":"scroll","background-type":"","background-media":"","overlay-type":"","overlay-color":"","overlay-opacity":"","overlay-gradient":""},"tablet":{"background-color":"var(--ast-global-color-5)","background-image":"","background-repeat":"repeat","background-position":"center center","background-size":"auto","background-attachment":"scroll","background-type":"","background-media":"","overlay-type":"","overlay-color":"","overlay-opacity":"","overlay-gradient":""},"mobile":{"background-color":"var(--ast-global-color-5)","background-image":"","background-repeat":"repeat","background-position":"center center","background-size":"auto","background-attachment":"scroll","background-type":"","background-media":"","overlay-type":"","overlay-color":"","overlay-opacity":"","overlay-gradient":""}},"footnotes":""},"categories":[165,29],"tags":[674,1155,992,208,189],"class_list":["post-11487","post","type-post","status-publish","format-standard","has-post-thumbnail","hentry","category-formacio","category-portada","tag-cesire","tag-eines","tag-estrategies","tag-noticies","tag-taller"],"post_mailing_queue_ids":[],"_links":{"self":[{"href":"https:\/\/serveiseducatius.xtec.cat\/badalona\/wp-json\/wp\/v2\/posts\/11487","targetHints":{"allow":["GET"]}}],"collection":[{"href":"https:\/\/serveiseducatius.xtec.cat\/badalona\/wp-json\/wp\/v2\/posts"}],"about":[{"href":"https:\/\/serveiseducatius.xtec.cat\/badalona\/wp-json\/wp\/v2\/types\/post"}],"author":[{"embeddable":true,"href":"https:\/\/serveiseducatius.xtec.cat\/badalona\/wp-json\/wp\/v2\/users\/9"}],"replies":[{"embeddable":true,"href":"https:\/\/serveiseducatius.xtec.cat\/badalona\/wp-json\/wp\/v2\/comments?post=11487"}],"version-history":[{"count":1,"href":"https:\/\/serveiseducatius.xtec.cat\/badalona\/wp-json\/wp\/v2\/posts\/11487\/revisions"}],"predecessor-version":[{"id":11490,"href":"https:\/\/serveiseducatius.xtec.cat\/badalona\/wp-json\/wp\/v2\/posts\/11487\/revisions\/11490"}],"wp:featuredmedia":[{"embeddable":true,"href":"https:\/\/serveiseducatius.xtec.cat\/badalona\/wp-json\/wp\/v2\/media\/11489"}],"wp:attachment":[{"href":"https:\/\/serveiseducatius.xtec.cat\/badalona\/wp-json\/wp\/v2\/media?parent=11487"}],"wp:term":[{"taxonomy":"category","embeddable":true,"href":"https:\/\/serveiseducatius.xtec.cat\/badalona\/wp-json\/wp\/v2\/categories?post=11487"},{"taxonomy":"post_tag","embeddable":true,"href":"https:\/\/serveiseducatius.xtec.cat\/badalona\/wp-json\/wp\/v2\/tags?post=11487"}],"curies":[{"name":"wp","href":"https:\/\/api.w.org\/{rel}","templated":true}]}}