{"id":11382,"date":"2019-04-10T09:00:04","date_gmt":"2019-04-10T07:00:04","guid":{"rendered":"http:\/\/serveiseducatius.xtec.cat\/badalona\/?p=11382"},"modified":"2019-04-04T12:54:17","modified_gmt":"2019-04-04T10:54:17","slug":"xv-jornades-deducacio-emocional","status":"publish","type":"post","link":"https:\/\/serveiseducatius.xtec.cat\/badalona\/portada\/xv-jornades-deducacio-emocional\/","title":{"rendered":"XV Jornades d\u2019Educaci\u00f3 Emocional"},"content":{"rendered":"<p><a href=\"http:\/\/www.ub.edu\/jornadeseducacioemocional\/ca\/\" target=\"_blank\" rel=\"noopener\"><img loading=\"lazy\" decoding=\"async\" class=\"wp-image-11383 alignleft\" src=\"https:\/\/serveiseducatius.xtec.cat\/badalona\/wp-content\/uploads\/usu1088\/2019\/04\/ImagenWeb2019-1024x718.gif\" alt=\"\" width=\"565\" height=\"396\" srcset=\"https:\/\/serveiseducatius.xtec.cat\/badalona\/wp-content\/uploads\/usu1088\/2019\/04\/ImagenWeb2019-1024x718.gif 1024w, https:\/\/serveiseducatius.xtec.cat\/badalona\/wp-content\/uploads\/usu1088\/2019\/04\/ImagenWeb2019-300x210.gif 300w, https:\/\/serveiseducatius.xtec.cat\/badalona\/wp-content\/uploads\/usu1088\/2019\/04\/ImagenWeb2019-768x539.gif 768w\" sizes=\"auto, (max-width: 565px) 100vw, 565px\" \/><\/a><\/p>\n<p><strong>La formaci\u00f3 dels educadors en educaci\u00f3 emocional &#8211; 17 i 18 de maig de 2019<\/strong><\/p>\n<p style=\"text-align: justify;\">La formaci\u00f3 dels educadors en educaci\u00f3 emocional \u00e9s un repte que queda pendent. Aquesta \u00e9s la tem\u00e0tica de les<strong><a href=\"http:\/\/www.ub.edu\/jornadeseducacioemocional\/ca\/\" target=\"_blank\" rel=\"noopener\"> XV Jornades d\u2019Educaci\u00f3 Emocional.<\/a><\/strong><\/p>\n<p style=\"text-align: justify;\">L\u2019educaci\u00f3 emocional t\u00e9 com a objectiu el desenvolupament de compet\u00e8ncies emocionals, que son compet\u00e8ncies b\u00e0siques per la vida i un aspecte important del desenvolupament integral de la personalitat. La persona amb compet\u00e8ncies emocionals est\u00e0 en millors condicions per fer front als reptes de la vida i contribuir de forma significativa a la construcci\u00f3 del benestar personal i social.<\/p>\n<p style=\"text-align: justify;\">Al\u00a0<strong><a href=\"http:\/\/www.ub.edu\/ice\/sites\/default\/files\/\/docs\/jornades\/xv_jornades_d_educacio_emocional4.pdf\">Programa<\/a>\u00a0veureu les confer\u00e8ncies i tallers simult\u00e0nis de les Jornades. <\/strong>Tamb\u00e9 podreu accedir al formulari d\u2019inscripci\u00f3, oberta des\u00a0del 8 de mar\u00e7 de 2019<strong>.\u00a0<\/strong>Les places s\u00f3n limitades. En el moment de formalitzar la matr\u00edcula, cada participant s\u2019ha d\u2019inscriure als tallers que li interessin.<\/p>\n<p>&nbsp;<\/p>\n","protected":false},"excerpt":{"rendered":"<p>La formaci\u00f3 dels educadors en educaci\u00f3 emocional &#8211; 17 i 18 de maig de 2019 La formaci\u00f3 dels educadors en [&hellip;]<\/p>\n","protected":false},"author":9,"featured_media":11384,"comment_status":"closed","ping_status":"closed","sticky":false,"template":"","format":"standard","meta":{"_bbp_topic_count":0,"_bbp_reply_count":0,"_bbp_total_topic_count":0,"_bbp_total_reply_count":0,"_bbp_voice_count":0,"_bbp_anonymous_reply_count":0,"_bbp_topic_count_hidden":0,"_bbp_reply_count_hidden":0,"_bbp_forum_subforum_count":0,"site-sidebar-layout":"default","site-content-layout":"","ast-site-content-layout":"","site-content-style":"default","site-sidebar-style":"default","ast-global-header-display":"","ast-banner-title-visibility":"","ast-main-header-display":"","ast-hfb-above-header-display":"","ast-hfb-below-header-display":"","ast-hfb-mobile-header-display":"","site-post-title":"","ast-breadcrumbs-content":"","ast-featured-img":"","footer-sml-layout":"","theme-transparent-header-meta":"","adv-header-id-meta":"","stick-header-meta":"","header-above-stick-meta":"","header-main-stick-meta":"","header-below-stick-meta":"","astra-migrate-meta-layouts":"default","ast-page-background-enabled":"default","ast-page-background-meta":{"desktop":{"background-color":"var(--ast-global-color-4)","background-image":"","background-repeat":"repeat","background-position":"center center","background-size":"auto","background-attachment":"scroll","background-type":"","background-media":"","overlay-type":"","overlay-color":"","overlay-opacity":"","overlay-gradient":""},"tablet":{"background-color":"","background-image":"","background-repeat":"repeat","background-position":"center center","background-size":"auto","background-attachment":"scroll","background-type":"","background-media":"","overlay-type":"","overlay-color":"","overlay-opacity":"","overlay-gradient":""},"mobile":{"background-color":"","background-image":"","background-repeat":"repeat","background-position":"center center","background-size":"auto","background-attachment":"scroll","background-type":"","background-media":"","overlay-type":"","overlay-color":"","overlay-opacity":"","overlay-gradient":""}},"ast-content-background-meta":{"desktop":{"background-color":"var(--ast-global-color-5)","background-image":"","background-repeat":"repeat","background-position":"center center","background-size":"auto","background-attachment":"scroll","background-type":"","background-media":"","overlay-type":"","overlay-color":"","overlay-opacity":"","overlay-gradient":""},"tablet":{"background-color":"var(--ast-global-color-5)","background-image":"","background-repeat":"repeat","background-position":"center center","background-size":"auto","background-attachment":"scroll","background-type":"","background-media":"","overlay-type":"","overlay-color":"","overlay-opacity":"","overlay-gradient":""},"mobile":{"background-color":"var(--ast-global-color-5)","background-image":"","background-repeat":"repeat","background-position":"center center","background-size":"auto","background-attachment":"scroll","background-type":"","background-media":"","overlay-type":"","overlay-color":"","overlay-opacity":"","overlay-gradient":""}},"footnotes":""},"categories":[399,165,29],"tags":[400,401,471,166,417,302],"class_list":["post-11382","post","type-post","status-publish","format-standard","has-post-thumbnail","hentry","category-educacio-emocional","category-formacio","category-portada","tag-educacio-emocional","tag-educacio-primaria","tag-educacio-secundaria","tag-formacio","tag-jornades","tag-recursos"],"post_mailing_queue_ids":[],"_links":{"self":[{"href":"https:\/\/serveiseducatius.xtec.cat\/badalona\/wp-json\/wp\/v2\/posts\/11382","targetHints":{"allow":["GET"]}}],"collection":[{"href":"https:\/\/serveiseducatius.xtec.cat\/badalona\/wp-json\/wp\/v2\/posts"}],"about":[{"href":"https:\/\/serveiseducatius.xtec.cat\/badalona\/wp-json\/wp\/v2\/types\/post"}],"author":[{"embeddable":true,"href":"https:\/\/serveiseducatius.xtec.cat\/badalona\/wp-json\/wp\/v2\/users\/9"}],"replies":[{"embeddable":true,"href":"https:\/\/serveiseducatius.xtec.cat\/badalona\/wp-json\/wp\/v2\/comments?post=11382"}],"version-history":[{"count":1,"href":"https:\/\/serveiseducatius.xtec.cat\/badalona\/wp-json\/wp\/v2\/posts\/11382\/revisions"}],"predecessor-version":[{"id":11385,"href":"https:\/\/serveiseducatius.xtec.cat\/badalona\/wp-json\/wp\/v2\/posts\/11382\/revisions\/11385"}],"wp:featuredmedia":[{"embeddable":true,"href":"https:\/\/serveiseducatius.xtec.cat\/badalona\/wp-json\/wp\/v2\/media\/11384"}],"wp:attachment":[{"href":"https:\/\/serveiseducatius.xtec.cat\/badalona\/wp-json\/wp\/v2\/media?parent=11382"}],"wp:term":[{"taxonomy":"category","embeddable":true,"href":"https:\/\/serveiseducatius.xtec.cat\/badalona\/wp-json\/wp\/v2\/categories?post=11382"},{"taxonomy":"post_tag","embeddable":true,"href":"https:\/\/serveiseducatius.xtec.cat\/badalona\/wp-json\/wp\/v2\/tags?post=11382"}],"curies":[{"name":"wp","href":"https:\/\/api.w.org\/{rel}","templated":true}]}}