{"id":11304,"date":"2019-03-27T13:30:04","date_gmt":"2019-03-27T12:30:04","guid":{"rendered":"http:\/\/serveiseducatius.xtec.cat\/badalona\/?p=11304"},"modified":"2019-03-29T12:02:31","modified_gmt":"2019-03-29T11:02:31","slug":"premiada-una-alumna-de-linstitut-pau-casals-de-badalona-al-concurs-escolar-salo-del-comic","status":"publish","type":"post","link":"https:\/\/serveiseducatius.xtec.cat\/badalona\/portada\/premiada-una-alumna-de-linstitut-pau-casals-de-badalona-al-concurs-escolar-salo-del-comic\/","title":{"rendered":"Premiada una alumna de l&#8217;Institut Pau Casals de Badalona al Concurs Escolar Sal\u00f3 del C\u00f2mic"},"content":{"rendered":"<p style=\"text-align: justify;\"><img loading=\"lazy\" decoding=\"async\" class=\"wp-image-11327 alignnone\" src=\"https:\/\/serveiseducatius.xtec.cat\/badalona\/wp-content\/uploads\/usu1088\/2019\/03\/Helena-Mart\u00edn-clonador-de-tom\u00e0quets-1-e1553857141349-724x1024.jpg\" alt=\"\" width=\"465\" height=\"658\" srcset=\"https:\/\/serveiseducatius.xtec.cat\/badalona\/wp-content\/uploads\/usu1088\/2019\/03\/Helena-Mart\u00edn-clonador-de-tom\u00e0quets-1-e1553857141349-724x1024.jpg 724w, https:\/\/serveiseducatius.xtec.cat\/badalona\/wp-content\/uploads\/usu1088\/2019\/03\/Helena-Mart\u00edn-clonador-de-tom\u00e0quets-1-e1553857141349-212x300.jpg 212w, https:\/\/serveiseducatius.xtec.cat\/badalona\/wp-content\/uploads\/usu1088\/2019\/03\/Helena-Mart\u00edn-clonador-de-tom\u00e0quets-1-e1553857141349-768x1086.jpg 768w, https:\/\/serveiseducatius.xtec.cat\/badalona\/wp-content\/uploads\/usu1088\/2019\/03\/Helena-Mart\u00edn-clonador-de-tom\u00e0quets-1-e1553857141349.jpg 1754w\" sizes=\"auto, (max-width: 465px) 100vw, 465px\" \/><img loading=\"lazy\" decoding=\"async\" class=\"wp-image-11328 alignnone\" src=\"https:\/\/serveiseducatius.xtec.cat\/badalona\/wp-content\/uploads\/usu1088\/2019\/03\/Helena-Mart\u00edn-clonador-de-tom\u00e0quets-2-e1553857131121-724x1024.jpg\" alt=\"\" width=\"466\" height=\"659\" srcset=\"https:\/\/serveiseducatius.xtec.cat\/badalona\/wp-content\/uploads\/usu1088\/2019\/03\/Helena-Mart\u00edn-clonador-de-tom\u00e0quets-2-e1553857131121-724x1024.jpg 724w, https:\/\/serveiseducatius.xtec.cat\/badalona\/wp-content\/uploads\/usu1088\/2019\/03\/Helena-Mart\u00edn-clonador-de-tom\u00e0quets-2-e1553857131121-212x300.jpg 212w, https:\/\/serveiseducatius.xtec.cat\/badalona\/wp-content\/uploads\/usu1088\/2019\/03\/Helena-Mart\u00edn-clonador-de-tom\u00e0quets-2-e1553857131121-768x1086.jpg 768w, https:\/\/serveiseducatius.xtec.cat\/badalona\/wp-content\/uploads\/usu1088\/2019\/03\/Helena-Mart\u00edn-clonador-de-tom\u00e0quets-2-e1553857131121.jpg 1754w\" sizes=\"auto, (max-width: 466px) 100vw, 466px\" \/><\/p>\n<p style=\"text-align: justify;\"><strong style=\"font-family: inherit; font-size: 1em;\">VIII Concur<\/strong><strong style=\"font-family: inherit; font-size: 1em;\">s Escolar Sal\u00f3 del C\u00f2mic <\/strong><span style=\"font-family: inherit; font-size: 1em;\">ha premiat a l&#8217;alumna <\/span><strong style=\"font-family: inherit; font-size: 1em;\">Helena Mart\u00edn Diaz<\/strong><span style=\"font-family: inherit; font-size: 1em;\">, de l&#8217;Institut Pau Casals (Badalona), pel seu treball <\/span><strong style=\"font-family: inherit; font-size: 1em;\">El clonador de tom\u00e0quets 3000,\u00a0<\/strong><span style=\"font-family: inherit; font-size: 1em;\">en la categoria D &#8211; 3r i 4rt d&#8217;educaci\u00f3 secund\u00e0ria obligat\u00f2ria. El treball ha estat tutoritzat pel professor\u00a0Ramon G\u00f3mez Alcal\u00e1. El\u00a0lliurament de premis que es far\u00e0 el diumenge 7 d&#8217;abril en el marc del <\/span><strong style=\"font-family: inherit; font-size: 1em;\">Sal\u00f3 del C\u00f2mic<\/strong><span style=\"font-family: inherit; font-size: 1em;\">. Moltes felicitats Helena!<\/span><\/p>\n<p style=\"text-align: justify;\"><a href=\"http:\/\/xtec.gencat.cat\/web\/.content\/projectes\/lectura\/impulslectura\/actes-literaris\/activitatsliteraries\/comic\/concursescolarsalocomic\/finalistes_comic_2019_web.pdf\" target=\"_blank\" rel=\"noopener\">Llista de premiats<\/a><\/p>\n<p><img loading=\"lazy\" decoding=\"async\" class=\"wp-image-11310 alignnone\" src=\"https:\/\/serveiseducatius.xtec.cat\/badalona\/wp-content\/uploads\/usu1088\/2019\/03\/cartelconcurssalodelcomicrgb-683x1024.jpg\" alt=\"\" width=\"318\" height=\"477\" srcset=\"https:\/\/serveiseducatius.xtec.cat\/badalona\/wp-content\/uploads\/usu1088\/2019\/03\/cartelconcurssalodelcomicrgb-683x1024.jpg 683w, https:\/\/serveiseducatius.xtec.cat\/badalona\/wp-content\/uploads\/usu1088\/2019\/03\/cartelconcurssalodelcomicrgb-200x300.jpg 200w, https:\/\/serveiseducatius.xtec.cat\/badalona\/wp-content\/uploads\/usu1088\/2019\/03\/cartelconcurssalodelcomicrgb-768x1152.jpg 768w, https:\/\/serveiseducatius.xtec.cat\/badalona\/wp-content\/uploads\/usu1088\/2019\/03\/cartelconcurssalodelcomicrgb.jpg 1200w\" sizes=\"auto, (max-width: 318px) 100vw, 318px\" \/>\u00a0<\/p>\n","protected":false},"excerpt":{"rendered":"<p>VIII Concurs Escolar Sal\u00f3 del C\u00f2mic ha premiat a l&#8217;alumna Helena Mart\u00edn Diaz, de l&#8217;Institut Pau Casals (Badalona), pel seu [&hellip;]<\/p>\n","protected":false},"author":9,"featured_media":11312,"comment_status":"closed","ping_status":"closed","sticky":false,"template":"","format":"standard","meta":{"_bbp_topic_count":0,"_bbp_reply_count":0,"_bbp_total_topic_count":0,"_bbp_total_reply_count":0,"_bbp_voice_count":0,"_bbp_anonymous_reply_count":0,"_bbp_topic_count_hidden":0,"_bbp_reply_count_hidden":0,"_bbp_forum_subforum_count":0,"site-sidebar-layout":"default","site-content-layout":"","ast-site-content-layout":"","site-content-style":"default","site-sidebar-style":"default","ast-global-header-display":"","ast-banner-title-visibility":"","ast-main-header-display":"","ast-hfb-above-header-display":"","ast-hfb-below-header-display":"","ast-hfb-mobile-header-display":"","site-post-title":"","ast-breadcrumbs-content":"","ast-featured-img":"","footer-sml-layout":"","theme-transparent-header-meta":"","adv-header-id-meta":"","stick-header-meta":"","header-above-stick-meta":"","header-main-stick-meta":"","header-below-stick-meta":"","astra-migrate-meta-layouts":"default","ast-page-background-enabled":"default","ast-page-background-meta":{"desktop":{"background-color":"var(--ast-global-color-4)","background-image":"","background-repeat":"repeat","background-position":"center center","background-size":"auto","background-attachment":"scroll","background-type":"","background-media":"","overlay-type":"","overlay-color":"","overlay-opacity":"","overlay-gradient":""},"tablet":{"background-color":"","background-image":"","background-repeat":"repeat","background-position":"center center","background-size":"auto","background-attachment":"scroll","background-type":"","background-media":"","overlay-type":"","overlay-color":"","overlay-opacity":"","overlay-gradient":""},"mobile":{"background-color":"","background-image":"","background-repeat":"repeat","background-position":"center center","background-size":"auto","background-attachment":"scroll","background-type":"","background-media":"","overlay-type":"","overlay-color":"","overlay-opacity":"","overlay-gradient":""}},"ast-content-background-meta":{"desktop":{"background-color":"var(--ast-global-color-5)","background-image":"","background-repeat":"repeat","background-position":"center center","background-size":"auto","background-attachment":"scroll","background-type":"","background-media":"","overlay-type":"","overlay-color":"","overlay-opacity":"","overlay-gradient":""},"tablet":{"background-color":"var(--ast-global-color-5)","background-image":"","background-repeat":"repeat","background-position":"center center","background-size":"auto","background-attachment":"scroll","background-type":"","background-media":"","overlay-type":"","overlay-color":"","overlay-opacity":"","overlay-gradient":""},"mobile":{"background-color":"var(--ast-global-color-5)","background-image":"","background-repeat":"repeat","background-position":"center center","background-size":"auto","background-attachment":"scroll","background-type":"","background-media":"","overlay-type":"","overlay-color":"","overlay-opacity":"","overlay-gradient":""}},"footnotes":""},"categories":[521,64,66,29],"tags":[368,1129,185,891],"class_list":["post-11304","post","type-post","status-publish","format-standard","has-post-thumbnail","hentry","category-albums-il-lustrats","category-comunitat","category-dinamitzacio","category-portada","tag-concurs","tag-ins-pau-casals","tag-premi","tag-salo-del-comic-barcelona"],"post_mailing_queue_ids":[],"_links":{"self":[{"href":"https:\/\/serveiseducatius.xtec.cat\/badalona\/wp-json\/wp\/v2\/posts\/11304","targetHints":{"allow":["GET"]}}],"collection":[{"href":"https:\/\/serveiseducatius.xtec.cat\/badalona\/wp-json\/wp\/v2\/posts"}],"about":[{"href":"https:\/\/serveiseducatius.xtec.cat\/badalona\/wp-json\/wp\/v2\/types\/post"}],"author":[{"embeddable":true,"href":"https:\/\/serveiseducatius.xtec.cat\/badalona\/wp-json\/wp\/v2\/users\/9"}],"replies":[{"embeddable":true,"href":"https:\/\/serveiseducatius.xtec.cat\/badalona\/wp-json\/wp\/v2\/comments?post=11304"}],"version-history":[{"count":3,"href":"https:\/\/serveiseducatius.xtec.cat\/badalona\/wp-json\/wp\/v2\/posts\/11304\/revisions"}],"predecessor-version":[{"id":11330,"href":"https:\/\/serveiseducatius.xtec.cat\/badalona\/wp-json\/wp\/v2\/posts\/11304\/revisions\/11330"}],"wp:featuredmedia":[{"embeddable":true,"href":"https:\/\/serveiseducatius.xtec.cat\/badalona\/wp-json\/wp\/v2\/media\/11312"}],"wp:attachment":[{"href":"https:\/\/serveiseducatius.xtec.cat\/badalona\/wp-json\/wp\/v2\/media?parent=11304"}],"wp:term":[{"taxonomy":"category","embeddable":true,"href":"https:\/\/serveiseducatius.xtec.cat\/badalona\/wp-json\/wp\/v2\/categories?post=11304"},{"taxonomy":"post_tag","embeddable":true,"href":"https:\/\/serveiseducatius.xtec.cat\/badalona\/wp-json\/wp\/v2\/tags?post=11304"}],"curies":[{"name":"wp","href":"https:\/\/api.w.org\/{rel}","templated":true}]}}