{"id":11293,"date":"2019-03-28T09:00:59","date_gmt":"2019-03-28T08:00:59","guid":{"rendered":"http:\/\/serveiseducatius.xtec.cat\/badalona\/?p=11293"},"modified":"2019-03-27T12:32:25","modified_gmt":"2019-03-27T11:32:25","slug":"el-mon-a-laula-reconeixes-els-senyals-de-perill","status":"publish","type":"post","link":"https:\/\/serveiseducatius.xtec.cat\/badalona\/portada\/el-mon-a-laula-reconeixes-els-senyals-de-perill\/","title":{"rendered":"El m\u00f3n a l&#8217;aula: Reconeixes els senyals de perill?"},"content":{"rendered":"<p style=\"text-align: justify;\"><a href=\"https:\/\/text-lagalera.cat\/blog\/lns127-senyals-perill\/\" target=\"_blank\" rel=\"noopener\"><img loading=\"lazy\" decoding=\"async\" class=\"wp-image-11294 alignleft\" src=\"https:\/\/serveiseducatius.xtec.cat\/badalona\/wp-content\/uploads\/usu1088\/2019\/03\/la-noticia19-03-4-1024x577-1024x577.jpg\" alt=\"\" width=\"579\" height=\"326\" srcset=\"https:\/\/serveiseducatius.xtec.cat\/badalona\/wp-content\/uploads\/usu1088\/2019\/03\/la-noticia19-03-4-1024x577.jpg 1024w, https:\/\/serveiseducatius.xtec.cat\/badalona\/wp-content\/uploads\/usu1088\/2019\/03\/la-noticia19-03-4-1024x577-300x169.jpg 300w, https:\/\/serveiseducatius.xtec.cat\/badalona\/wp-content\/uploads\/usu1088\/2019\/03\/la-noticia19-03-4-1024x577-768x433.jpg 768w\" sizes=\"auto, (max-width: 579px) 100vw, 579px\" \/><\/a>Cada dia hi ha accidents, per desgr\u00e0cia sembla que s\u00f3n inevitables. Aquestes \u00faltimes setmanes n\u2019hem vist de tipus diferents: sobretot de mitjans de transport, per\u00f2 tamb\u00e9 incendis amb v\u00edctimes mortals\u2026 Cada vegada som m\u00e9s i ens belluguem m\u00e9s, i \u00e9s l\u00f2gic que hi hagi situacions imprevistes que ens posen en perill. Per mirar de disminuir el nombre d\u2019accidents es treballa en la prevenci\u00f3 en molts camps diferents, i per aix\u00f2 s\u2019han dissenyat i unificat senyals de perill gaireb\u00e9 universals.<\/p>\n<p style=\"text-align: justify;\">Amb aquesta introducci\u00f3 des de\u00a0<a href=\"https:\/\/text-lagalera.cat\/blog\/lns127-senyals-perill\/\" target=\"_blank\" rel=\"noopener\"><strong>Text-La Galera<\/strong><\/a>\u00a0ens conviden a reflexionar amb els alumnes de secund\u00e0ria amb una proposta d\u2019aula sobre la prevenci\u00f3 dels accidents.\u00a0<\/p>\n<p style=\"text-align: justify;\">Animeu-vos a fer-les!<\/p>\n","protected":false},"excerpt":{"rendered":"<p>Cada dia hi ha accidents, per desgr\u00e0cia sembla que s\u00f3n inevitables. Aquestes \u00faltimes setmanes n\u2019hem vist de tipus diferents: sobretot [&hellip;]<\/p>\n","protected":false},"author":9,"featured_media":11294,"comment_status":"closed","ping_status":"closed","sticky":false,"template":"","format":"standard","meta":{"_bbp_topic_count":0,"_bbp_reply_count":0,"_bbp_total_topic_count":0,"_bbp_total_reply_count":0,"_bbp_voice_count":0,"_bbp_anonymous_reply_count":0,"_bbp_topic_count_hidden":0,"_bbp_reply_count_hidden":0,"_bbp_forum_subforum_count":0,"site-sidebar-layout":"default","site-content-layout":"","ast-site-content-layout":"","site-content-style":"default","site-sidebar-style":"default","ast-global-header-display":"","ast-banner-title-visibility":"","ast-main-header-display":"","ast-hfb-above-header-display":"","ast-hfb-below-header-display":"","ast-hfb-mobile-header-display":"","site-post-title":"","ast-breadcrumbs-content":"","ast-featured-img":"","footer-sml-layout":"","theme-transparent-header-meta":"","adv-header-id-meta":"","stick-header-meta":"","header-above-stick-meta":"","header-main-stick-meta":"","header-below-stick-meta":"","astra-migrate-meta-layouts":"default","ast-page-background-enabled":"default","ast-page-background-meta":{"desktop":{"background-color":"var(--ast-global-color-4)","background-image":"","background-repeat":"repeat","background-position":"center center","background-size":"auto","background-attachment":"scroll","background-type":"","background-media":"","overlay-type":"","overlay-color":"","overlay-opacity":"","overlay-gradient":""},"tablet":{"background-color":"","background-image":"","background-repeat":"repeat","background-position":"center center","background-size":"auto","background-attachment":"scroll","background-type":"","background-media":"","overlay-type":"","overlay-color":"","overlay-opacity":"","overlay-gradient":""},"mobile":{"background-color":"","background-image":"","background-repeat":"repeat","background-position":"center center","background-size":"auto","background-attachment":"scroll","background-type":"","background-media":"","overlay-type":"","overlay-color":"","overlay-opacity":"","overlay-gradient":""}},"ast-content-background-meta":{"desktop":{"background-color":"var(--ast-global-color-5)","background-image":"","background-repeat":"repeat","background-position":"center center","background-size":"auto","background-attachment":"scroll","background-type":"","background-media":"","overlay-type":"","overlay-color":"","overlay-opacity":"","overlay-gradient":""},"tablet":{"background-color":"var(--ast-global-color-5)","background-image":"","background-repeat":"repeat","background-position":"center center","background-size":"auto","background-attachment":"scroll","background-type":"","background-media":"","overlay-type":"","overlay-color":"","overlay-opacity":"","overlay-gradient":""},"mobile":{"background-color":"var(--ast-global-color-5)","background-image":"","background-repeat":"repeat","background-position":"center center","background-size":"auto","background-attachment":"scroll","background-type":"","background-media":"","overlay-type":"","overlay-color":"","overlay-opacity":"","overlay-gradient":""}},"footnotes":""},"categories":[29,76],"tags":[1007,471,1124,745,302],"class_list":["post-11293","post","type-post","status-publish","format-standard","has-post-thumbnail","hentry","category-portada","category-recursos","tag-article","tag-educacio-secundaria","tag-el-mon-a-laula","tag-lanoticiadelasetmana","tag-recursos"],"post_mailing_queue_ids":[],"_links":{"self":[{"href":"https:\/\/serveiseducatius.xtec.cat\/badalona\/wp-json\/wp\/v2\/posts\/11293","targetHints":{"allow":["GET"]}}],"collection":[{"href":"https:\/\/serveiseducatius.xtec.cat\/badalona\/wp-json\/wp\/v2\/posts"}],"about":[{"href":"https:\/\/serveiseducatius.xtec.cat\/badalona\/wp-json\/wp\/v2\/types\/post"}],"author":[{"embeddable":true,"href":"https:\/\/serveiseducatius.xtec.cat\/badalona\/wp-json\/wp\/v2\/users\/9"}],"replies":[{"embeddable":true,"href":"https:\/\/serveiseducatius.xtec.cat\/badalona\/wp-json\/wp\/v2\/comments?post=11293"}],"version-history":[{"count":4,"href":"https:\/\/serveiseducatius.xtec.cat\/badalona\/wp-json\/wp\/v2\/posts\/11293\/revisions"}],"predecessor-version":[{"id":11315,"href":"https:\/\/serveiseducatius.xtec.cat\/badalona\/wp-json\/wp\/v2\/posts\/11293\/revisions\/11315"}],"wp:featuredmedia":[{"embeddable":true,"href":"https:\/\/serveiseducatius.xtec.cat\/badalona\/wp-json\/wp\/v2\/media\/11294"}],"wp:attachment":[{"href":"https:\/\/serveiseducatius.xtec.cat\/badalona\/wp-json\/wp\/v2\/media?parent=11293"}],"wp:term":[{"taxonomy":"category","embeddable":true,"href":"https:\/\/serveiseducatius.xtec.cat\/badalona\/wp-json\/wp\/v2\/categories?post=11293"},{"taxonomy":"post_tag","embeddable":true,"href":"https:\/\/serveiseducatius.xtec.cat\/badalona\/wp-json\/wp\/v2\/tags?post=11293"}],"curies":[{"name":"wp","href":"https:\/\/api.w.org\/{rel}","templated":true}]}}