{"id":11206,"date":"2019-03-19T12:57:37","date_gmt":"2019-03-19T11:57:37","guid":{"rendered":"http:\/\/serveiseducatius.xtec.cat\/badalona\/?p=11206"},"modified":"2019-03-20T10:04:48","modified_gmt":"2019-03-20T09:04:48","slug":"la-noticia-de-la-setmana-pantalles-i-miopia","status":"publish","type":"post","link":"https:\/\/serveiseducatius.xtec.cat\/badalona\/portada\/la-noticia-de-la-setmana-pantalles-i-miopia\/","title":{"rendered":"El m\u00f3n a l\u2019aula, not\u00edcies de la setmana (infantil, prim\u00e0ria i secund\u00e0ria)"},"content":{"rendered":"<p>Des de la Galera aquesta setmana ens arriben tres not\u00edcies amb proposta did\u00e0ctica per treballar a l\u2019aula, una de secund\u00e0ria, una de prim\u00e0ria i una d\u2019infantil.<\/p>\n<ul>\n<li><strong>Ara ve\u2026<\/strong>:<strong>\u00a0<a href=\"https:\/\/text-lagalera.cat\/blog\/ara07_marc\/\" target=\"_blank\" rel=\"noopener\">Spring is here<\/a>\u00a0<\/strong>(per a educaci\u00f3 infantil)<\/li>\n<\/ul>\n<p><a href=\"https:\/\/text-lagalera.cat\/blog\/ara07_marc\/\" target=\"_blank\" rel=\"noopener\"><img loading=\"lazy\" decoding=\"async\" class=\"alignnone  wp-image-11226\" src=\"https:\/\/serveiseducatius.xtec.cat\/badalona\/wp-content\/uploads\/usu1088\/2019\/03\/Arave07-19-03-1024x576-1024x576.jpg\" alt=\"\" width=\"565\" height=\"318\" srcset=\"https:\/\/serveiseducatius.xtec.cat\/badalona\/wp-content\/uploads\/usu1088\/2019\/03\/Arave07-19-03-1024x576.jpg 1024w, https:\/\/serveiseducatius.xtec.cat\/badalona\/wp-content\/uploads\/usu1088\/2019\/03\/Arave07-19-03-1024x576-300x169.jpg 300w, https:\/\/serveiseducatius.xtec.cat\/badalona\/wp-content\/uploads\/usu1088\/2019\/03\/Arave07-19-03-1024x576-768x432.jpg 768w\" sizes=\"auto, (max-width: 565px) 100vw, 565px\" \/><\/a><\/p>\n<div class=\"et_pb_module et_pb_text et_pb_text_0 et_pb_bg_layout_light  et_pb_text_align_left\">\n<div class=\"et_pb_text_inner\">\n<p>Ara ve\u2026 la primavera. Com ho sabem? No fa tan fred, alguns arbres han florit i els patis de les escoles ja han canviat de color. I si escoltem b\u00e9, ja sentim els ocells com piulen des del niu. Et proposem deixar entrar la primavera a l\u2019aula fent tot d\u2019ocells de colors amb formes geom\u00e8triques.<\/p>\n<p>&nbsp;<\/p>\n<\/div>\n<\/div>\n<ul>\n<li><strong>Saps qu\u00e8 ha passat?<\/strong>:<strong>\u00a0<a href=\"https:\/\/text-lagalera.cat\/blog\/saps12-balena-submarinista\/\" target=\"_blank\" rel=\"noopener\">Una balena escup un submarinista<\/a>\u00a0<\/strong>(per a educaci\u00f3 prim\u00e0ria)<\/li>\n<\/ul>\n<p><a href=\"https:\/\/text-lagalera.cat\/blog\/saps12-balena-submarinista\/\" target=\"_blank\" rel=\"noopener\"><img loading=\"lazy\" decoding=\"async\" class=\"alignnone  wp-image-11224\" src=\"https:\/\/serveiseducatius.xtec.cat\/badalona\/wp-content\/uploads\/usu1088\/2019\/03\/SAPSQ11-19-03-2-1024x576-1024x576.jpg\" alt=\"\" width=\"555\" height=\"312\" srcset=\"https:\/\/serveiseducatius.xtec.cat\/badalona\/wp-content\/uploads\/usu1088\/2019\/03\/SAPSQ11-19-03-2-1024x576.jpg 1024w, https:\/\/serveiseducatius.xtec.cat\/badalona\/wp-content\/uploads\/usu1088\/2019\/03\/SAPSQ11-19-03-2-1024x576-300x169.jpg 300w, https:\/\/serveiseducatius.xtec.cat\/badalona\/wp-content\/uploads\/usu1088\/2019\/03\/SAPSQ11-19-03-2-1024x576-768x432.jpg 768w\" sizes=\"auto, (max-width: 555px) 100vw, 555px\" \/><\/a><\/p>\n<p>La setmana passada va ser not\u00edcia un fet for\u00e7a singular: una balena va enxampar un submarinista que estava fent un estudi sobre les sardines a Sud-\u00e0frica. Voleu descobrir com va anar tot plegat? Com s\u00f3n i com viuen les balenes? Qu\u00e8 en sabem, d\u2019aquests animals?<\/p>\n<p>&nbsp;<\/p>\n<ul>\n<li class=\"entry-title\"><strong>La not\u00edcia de la setmana<\/strong>:<strong><a href=\"https:\/\/text-lagalera.cat\/blog\/lns126-pantalles-i-miopia\/\" target=\"_blank\" rel=\"noopener\"> Pantalles i miopia<\/a><\/strong> (per a educaci\u00f3 secund\u00e0ria)<\/li>\n<\/ul>\n<p><a href=\"https:\/\/text-lagalera.cat\/blog\/lns126-pantalles-i-miopia\/\" target=\"_blank\" rel=\"noopener\"><img loading=\"lazy\" decoding=\"async\" class=\"alignnone  wp-image-11207\" src=\"https:\/\/serveiseducatius.xtec.cat\/badalona\/wp-content\/uploads\/usu1088\/2019\/03\/Pantalles-i-miopia.-1024x718.jpg\" alt=\"\" width=\"516\" height=\"362\" srcset=\"https:\/\/serveiseducatius.xtec.cat\/badalona\/wp-content\/uploads\/usu1088\/2019\/03\/Pantalles-i-miopia.-1024x718.jpg 1024w, https:\/\/serveiseducatius.xtec.cat\/badalona\/wp-content\/uploads\/usu1088\/2019\/03\/Pantalles-i-miopia.-300x210.jpg 300w, https:\/\/serveiseducatius.xtec.cat\/badalona\/wp-content\/uploads\/usu1088\/2019\/03\/Pantalles-i-miopia.-768x539.jpg 768w, https:\/\/serveiseducatius.xtec.cat\/badalona\/wp-content\/uploads\/usu1088\/2019\/03\/Pantalles-i-miopia..jpg 1500w\" sizes=\"auto, (max-width: 516px) 100vw, 516px\" \/><\/a><\/p>\n<p>Aquesta setmana passada han estat not\u00edcia les mesures que el govern xin\u00e8s i els d\u2019altres pa\u00efsos volen emprendre per frenar l\u2019augment de la miopia entre els m\u00e9s joves a causa de l\u2019\u00fas exagerat de m\u00f2bils i tauletes electr\u00f2niques.<\/p>\n","protected":false},"excerpt":{"rendered":"<p>Des de la Galera aquesta setmana ens arriben tres not\u00edcies amb proposta did\u00e0ctica per treballar a l\u2019aula, una de secund\u00e0ria, [&hellip;]<\/p>\n","protected":false},"author":1,"featured_media":11207,"comment_status":"closed","ping_status":"closed","sticky":false,"template":"","format":"standard","meta":{"_bbp_topic_count":0,"_bbp_reply_count":0,"_bbp_total_topic_count":0,"_bbp_total_reply_count":0,"_bbp_voice_count":0,"_bbp_anonymous_reply_count":0,"_bbp_topic_count_hidden":0,"_bbp_reply_count_hidden":0,"_bbp_forum_subforum_count":0,"site-sidebar-layout":"default","site-content-layout":"","ast-site-content-layout":"","site-content-style":"default","site-sidebar-style":"default","ast-global-header-display":"","ast-banner-title-visibility":"","ast-main-header-display":"","ast-hfb-above-header-display":"","ast-hfb-below-header-display":"","ast-hfb-mobile-header-display":"","site-post-title":"","ast-breadcrumbs-content":"","ast-featured-img":"","footer-sml-layout":"","theme-transparent-header-meta":"","adv-header-id-meta":"","stick-header-meta":"","header-above-stick-meta":"","header-main-stick-meta":"","header-below-stick-meta":"","astra-migrate-meta-layouts":"default","ast-page-background-enabled":"default","ast-page-background-meta":{"desktop":{"background-color":"var(--ast-global-color-4)","background-image":"","background-repeat":"repeat","background-position":"center center","background-size":"auto","background-attachment":"scroll","background-type":"","background-media":"","overlay-type":"","overlay-color":"","overlay-opacity":"","overlay-gradient":""},"tablet":{"background-color":"","background-image":"","background-repeat":"repeat","background-position":"center center","background-size":"auto","background-attachment":"scroll","background-type":"","background-media":"","overlay-type":"","overlay-color":"","overlay-opacity":"","overlay-gradient":""},"mobile":{"background-color":"","background-image":"","background-repeat":"repeat","background-position":"center center","background-size":"auto","background-attachment":"scroll","background-type":"","background-media":"","overlay-type":"","overlay-color":"","overlay-opacity":"","overlay-gradient":""}},"ast-content-background-meta":{"desktop":{"background-color":"var(--ast-global-color-5)","background-image":"","background-repeat":"repeat","background-position":"center center","background-size":"auto","background-attachment":"scroll","background-type":"","background-media":"","overlay-type":"","overlay-color":"","overlay-opacity":"","overlay-gradient":""},"tablet":{"background-color":"var(--ast-global-color-5)","background-image":"","background-repeat":"repeat","background-position":"center center","background-size":"auto","background-attachment":"scroll","background-type":"","background-media":"","overlay-type":"","overlay-color":"","overlay-opacity":"","overlay-gradient":""},"mobile":{"background-color":"var(--ast-global-color-5)","background-image":"","background-repeat":"repeat","background-position":"center center","background-size":"auto","background-attachment":"scroll","background-type":"","background-media":"","overlay-type":"","overlay-color":"","overlay-opacity":"","overlay-gradient":""}},"footnotes":""},"categories":[29,76],"tags":[745,339],"class_list":["post-11206","post","type-post","status-publish","format-standard","has-post-thumbnail","hentry","category-portada","category-recursos","tag-lanoticiadelasetmana","tag-tecnologia"],"post_mailing_queue_ids":[],"_links":{"self":[{"href":"https:\/\/serveiseducatius.xtec.cat\/badalona\/wp-json\/wp\/v2\/posts\/11206","targetHints":{"allow":["GET"]}}],"collection":[{"href":"https:\/\/serveiseducatius.xtec.cat\/badalona\/wp-json\/wp\/v2\/posts"}],"about":[{"href":"https:\/\/serveiseducatius.xtec.cat\/badalona\/wp-json\/wp\/v2\/types\/post"}],"author":[{"embeddable":true,"href":"https:\/\/serveiseducatius.xtec.cat\/badalona\/wp-json\/wp\/v2\/users\/1"}],"replies":[{"embeddable":true,"href":"https:\/\/serveiseducatius.xtec.cat\/badalona\/wp-json\/wp\/v2\/comments?post=11206"}],"version-history":[{"count":3,"href":"https:\/\/serveiseducatius.xtec.cat\/badalona\/wp-json\/wp\/v2\/posts\/11206\/revisions"}],"predecessor-version":[{"id":11227,"href":"https:\/\/serveiseducatius.xtec.cat\/badalona\/wp-json\/wp\/v2\/posts\/11206\/revisions\/11227"}],"wp:featuredmedia":[{"embeddable":true,"href":"https:\/\/serveiseducatius.xtec.cat\/badalona\/wp-json\/wp\/v2\/media\/11207"}],"wp:attachment":[{"href":"https:\/\/serveiseducatius.xtec.cat\/badalona\/wp-json\/wp\/v2\/media?parent=11206"}],"wp:term":[{"taxonomy":"category","embeddable":true,"href":"https:\/\/serveiseducatius.xtec.cat\/badalona\/wp-json\/wp\/v2\/categories?post=11206"},{"taxonomy":"post_tag","embeddable":true,"href":"https:\/\/serveiseducatius.xtec.cat\/badalona\/wp-json\/wp\/v2\/tags?post=11206"}],"curies":[{"name":"wp","href":"https:\/\/api.w.org\/{rel}","templated":true}]}}