{"id":11202,"date":"2019-03-18T14:01:03","date_gmt":"2019-03-18T13:01:03","guid":{"rendered":"http:\/\/serveiseducatius.xtec.cat\/badalona\/?p=11202"},"modified":"2019-03-22T13:47:20","modified_gmt":"2019-03-22T12:47:20","slug":"xv-certamen-nacional-infantil-i-juvenil-de-lectura-en-veu-alta","status":"publish","type":"post","link":"https:\/\/serveiseducatius.xtec.cat\/badalona\/portada\/xv-certamen-nacional-infantil-i-juvenil-de-lectura-en-veu-alta\/","title":{"rendered":"XV Certamen Nacional Infantil i Juvenil de Lectura en Veu Alta"},"content":{"rendered":"<p><img loading=\"lazy\" decoding=\"async\" class=\"size-large alignleft\" src=\"https:\/\/serveiseducatius.xtec.cat\/bages\/wp-content\/uploads\/usu776\/2018\/10\/CLVA_imatge_web_alta-300x300.jpg\" width=\"300\" height=\"300\" \/><\/p>\n<p>El<strong> 21 i 22 de mar\u00e7<\/strong> es celebrar\u00e0, a la Casa del Mar de Barcelona, els quarts de final del <a href=\"http:\/\/www.lecturaenveualta.cat\/\" target=\"_blank\" rel=\"noopener\"><strong>Quinz\u00e8 Certamen Nacional Infantil i Juvenil de Lectura en Veu Alta<\/strong><\/a> organitzat pel Departament d\u2019Ensenyament i la Fundaci\u00f3 Enciclop\u00e8dia Catalana.<\/p>\n<p><strong>Centres participants de Badalona:<\/strong><\/p>\n<p>Col\u00b7legi Sant\u00edssima Trinitat, Col\u00b7legi Badalon\u00e8s, Escola Progr\u00e9s, Escola Badalona Port, Escola Rafael Alberti, Col\u00b7legi L\u00f3pez Torrej\u00f3n, Institut Pompeu Fabra<\/p>\n<p>Col\u00b7legi Sant Andreu, Institut La Pineda, Institut J\u00falia Minguell, Escola Baldomer Sol\u00e0, Institut Eugeni d&#8217;Ors<\/p>\n<div><span style=\"color: #ff0000;\"><strong>Des d&#8217;aquest enlla\u00e7 podreu seguir l&#8217;acte en<\/strong> <em>streaming<\/em>:<\/span><\/div>\n<div>\u00a0<\/div>\n<div>\u00a0<\/div>\n<div><a href=\"https:\/\/sites.google.com\/a\/xtec.cat\/stac-bco\/certamen-de-lectura-en-veu-alta-servei-territorial-a-barcelona-comarques\" target=\"_blank\" rel=\"noopener\" data-saferedirecturl=\"https:\/\/www.google.com\/url?q=https:\/\/sites.google.com\/a\/xtec.cat\/stac-bco\/certamen-de-lectura-en-veu-alta-servei-territorial-a-barcelona-comarques&amp;source=gmail&amp;ust=1553157574161000&amp;usg=AFQjCNEaLE5OyIhjhyidBUKStPy9R78FvA\">https:\/\/sites.google.com\/a\/<wbr \/>xtec.cat\/stac-bco\/certamen-de-<wbr \/>lectura-en-veu-alta-servei-<wbr \/>territorial-a-barcelona-<wbr \/>comarques<\/a><\/div>\n<div>\u00a0<\/div>\n<div>\u00a0<\/div>\n<div>L&#8217;emissi\u00f3 comen\u00e7ar\u00e0 a partir de les 10 hores. Pr\u00e8viament l&#8217;enlla\u00e7 no estar\u00e0 operatiu.<\/div>\n<p><!--more--><strong><a href=\"http:\/\/www.lecturaenveualta.cat\/bases-del-certamen\/llibres-del-xv-certamen-de-lectura-en-veu-alta-curs-2018-2019\/\" target=\"_blank\" rel=\"noopener noreferrer\">Llibres proposat per cada categoria.<\/a><\/strong><\/p>\n","protected":false},"excerpt":{"rendered":"<p>El 21 i 22 de mar\u00e7 es celebrar\u00e0, a la Casa del Mar de Barcelona, els quarts de final del [&hellip;]<\/p>\n","protected":false},"author":9,"featured_media":11203,"comment_status":"closed","ping_status":"closed","sticky":false,"template":"","format":"standard","meta":{"_bbp_topic_count":0,"_bbp_reply_count":0,"_bbp_total_topic_count":0,"_bbp_total_reply_count":0,"_bbp_voice_count":0,"_bbp_anonymous_reply_count":0,"_bbp_topic_count_hidden":0,"_bbp_reply_count_hidden":0,"_bbp_forum_subforum_count":0,"site-sidebar-layout":"default","site-content-layout":"","ast-site-content-layout":"","site-content-style":"default","site-sidebar-style":"default","ast-global-header-display":"","ast-banner-title-visibility":"","ast-main-header-display":"","ast-hfb-above-header-display":"","ast-hfb-below-header-display":"","ast-hfb-mobile-header-display":"","site-post-title":"","ast-breadcrumbs-content":"","ast-featured-img":"","footer-sml-layout":"","theme-transparent-header-meta":"","adv-header-id-meta":"","stick-header-meta":"","header-above-stick-meta":"","header-main-stick-meta":"","header-below-stick-meta":"","astra-migrate-meta-layouts":"default","ast-page-background-enabled":"default","ast-page-background-meta":{"desktop":{"background-color":"var(--ast-global-color-4)","background-image":"","background-repeat":"repeat","background-position":"center center","background-size":"auto","background-attachment":"scroll","background-type":"","background-media":"","overlay-type":"","overlay-color":"","overlay-opacity":"","overlay-gradient":""},"tablet":{"background-color":"","background-image":"","background-repeat":"repeat","background-position":"center center","background-size":"auto","background-attachment":"scroll","background-type":"","background-media":"","overlay-type":"","overlay-color":"","overlay-opacity":"","overlay-gradient":""},"mobile":{"background-color":"","background-image":"","background-repeat":"repeat","background-position":"center center","background-size":"auto","background-attachment":"scroll","background-type":"","background-media":"","overlay-type":"","overlay-color":"","overlay-opacity":"","overlay-gradient":""}},"ast-content-background-meta":{"desktop":{"background-color":"var(--ast-global-color-5)","background-image":"","background-repeat":"repeat","background-position":"center center","background-size":"auto","background-attachment":"scroll","background-type":"","background-media":"","overlay-type":"","overlay-color":"","overlay-opacity":"","overlay-gradient":""},"tablet":{"background-color":"var(--ast-global-color-5)","background-image":"","background-repeat":"repeat","background-position":"center center","background-size":"auto","background-attachment":"scroll","background-type":"","background-media":"","overlay-type":"","overlay-color":"","overlay-opacity":"","overlay-gradient":""},"mobile":{"background-color":"var(--ast-global-color-5)","background-image":"","background-repeat":"repeat","background-position":"center center","background-size":"auto","background-attachment":"scroll","background-type":"","background-media":"","overlay-type":"","overlay-color":"","overlay-opacity":"","overlay-gradient":""}},"footnotes":""},"categories":[66,386,72,81,29],"tags":[],"class_list":["post-11202","post","type-post","status-publish","format-standard","has-post-thumbnail","hentry","category-dinamitzacio","category-dinamitzaciolectura","category-lectura-en-veu-alta","category-biblioteca-escolar","category-portada"],"post_mailing_queue_ids":[],"_links":{"self":[{"href":"https:\/\/serveiseducatius.xtec.cat\/badalona\/wp-json\/wp\/v2\/posts\/11202","targetHints":{"allow":["GET"]}}],"collection":[{"href":"https:\/\/serveiseducatius.xtec.cat\/badalona\/wp-json\/wp\/v2\/posts"}],"about":[{"href":"https:\/\/serveiseducatius.xtec.cat\/badalona\/wp-json\/wp\/v2\/types\/post"}],"author":[{"embeddable":true,"href":"https:\/\/serveiseducatius.xtec.cat\/badalona\/wp-json\/wp\/v2\/users\/9"}],"replies":[{"embeddable":true,"href":"https:\/\/serveiseducatius.xtec.cat\/badalona\/wp-json\/wp\/v2\/comments?post=11202"}],"version-history":[{"count":3,"href":"https:\/\/serveiseducatius.xtec.cat\/badalona\/wp-json\/wp\/v2\/posts\/11202\/revisions"}],"predecessor-version":[{"id":11228,"href":"https:\/\/serveiseducatius.xtec.cat\/badalona\/wp-json\/wp\/v2\/posts\/11202\/revisions\/11228"}],"wp:featuredmedia":[{"embeddable":true,"href":"https:\/\/serveiseducatius.xtec.cat\/badalona\/wp-json\/wp\/v2\/media\/11203"}],"wp:attachment":[{"href":"https:\/\/serveiseducatius.xtec.cat\/badalona\/wp-json\/wp\/v2\/media?parent=11202"}],"wp:term":[{"taxonomy":"category","embeddable":true,"href":"https:\/\/serveiseducatius.xtec.cat\/badalona\/wp-json\/wp\/v2\/categories?post=11202"},{"taxonomy":"post_tag","embeddable":true,"href":"https:\/\/serveiseducatius.xtec.cat\/badalona\/wp-json\/wp\/v2\/tags?post=11202"}],"curies":[{"name":"wp","href":"https:\/\/api.w.org\/{rel}","templated":true}]}}