{"id":11186,"date":"2019-03-15T10:10:03","date_gmt":"2019-03-15T09:10:03","guid":{"rendered":"http:\/\/serveiseducatius.xtec.cat\/badalona\/?p=11186"},"modified":"2019-03-15T10:10:03","modified_gmt":"2019-03-15T09:10:03","slug":"properes-activitats-a-badalona-fotomarato-i-termometre-dels-oficis-del-mar","status":"publish","type":"post","link":"https:\/\/serveiseducatius.xtec.cat\/badalona\/portada\/properes-activitats-a-badalona-fotomarato-i-termometre-dels-oficis-del-mar\/","title":{"rendered":"Properes activitats a Badalona: Fotomarat\u00f3 i Term\u00f2metre dels oficis del mar"},"content":{"rendered":"<p>L&#8217;Ajuntament de Badalona organitza:<\/p>\n<p><strong><a href=\"http:\/\/ajuntament.badalona.cat\/noticies\/diumenge-es-fara-al-parc-del-torrent-de-la-font-i-del-turo-de-l-enric-de-badalona-la-primera-fotomarato\/\" target=\"_blank\" rel=\"noopener\"><img loading=\"lazy\" decoding=\"async\" class=\" wp-image-11187 alignleft\" src=\"https:\/\/serveiseducatius.xtec.cat\/badalona\/wp-content\/uploads\/usu1088\/2019\/03\/11008.jpg\" alt=\"\" width=\"427\" height=\"320\" srcset=\"https:\/\/serveiseducatius.xtec.cat\/badalona\/wp-content\/uploads\/usu1088\/2019\/03\/11008.jpg 666w, https:\/\/serveiseducatius.xtec.cat\/badalona\/wp-content\/uploads\/usu1088\/2019\/03\/11008-300x225.jpg 300w, https:\/\/serveiseducatius.xtec.cat\/badalona\/wp-content\/uploads\/usu1088\/2019\/03\/11008-200x150.jpg 200w\" sizes=\"auto, (max-width: 427px) 100vw, 427px\" \/>Primera fotomarat\u00f3<\/a><\/strong><\/p>\n<p>Diumenge 17 de mar\u00e7 de 2019 de les 11 a les 13.30 hores<\/p>\n<p>Lloc: Parc del Torrent de la Font i del Tur\u00f3 de l\u2019Enric<\/p>\n<p>Aquest diumenge, 17 de mar\u00e7, al parc del Torrent de la Font i del Tur\u00f3 de l&#8217;Enric, d\u201911 a 13.30 hores, es far\u00e0 la primera fotomarat\u00f3 al parc, de la m\u00e0 de la \u2018Jugatecambiental\u2019. La fotomarat\u00f3 \u00e9s una activitat dirigida al p\u00fablic familiar on qualsevol persona amant de la natura i de les noves tecnologies hi pot participar. Es tracta de fer una marat\u00f3 fotogr\u00e0fica amb l&#8217;objectiu d&#8217;obtenir el m\u00e0xim de fotografies de la fauna, flora i de qualsevol altra element singular del parc. La mec\u00e0nica de la fotomarat\u00f3 \u00e9s molt senzilla: fer una fotografia i publicar-la a les xarxes socials (Twitter i\/o Instagram) segons els hashtag: #Tur\u00f3Enric, #Vegetaci\u00f3, #Fauna, #JugarAlParc, #Jugatecambiental. Es podran publicar les fotografies durant tot el diumenge. En finalitzar la fotomarat\u00f3 es seleccionaran les millors fotos de cada categoria i es publicaran durant la setmana als perfils de Twitter i Instagram citant el nom de l&#8217;autor\/a de cada fotografia.\u00a0Per a m\u00e9s informaci\u00f3 cliqueu,<a href=\"http:\/\/ajuntament.badalona.cat\/noticies\/diumenge-es-fara-al-parc-del-torrent-de-la-font-i-del-turo-de-l-enric-de-badalona-la-primera-fotomarato\/\" target=\"_blank\" rel=\"noopener\" data-saferedirecturl=\"https:\/\/www.google.com\/url?q=http:\/\/ajuntament.badalona.cat\/noticies\/diumenge-es-fara-al-parc-del-torrent-de-la-font-i-del-turo-de-l-enric-de-badalona-la-primera-fotomarato\/&amp;source=gmail&amp;ust=1552708374930000&amp;usg=AFQjCNEP3RpDpc1Ft84CzN2jszGSBmwUAQ\">aqu\u00ed<\/a>.<\/p>\n<p><a href=\"http:\/\/badalona.cat\/portalWeb\/getfile?dID=105840&amp;rendition=web\" target=\"_blank\" rel=\"noopener\"><strong><img loading=\"lazy\" decoding=\"async\" class=\"wp-image-11189 alignright\" src=\"https:\/\/serveiseducatius.xtec.cat\/badalona\/wp-content\/uploads\/usu1088\/2019\/03\/Captura.jpg\" alt=\"\" width=\"342\" height=\"481\" srcset=\"https:\/\/serveiseducatius.xtec.cat\/badalona\/wp-content\/uploads\/usu1088\/2019\/03\/Captura.jpg 568w, https:\/\/serveiseducatius.xtec.cat\/badalona\/wp-content\/uploads\/usu1088\/2019\/03\/Captura-213x300.jpg 213w\" sizes=\"auto, (max-width: 342px) 100vw, 342px\" \/><\/strong><\/a><\/p>\n<p>&nbsp;<\/p>\n<p><a href=\"http:\/\/badalona.cat\/portalWeb\/getfile?dID=105840&amp;rendition=web\" target=\"_blank\" rel=\"noopener\"><strong>Term\u00f2metre dels oficis del mar. Aven\u00e7os i h\u00e0ndicaps<\/strong><\/a><\/p>\n<p>Dijous 21 de mar\u00e7 de 2019 a partir de les 19 hores<\/p>\n<p><span style=\"font-family: inherit; font-size: 1em;\">Lloc: Port de Badalona<\/span><\/p>\n<div>\n<p>Cada any, a les portes de la celebraci\u00f3 de la Fira Inicia\u2019t, la Fira de la n\u00e0utica i dels seus oficis del Port de Badalona, la darrera confer\u00e8ncia del cicle es dedica a fer balan\u00e7 de l\u2019accessibilitat i l\u2019ocupabilitat als oficis del mar, dels h\u00e0ndicaps, de les novetats, de la dificultat per donar visibilitat als oficis del mar. En el particular cat\u00e0leg de la Fira, ja tenim catalogats 35, d\u2019oficis. La cita de mar\u00e7 de les confer\u00e8ncies es centrar\u00e0 en prendre la temperatura a aquesta q\u00fcesti\u00f3, i servir\u00e0 com a presentaci\u00f3 de la IV edici\u00f3 de la Fira, convocada del 5 al 9 d\u2019abril de 2019. Veure Programaci\u00f3, clicar\u00a0<a href=\"http:\/\/badalona.cat\/portalWeb\/getfile?dID=105840&amp;rendition=web\" target=\"_blank\" rel=\"noopener\" data-saferedirecturl=\"https:\/\/www.google.com\/url?q=http:\/\/badalona.cat\/portalWeb\/getfile?dID%3D105840%26rendition%3Dweb&amp;source=gmail&amp;ust=1552708374930000&amp;usg=AFQjCNE7RW3Fb24XVYs9QTrjzfKsRDhaJQ\">aqu\u00ed<\/a>. Veure cartell, clicar\u00a0<a href=\"http:\/\/badalona.cat\/portalWeb\/getfile?dID=105841&amp;rendition=web\" target=\"_blank\" rel=\"noopener\" data-saferedirecturl=\"https:\/\/www.google.com\/url?q=http:\/\/badalona.cat\/portalWeb\/getfile?dID%3D105841%26rendition%3Dweb&amp;source=gmail&amp;ust=1552708374930000&amp;usg=AFQjCNF58jypNzsKss-Fb4s0630163ihhg\">aqu\u00ed<\/a>.<\/p>\n<\/div>\n<div>\u00a0<\/div>\n<div>\u00a0<\/div>\n","protected":false},"excerpt":{"rendered":"<p>L&#8217;Ajuntament de Badalona organitza: Primera fotomarat\u00f3 Diumenge 17 de mar\u00e7 de 2019 de les 11 a les 13.30 hores Lloc: [&hellip;]<\/p>\n","protected":false},"author":9,"featured_media":11190,"comment_status":"closed","ping_status":"closed","sticky":false,"template":"","format":"standard","meta":{"_bbp_topic_count":0,"_bbp_reply_count":0,"_bbp_total_topic_count":0,"_bbp_total_reply_count":0,"_bbp_voice_count":0,"_bbp_anonymous_reply_count":0,"_bbp_topic_count_hidden":0,"_bbp_reply_count_hidden":0,"_bbp_forum_subforum_count":0,"site-sidebar-layout":"default","site-content-layout":"","ast-site-content-layout":"","site-content-style":"default","site-sidebar-style":"default","ast-global-header-display":"","ast-banner-title-visibility":"","ast-main-header-display":"","ast-hfb-above-header-display":"","ast-hfb-below-header-display":"","ast-hfb-mobile-header-display":"","site-post-title":"","ast-breadcrumbs-content":"","ast-featured-img":"","footer-sml-layout":"","theme-transparent-header-meta":"","adv-header-id-meta":"","stick-header-meta":"","header-above-stick-meta":"","header-main-stick-meta":"","header-below-stick-meta":"","astra-migrate-meta-layouts":"default","ast-page-background-enabled":"default","ast-page-background-meta":{"desktop":{"background-color":"var(--ast-global-color-4)","background-image":"","background-repeat":"repeat","background-position":"center center","background-size":"auto","background-attachment":"scroll","background-type":"","background-media":"","overlay-type":"","overlay-color":"","overlay-opacity":"","overlay-gradient":""},"tablet":{"background-color":"","background-image":"","background-repeat":"repeat","background-position":"center center","background-size":"auto","background-attachment":"scroll","background-type":"","background-media":"","overlay-type":"","overlay-color":"","overlay-opacity":"","overlay-gradient":""},"mobile":{"background-color":"","background-image":"","background-repeat":"repeat","background-position":"center center","background-size":"auto","background-attachment":"scroll","background-type":"","background-media":"","overlay-type":"","overlay-color":"","overlay-opacity":"","overlay-gradient":""}},"ast-content-background-meta":{"desktop":{"background-color":"var(--ast-global-color-5)","background-image":"","background-repeat":"repeat","background-position":"center center","background-size":"auto","background-attachment":"scroll","background-type":"","background-media":"","overlay-type":"","overlay-color":"","overlay-opacity":"","overlay-gradient":""},"tablet":{"background-color":"var(--ast-global-color-5)","background-image":"","background-repeat":"repeat","background-position":"center center","background-size":"auto","background-attachment":"scroll","background-type":"","background-media":"","overlay-type":"","overlay-color":"","overlay-opacity":"","overlay-gradient":""},"mobile":{"background-color":"var(--ast-global-color-5)","background-image":"","background-repeat":"repeat","background-position":"center center","background-size":"auto","background-attachment":"scroll","background-type":"","background-media":"","overlay-type":"","overlay-color":"","overlay-opacity":"","overlay-gradient":""}},"footnotes":""},"categories":[64,29],"tags":[1018,167,384,1103],"class_list":["post-11186","post","type-post","status-publish","format-standard","has-post-thumbnail","hentry","category-comunitat","category-portada","tag-anar-a-mar","tag-badalona","tag-jugateca","tag-parcs"],"post_mailing_queue_ids":[],"_links":{"self":[{"href":"https:\/\/serveiseducatius.xtec.cat\/badalona\/wp-json\/wp\/v2\/posts\/11186","targetHints":{"allow":["GET"]}}],"collection":[{"href":"https:\/\/serveiseducatius.xtec.cat\/badalona\/wp-json\/wp\/v2\/posts"}],"about":[{"href":"https:\/\/serveiseducatius.xtec.cat\/badalona\/wp-json\/wp\/v2\/types\/post"}],"author":[{"embeddable":true,"href":"https:\/\/serveiseducatius.xtec.cat\/badalona\/wp-json\/wp\/v2\/users\/9"}],"replies":[{"embeddable":true,"href":"https:\/\/serveiseducatius.xtec.cat\/badalona\/wp-json\/wp\/v2\/comments?post=11186"}],"version-history":[{"count":1,"href":"https:\/\/serveiseducatius.xtec.cat\/badalona\/wp-json\/wp\/v2\/posts\/11186\/revisions"}],"predecessor-version":[{"id":11191,"href":"https:\/\/serveiseducatius.xtec.cat\/badalona\/wp-json\/wp\/v2\/posts\/11186\/revisions\/11191"}],"wp:featuredmedia":[{"embeddable":true,"href":"https:\/\/serveiseducatius.xtec.cat\/badalona\/wp-json\/wp\/v2\/media\/11190"}],"wp:attachment":[{"href":"https:\/\/serveiseducatius.xtec.cat\/badalona\/wp-json\/wp\/v2\/media?parent=11186"}],"wp:term":[{"taxonomy":"category","embeddable":true,"href":"https:\/\/serveiseducatius.xtec.cat\/badalona\/wp-json\/wp\/v2\/categories?post=11186"},{"taxonomy":"post_tag","embeddable":true,"href":"https:\/\/serveiseducatius.xtec.cat\/badalona\/wp-json\/wp\/v2\/tags?post=11186"}],"curies":[{"name":"wp","href":"https:\/\/api.w.org\/{rel}","templated":true}]}}