{"id":11103,"date":"2019-03-07T17:54:49","date_gmt":"2019-03-07T16:54:49","guid":{"rendered":"http:\/\/serveiseducatius.xtec.cat\/badalona\/?p=11103"},"modified":"2019-03-07T17:56:01","modified_gmt":"2019-03-07T16:56:01","slug":"mobilona-2019-vigila-mira-i-camina-20-de-marc-de-10-a-12h","status":"publish","type":"post","link":"https:\/\/serveiseducatius.xtec.cat\/badalona\/portada\/mobilona-2019-vigila-mira-i-camina-20-de-marc-de-10-a-12h\/","title":{"rendered":"Mobilona 2019: Vigila, mira i camina 20 de mar\u00e7 de 10 a 12h"},"content":{"rendered":"<p><img loading=\"lazy\" decoding=\"async\" class=\"wp-image-11106 alignleft\" src=\"https:\/\/serveiseducatius.xtec.cat\/badalona\/wp-content\/uploads\/usu1088\/2019\/03\/mobilona.png\" alt=\"\" width=\"395\" height=\"571\" \/><\/p>\n<div class=\"yui-g first\">\n<div id=\"contingut_estatic\">\n<p>En el marc de la Comissi\u00f3 del Pla de Seguretat i Educaci\u00f3 Vi\u00e0ria de Badalona es va acordar crear la<a href=\"http:\/\/badalona.cat\/portalWeb\/badalona.portal;jsessionid=GHgqb7YH2BBjtx54JhtTRkhV6wyhQMb4J4tDcyMFbxSDFDpQgS6s!-461283045?_nfpb=true&amp;_pageLabel=contingut_estatic&amp;dCollectionID=3858#wlp_contingut_estatic\" target=\"_blank\" rel=\"noopener\"> MOBILONA<\/a>, una diada de l&#8217;educaci\u00f3 vi\u00e0ria adre\u00e7ada a l&#8217;alumnat de 3r nivell. En aquest Comissi\u00f3 hi participen mestres de diferents centres educatius, l&#8217;equip d&#8217;Educaci\u00f3 Vi\u00e0ria de la Gu\u00e0rdia Urbana, el Servei d&#8217;Educaci\u00f3 de l&#8217;Ajuntament de Badalona i altres serveis i entitats ciutadanes.<\/p>\n<p>La <a href=\"http:\/\/badalona.cat\/portalWeb\/badalona.portal;jsessionid=GHgqb7YH2BBjtx54JhtTRkhV6wyhQMb4J4tDcyMFbxSDFDpQgS6s!-461283045?_nfpb=true&amp;_pageLabel=contingut_estatic&amp;dCollectionID=3858#wlp_contingut_estatic\" target=\"_blank\" rel=\"noopener\">MOBILONA<\/a> consisteix en una trobada en la qual, en primer lloc, es llegeix un lema pensat i escollit pels nens i nenes i que parla de la import\u00e0ncia de l&#8217;educaci\u00f3 i la seguretat vi\u00e0ria. A continuaci\u00f3 es fa un Gimcana amb proves organitzades per diferents entitats i, finalment, es canta i balla una can\u00e7\u00f3 vinculada a aquest tema.<\/p>\n<p>Hi participen les escoles: Alexandre Gal\u00ed, Les Ci\u00e8ncies, Lestonnac, L\u00f3pez Torrej\u00f3n, Mare de D\u00e9u de la Salut, Miguel Hern\u00e1ndez, Pere de Tera i Rafael Alberti<\/p>\n<p><a href=\"http:\/\/badalona.cat\/portalWeb\/badalona.portal?_nfpb=true&amp;_pageLabel=contingut_estatic&amp;dCollectionID=3891#wlp_contingut_estatic\" target=\"_blank\" rel=\"noopener\">Projectes i activitats de la Unitat d&#8217;Educaci\u00f3 Vi\u00e0ria i de la Comissi\u00f3 del Pla de Seguretat i Educaci\u00f3 Vi\u00e0ria que s&#8217;ofereix a tota la ciutadania.<\/a><\/p>\n<\/div>\n<\/div>\n<div class=\"yui-u col_dreta\">\n<div class=\"bloc_contingut relacionat_basica\">\n<div id=\"bloc_compartir\">\n<div class=\"addthis_inline_share_toolbox\" data-url=\"http:\/\/badalona.cat\/portalWeb\/badalona.portal;jsessionid=GHgqb7YH2BBjtx54JhtTRkhV6wyhQMb4J4tDcyMFbxSDFDpQgS6s!-461283045?_nfpb=true&amp;_pageLabel=contingut_estatic&amp;dCollectionID=3858#wlp_contingut_estatic\" data-title=\"MOBILONA :: Les persones :: Ajuntament de Badalona\" data-description=\"null MOBILONA Les persones Educaci\u00f3  Dinamitzaci\u00f3 educativa Ciutat i escola MOBILONA  :: Educaci\u00f3 \">\n<div id=\"atstbx\" class=\"at-resp-share-element at-style-responsive addthis-smartlayers addthis-animated at4-show\" role=\"region\" aria-labelledby=\"at-c71aab77-4751-4a12-ba42-9c59a2cca940\"><span id=\"at-c71aab77-4751-4a12-ba42-9c59a2cca940\" class=\"at4-visually-hidden\"><\/span><\/p>\n<div class=\"at-share-btn-elements\">\u00a0<\/div>\n<\/div>\n<\/div>\n<\/div>\n<\/div>\n<div class=\"bloc_contingut relacionat\">\u00a0<\/div>\n<p><\/p>\n<div class=\"bloc_contingut relacionat\">\n<h3>\u00a0<\/h3>\n<\/div>\n<\/div>\n","protected":false},"excerpt":{"rendered":"<p>En el marc de la Comissi\u00f3 del Pla de Seguretat i Educaci\u00f3 Vi\u00e0ria de Badalona es va acordar crear la [&hellip;]<\/p>\n","protected":false},"author":15,"featured_media":11106,"comment_status":"closed","ping_status":"closed","sticky":false,"template":"","format":"standard","meta":{"_bbp_topic_count":0,"_bbp_reply_count":0,"_bbp_total_topic_count":0,"_bbp_total_reply_count":0,"_bbp_voice_count":0,"_bbp_anonymous_reply_count":0,"_bbp_topic_count_hidden":0,"_bbp_reply_count_hidden":0,"_bbp_forum_subforum_count":0,"site-sidebar-layout":"default","site-content-layout":"","ast-site-content-layout":"","site-content-style":"default","site-sidebar-style":"default","ast-global-header-display":"","ast-banner-title-visibility":"","ast-main-header-display":"","ast-hfb-above-header-display":"","ast-hfb-below-header-display":"","ast-hfb-mobile-header-display":"","site-post-title":"","ast-breadcrumbs-content":"","ast-featured-img":"","footer-sml-layout":"","theme-transparent-header-meta":"","adv-header-id-meta":"","stick-header-meta":"","header-above-stick-meta":"","header-main-stick-meta":"","header-below-stick-meta":"","astra-migrate-meta-layouts":"default","ast-page-background-enabled":"default","ast-page-background-meta":{"desktop":{"background-color":"var(--ast-global-color-4)","background-image":"","background-repeat":"repeat","background-position":"center center","background-size":"auto","background-attachment":"scroll","background-type":"","background-media":"","overlay-type":"","overlay-color":"","overlay-opacity":"","overlay-gradient":""},"tablet":{"background-color":"","background-image":"","background-repeat":"repeat","background-position":"center center","background-size":"auto","background-attachment":"scroll","background-type":"","background-media":"","overlay-type":"","overlay-color":"","overlay-opacity":"","overlay-gradient":""},"mobile":{"background-color":"","background-image":"","background-repeat":"repeat","background-position":"center center","background-size":"auto","background-attachment":"scroll","background-type":"","background-media":"","overlay-type":"","overlay-color":"","overlay-opacity":"","overlay-gradient":""}},"ast-content-background-meta":{"desktop":{"background-color":"var(--ast-global-color-5)","background-image":"","background-repeat":"repeat","background-position":"center center","background-size":"auto","background-attachment":"scroll","background-type":"","background-media":"","overlay-type":"","overlay-color":"","overlay-opacity":"","overlay-gradient":""},"tablet":{"background-color":"var(--ast-global-color-5)","background-image":"","background-repeat":"repeat","background-position":"center center","background-size":"auto","background-attachment":"scroll","background-type":"","background-media":"","overlay-type":"","overlay-color":"","overlay-opacity":"","overlay-gradient":""},"mobile":{"background-color":"var(--ast-global-color-5)","background-image":"","background-repeat":"repeat","background-position":"center center","background-size":"auto","background-attachment":"scroll","background-type":"","background-media":"","overlay-type":"","overlay-color":"","overlay-opacity":"","overlay-gradient":""}},"footnotes":""},"categories":[29],"tags":[401,316],"class_list":["post-11103","post","type-post","status-publish","format-standard","has-post-thumbnail","hentry","category-portada","tag-educacio-primaria","tag-educacio-viaria"],"post_mailing_queue_ids":[],"_links":{"self":[{"href":"https:\/\/serveiseducatius.xtec.cat\/badalona\/wp-json\/wp\/v2\/posts\/11103","targetHints":{"allow":["GET"]}}],"collection":[{"href":"https:\/\/serveiseducatius.xtec.cat\/badalona\/wp-json\/wp\/v2\/posts"}],"about":[{"href":"https:\/\/serveiseducatius.xtec.cat\/badalona\/wp-json\/wp\/v2\/types\/post"}],"author":[{"embeddable":true,"href":"https:\/\/serveiseducatius.xtec.cat\/badalona\/wp-json\/wp\/v2\/users\/15"}],"replies":[{"embeddable":true,"href":"https:\/\/serveiseducatius.xtec.cat\/badalona\/wp-json\/wp\/v2\/comments?post=11103"}],"version-history":[{"count":1,"href":"https:\/\/serveiseducatius.xtec.cat\/badalona\/wp-json\/wp\/v2\/posts\/11103\/revisions"}],"predecessor-version":[{"id":11107,"href":"https:\/\/serveiseducatius.xtec.cat\/badalona\/wp-json\/wp\/v2\/posts\/11103\/revisions\/11107"}],"wp:featuredmedia":[{"embeddable":true,"href":"https:\/\/serveiseducatius.xtec.cat\/badalona\/wp-json\/wp\/v2\/media\/11106"}],"wp:attachment":[{"href":"https:\/\/serveiseducatius.xtec.cat\/badalona\/wp-json\/wp\/v2\/media?parent=11103"}],"wp:term":[{"taxonomy":"category","embeddable":true,"href":"https:\/\/serveiseducatius.xtec.cat\/badalona\/wp-json\/wp\/v2\/categories?post=11103"},{"taxonomy":"post_tag","embeddable":true,"href":"https:\/\/serveiseducatius.xtec.cat\/badalona\/wp-json\/wp\/v2\/tags?post=11103"}],"curies":[{"name":"wp","href":"https:\/\/api.w.org\/{rel}","templated":true}]}}