{"id":11082,"date":"2019-03-06T16:30:04","date_gmt":"2019-03-06T15:30:04","guid":{"rendered":"http:\/\/serveiseducatius.xtec.cat\/badalona\/?p=11082"},"modified":"2019-06-20T14:36:35","modified_gmt":"2019-06-20T12:36:35","slug":"badaorientacio-al-turo-den-caritg-una-activitat-del-badasport-que-promou-la-practica-de-lesport-escolar-a-la-ciutat","status":"publish","type":"post","link":"https:\/\/serveiseducatius.xtec.cat\/badalona\/portada\/badaorientacio-al-turo-den-caritg-una-activitat-del-badasport-que-promou-la-practica-de-lesport-escolar-a-la-ciutat\/","title":{"rendered":"Badaorientaci\u00f3 al tur\u00f3 d\u2019en Caritg, una activitat del Badasport que promou la pr\u00e0ctica de l\u2019esport escolar a la ciutat"},"content":{"rendered":"<p><img loading=\"lazy\" decoding=\"async\" class=\" wp-image-11085 alignleft\" src=\"https:\/\/serveiseducatius.xtec.cat\/badalona\/wp-content\/uploads\/usu1088\/2019\/03\/bada.jpg\" alt=\"\" width=\"384\" height=\"102\" srcset=\"https:\/\/serveiseducatius.xtec.cat\/badalona\/wp-content\/uploads\/usu1088\/2019\/03\/bada.jpg 361w, https:\/\/serveiseducatius.xtec.cat\/badalona\/wp-content\/uploads\/usu1088\/2019\/03\/bada-300x80.jpg 300w\" sizes=\"auto, (max-width: 384px) 100vw, 384px\" \/>Dins del marc del <strong>Badasport<\/strong> d&#8217;enguany, el proper <strong>divendres 15 de mar\u00e7<\/strong> tindr\u00e0 lloc el <a href=\"http:\/\/badalona.cat\/portalWeb\/badalona.portal?_nfpb=true&amp;_pageLabel=contingut_estatic&amp;dCollectionID=2779#wlp_contingut_estatic\" target=\"_blank\" rel=\"noopener noreferrer\"><strong>Badaorientaci\u00f3<\/strong><\/a>, al Tur\u00f3 d&#8217;en Cartig. Hi participaran els alumnes de 4t de prim\u00e0ria de les seg\u00fcents 34 escoles: Antoni\u00a0Botey, Artur Martorell, Badalona Port, Baldiri Reixac, Baldomer Sol\u00e0, Bufal\u00e0, Feliu i\u00a0Vegu\u00e9s,\u00a0Folch\u00a0i Torres,\u00a0Gitanjali, \u00cdtaca, Joan\u00a0Coret, Joan\u00a0Llongueras, Joan Mir\u00f3, Josep Boada, Josep Carner, Jungfrau, Les Ci\u00e8ncies, Llibertat,\u00a0Llorens\u00a0Artigas, Margarida\u00a0Xirgu, Merc\u00e8 Rodoreda,\u00a0Miguel\u00a0Hern\u00e1ndez, Montigal\u00e0, Pau Picasso, Pere de Tera,\u00a0Planas\u00a0i Casals, Pompeu Fabra, Progr\u00e9s, Rafael Alberti, Rafael Casanova, Salesians, Salvador Espriu, Sant Jordi i Vent\u00f3s\u00a0Mir.<\/p>\n<p>El\u00a0Badasport\u00a02018-19 est\u00e0 organitzat pel Grup de Treball de Mestres d&#8217;Educaci\u00f3 F\u00edsica de Badalona, el Centre de Recursos Pedag\u00f2gics i els Serveis d&#8217;Educaci\u00f3 i d&#8217;Esports de l&#8217;Ajuntament de Badalona, amb la col\u00b7laboraci\u00f3 de la Uni\u00f3 Gimn\u00e0stica i Esportiva de Badalona, el Club de bitlles catalanes Termites, els Instituts Barres i Ones, La Pineda i La Riera, el Club\u00a0Korfbal\u00a0Badalona &#8211; La Rotllana, la Federaci\u00f3 Catalana de\u00a0Korfbal, el programa Fem Salut! i\u00a0TUSGSAL, entre altres.<\/p>\n<p>Us deixem amb un v\u00eddeo de l&#8217;Escola Artur Martorell amb l&#8217;experi\u00e8ncia de l&#8217;any passat:<\/p>\n<p><iframe loading=\"lazy\" src=\"https:\/\/www.youtube.com\/embed\/fKy2fU8DTmY\" width=\"560\" height=\"315\" frameborder=\"0\" allowfullscreen=\"allowfullscreen\"><\/iframe><\/p>\n","protected":false},"excerpt":{"rendered":"<p>Dins del marc del Badasport d&#8217;enguany, el proper divendres 15 de mar\u00e7 tindr\u00e0 lloc el Badaorientaci\u00f3, al Tur\u00f3 d&#8217;en Cartig. [&hellip;]<\/p>\n","protected":false},"author":9,"featured_media":11083,"comment_status":"closed","ping_status":"closed","sticky":false,"template":"","format":"standard","meta":{"_bbp_topic_count":0,"_bbp_reply_count":0,"_bbp_total_topic_count":0,"_bbp_total_reply_count":0,"_bbp_voice_count":0,"_bbp_anonymous_reply_count":0,"_bbp_topic_count_hidden":0,"_bbp_reply_count_hidden":0,"_bbp_forum_subforum_count":0,"site-sidebar-layout":"default","site-content-layout":"","ast-site-content-layout":"","site-content-style":"default","site-sidebar-style":"default","ast-global-header-display":"","ast-banner-title-visibility":"","ast-main-header-display":"","ast-hfb-above-header-display":"","ast-hfb-below-header-display":"","ast-hfb-mobile-header-display":"","site-post-title":"","ast-breadcrumbs-content":"","ast-featured-img":"","footer-sml-layout":"","theme-transparent-header-meta":"","adv-header-id-meta":"","stick-header-meta":"","header-above-stick-meta":"","header-main-stick-meta":"","header-below-stick-meta":"","astra-migrate-meta-layouts":"default","ast-page-background-enabled":"default","ast-page-background-meta":{"desktop":{"background-color":"var(--ast-global-color-4)","background-image":"","background-repeat":"repeat","background-position":"center center","background-size":"auto","background-attachment":"scroll","background-type":"","background-media":"","overlay-type":"","overlay-color":"","overlay-opacity":"","overlay-gradient":""},"tablet":{"background-color":"","background-image":"","background-repeat":"repeat","background-position":"center center","background-size":"auto","background-attachment":"scroll","background-type":"","background-media":"","overlay-type":"","overlay-color":"","overlay-opacity":"","overlay-gradient":""},"mobile":{"background-color":"","background-image":"","background-repeat":"repeat","background-position":"center center","background-size":"auto","background-attachment":"scroll","background-type":"","background-media":"","overlay-type":"","overlay-color":"","overlay-opacity":"","overlay-gradient":""}},"ast-content-background-meta":{"desktop":{"background-color":"var(--ast-global-color-5)","background-image":"","background-repeat":"repeat","background-position":"center center","background-size":"auto","background-attachment":"scroll","background-type":"","background-media":"","overlay-type":"","overlay-color":"","overlay-opacity":"","overlay-gradient":""},"tablet":{"background-color":"var(--ast-global-color-5)","background-image":"","background-repeat":"repeat","background-position":"center center","background-size":"auto","background-attachment":"scroll","background-type":"","background-media":"","overlay-type":"","overlay-color":"","overlay-opacity":"","overlay-gradient":""},"mobile":{"background-color":"var(--ast-global-color-5)","background-image":"","background-repeat":"repeat","background-position":"center center","background-size":"auto","background-attachment":"scroll","background-type":"","background-media":"","overlay-type":"","overlay-color":"","overlay-opacity":"","overlay-gradient":""}},"footnotes":""},"categories":[295,66,29],"tags":[167,1106,1039,355,401],"class_list":["post-11082","post","type-post","status-publish","format-standard","has-post-thumbnail","hentry","category-badasport","category-dinamitzacio","category-portada","tag-badalona","tag-badaorientacio","tag-badasport","tag-educacio-fisica","tag-educacio-primaria"],"post_mailing_queue_ids":[],"_links":{"self":[{"href":"https:\/\/serveiseducatius.xtec.cat\/badalona\/wp-json\/wp\/v2\/posts\/11082","targetHints":{"allow":["GET"]}}],"collection":[{"href":"https:\/\/serveiseducatius.xtec.cat\/badalona\/wp-json\/wp\/v2\/posts"}],"about":[{"href":"https:\/\/serveiseducatius.xtec.cat\/badalona\/wp-json\/wp\/v2\/types\/post"}],"author":[{"embeddable":true,"href":"https:\/\/serveiseducatius.xtec.cat\/badalona\/wp-json\/wp\/v2\/users\/9"}],"replies":[{"embeddable":true,"href":"https:\/\/serveiseducatius.xtec.cat\/badalona\/wp-json\/wp\/v2\/comments?post=11082"}],"version-history":[{"count":3,"href":"https:\/\/serveiseducatius.xtec.cat\/badalona\/wp-json\/wp\/v2\/posts\/11082\/revisions"}],"predecessor-version":[{"id":11978,"href":"https:\/\/serveiseducatius.xtec.cat\/badalona\/wp-json\/wp\/v2\/posts\/11082\/revisions\/11978"}],"wp:featuredmedia":[{"embeddable":true,"href":"https:\/\/serveiseducatius.xtec.cat\/badalona\/wp-json\/wp\/v2\/media\/11083"}],"wp:attachment":[{"href":"https:\/\/serveiseducatius.xtec.cat\/badalona\/wp-json\/wp\/v2\/media?parent=11082"}],"wp:term":[{"taxonomy":"category","embeddable":true,"href":"https:\/\/serveiseducatius.xtec.cat\/badalona\/wp-json\/wp\/v2\/categories?post=11082"},{"taxonomy":"post_tag","embeddable":true,"href":"https:\/\/serveiseducatius.xtec.cat\/badalona\/wp-json\/wp\/v2\/tags?post=11082"}],"curies":[{"name":"wp","href":"https:\/\/api.w.org\/{rel}","templated":true}]}}