{"id":11037,"date":"2019-04-22T09:00:45","date_gmt":"2019-04-22T07:00:45","guid":{"rendered":"http:\/\/serveiseducatius.xtec.cat\/badalona\/?p=11037"},"modified":"2020-02-06T17:41:56","modified_gmt":"2020-02-06T16:41:56","slug":"vi-jocs-florals-escolars-de-catalunya","status":"publish","type":"post","link":"https:\/\/serveiseducatius.xtec.cat\/badalona\/portada\/vi-jocs-florals-escolars-de-catalunya\/","title":{"rendered":"VI Jocs Florals Escolars de Catalunya"},"content":{"rendered":"<p><span style=\"font-family: verdana, geneva, sans-serif; font-size: 10pt;\"><img loading=\"lazy\" decoding=\"async\" class=\"alignleft size-medium wp-image-11044\" src=\"https:\/\/serveiseducatius.xtec.cat\/badalona\/wp-content\/uploads\/usu1088\/2019\/03\/1529060213469-300x169.png\" alt=\"\" width=\"300\" height=\"169\" srcset=\"https:\/\/serveiseducatius.xtec.cat\/badalona\/wp-content\/uploads\/usu1088\/2019\/03\/1529060213469-300x169.png 300w, https:\/\/serveiseducatius.xtec.cat\/badalona\/wp-content\/uploads\/usu1088\/2019\/03\/1529060213469.png 670w\" sizes=\"auto, (max-width: 300px) 100vw, 300px\" \/>El Departament d\u2019Educaci\u00f3 convoca\u00a0els<strong>\u00a0<a href=\"http:\/\/xtec.gencat.cat\/ca\/centres\/alscentres\/premis\/jocsflorals\/1819\/\">VI Jocs Florals Escolars de Catalunya<\/a><\/strong>\u00a0\u00a0amb l\u2019objectiu de promoure l\u2019escriptura tant en prosa com en poesia en infants de sis a divuit anys.<\/span><\/p>\n<p><!--more--><strong style=\"font-family: inherit; font-size: 1em;\"><span style=\"font-family: verdana, geneva, sans-serif; font-size: 10pt;\">Les categories establertes s\u00f3n:<\/span><\/strong><\/p>\n<p style=\"padding-left: 30px;\"><span style=\"font-family: verdana, geneva, sans-serif; font-size: 10pt;\">A \u2013 Alumnat del cicle inicial d\u2019educaci\u00f3 prim\u00e0ria.<\/span><br \/>\n<span style=\"font-family: verdana, geneva, sans-serif; font-size: 10pt;\">B \u2013 Alumnat del cicle mitj\u00e0 d\u2019educaci\u00f3 prim\u00e0ria.<\/span><br \/>\n<span style=\"font-family: verdana, geneva, sans-serif; font-size: 10pt;\">C \u2013 Alumnat del cicle superior d\u2019educaci\u00f3 prim\u00e0ria.<\/span><br \/>\n<span style=\"font-family: verdana, geneva, sans-serif; font-size: 10pt;\">D \u2013 Alumnat d\u2019educaci\u00f3 especial d\u2019educaci\u00f3 prim\u00e0ria.<\/span><br \/>\n<span style=\"font-family: verdana, geneva, sans-serif; font-size: 10pt;\">E \u2013 Alumnat d\u2019educaci\u00f3 especial d\u2019educaci\u00f3 secund\u00e0ria obligat\u00f2ria.<\/span><br \/>\n<span style=\"font-family: verdana, geneva, sans-serif; font-size: 10pt;\">F \u2013 Alumnat de 1r i 2n d\u2019educaci\u00f3 secund\u00e0ria obligat\u00f2ria.<\/span><br \/>\n<span style=\"font-family: verdana, geneva, sans-serif; font-size: 10pt;\">G \u2013 Alumnat de 3r i 4t d\u2019educaci\u00f3 secund\u00e0ria obligat\u00f2ria.<\/span><br \/>\n<span style=\"font-family: verdana, geneva, sans-serif; font-size: 10pt;\">H \u2013 Conte audiovisual i il\u00b7lustrat per a tots els alumnes de prim\u00e0ria.\u00a0El treball guanyador d\u2019aquesta categoria ser\u00e0 produ\u00eft pel Canal Super3, pel programa \u201cUna m\u00e0 de contes\u201d.<\/span><\/p>\n<p><span style=\"font-family: verdana, geneva, sans-serif; font-size: 10pt;\">Els<strong>\u00a0treballs seleccionats<\/strong>\u00a0s\u2019han d\u2019enviar al<strong>\u00a0Centre de Recursos Pedag\u00f2gics\u00a0<\/strong><strong>\u00a0<span style=\"color: #ff0000;\">abans del 29 d\u2019abril de 2019 <\/span><\/strong><span style=\"color: #ff0000;\"><span style=\"color: #000000;\">a trav\u00e9s del<a href=\"https:\/\/goo.gl\/forms\/vYwpgZqcnGZrFZUw1\" target=\"_blank\" rel=\"noopener noreferrer\"><span style=\"color: #ff0000;\"><strong> formulari de participaci\u00f3<\/strong><\/span><\/a> (un formulari per cada treball)<\/span><\/span><\/span><\/p>\n<p><span style=\"font-family: verdana, geneva, sans-serif; font-size: 10pt;\"><strong>M\u00e9s informaci\u00f3:<\/strong><\/span><br \/>\n<span style=\"font-family: verdana, geneva, sans-serif; font-size: 10pt;\"><a href=\"https:\/\/drive.google.com\/file\/d\/1Hty74dA7llWIqTMDA9gjxPvc5iaOnwBW\/view?usp=sharing\">Bases dels VI Jocs Florals<\/a><\/span><br \/>\n<span style=\"font-family: verdana, geneva, sans-serif; font-size: 10pt;\"><a href=\"https:\/\/drive.google.com\/file\/d\/1Svg5aaFhMPVTvLZOcyaufA0yAWxqPNgG\/view?usp=sharing\">Base de la categoria H: Conte audiovisual il\u00b7lustrat<\/a><\/span><\/p>\n<p><span style=\"font-family: verdana, geneva, sans-serif; font-size: 10pt;\"><a href=\"https:\/\/blocs.xtec.cat\/jocsflorals-conteaudiovisual\/projecte\/#_ga=2.158501438.584553804.1549010967-337986058.1520350011\">Bloc Conte audiovisual il\u00b7lustrat<\/a>\u00a0cont\u00e9 una proposta de treball<\/span><\/p>\n<p><strong><span style=\"font-family: verdana, geneva, sans-serif; font-size: 10pt;\">Exemples:<\/span><\/strong><\/p>\n<div class=\"destacat_noticies_cont \">\n<h3><span style=\"font-family: verdana, geneva, sans-serif; font-size: 10pt;\"><a title=\"La girafa Fari perd les taques\" href=\"http:\/\/www.super3.cat\/unamadecontes\/conte\/La-Girafa-Fari-perd-les-taques\/catala\/2590\" target=\"_blank\" rel=\"noopener noreferrer\">La girafa Fari perd les taques<\/a><img decoding=\"async\" class=\"img-llista img-responsive alignleft\" src=\"http:\/\/xtec.gencat.cat\/web\/.content\/centres\/alscentres\/premis\/jocsflorals\/1819\/imatges\/130x86_fari.jpg_1202929088.jpg\" alt=\"La girafa Fari perd les taques\" \/><\/span><\/h3>\n<\/div>\n<div class=\"destacat_noticies_cont \">\n<h3><span style=\"font-family: verdana, geneva, sans-serif; font-size: 10pt;\">\u00a0<\/span><\/h3>\n<div class=\"bloc-mobil\">\n<div class=\"notc_img\"><span style=\"font-family: verdana, geneva, sans-serif; font-size: 10pt;\"><img decoding=\"async\" class=\"img-llista img-responsive alignleft\" src=\"http:\/\/xtec.gencat.cat\/web\/.content\/centres\/alscentres\/premis\/jocsflorals\/1819\/imatges\/130x86_luri.jpg_1202929088.jpg\" alt=\"La Luri vol con\u00e8ixer el Sol\" \/><\/span><\/div>\n<div class=\"descripcio\">\n<h3><span style=\"font-family: verdana, geneva, sans-serif; font-size: 10pt;\"><a title=\"La Luri vol con\u00e8ixer el Sol\" href=\"http:\/\/www.super3.cat\/unamadecontes\/conte\/La-Luri-vol-coneixer-el-Sol\/catala\/2610\" target=\"_blank\" rel=\"noopener noreferrer\">La Luri vol con\u00e8ixer el Sol<\/a><\/span><\/h3>\n<\/div>\n<\/div>\n<\/div>\n<div class=\"destacat_noticies_cont \">\n<h3><span style=\"font-family: verdana, geneva, sans-serif; font-size: 10pt;\">\u00a0<\/span><\/h3>\n<div class=\"bloc-mobil\">\n<div class=\"notc_img\"><span style=\"font-family: verdana, geneva, sans-serif; font-size: 10pt;\"><img decoding=\"async\" class=\"img-llista img-responsive alignleft\" src=\"http:\/\/xtec.gencat.cat\/web\/.content\/centres\/alscentres\/premis\/jocsflorals\/1819\/imatges\/130x86_verd.jpg_1202929088.jpg\" alt=\"Planeta verd\" \/><\/span><\/div>\n<div class=\"descripcio\">\n<h3><span style=\"font-family: verdana, geneva, sans-serif; font-size: 10pt;\"><a title=\"Planeta verd\" href=\"http:\/\/www.super3.cat\/unamadecontes\/conte\/planeta-verd\/catala\/2591\" target=\"_blank\" rel=\"noopener noreferrer\">Planeta verd<\/a><\/span><\/h3>\n<\/div>\n<\/div>\n<\/div>\n<p>&nbsp;<\/p>\n","protected":false},"excerpt":{"rendered":"<p>El Departament d\u2019Educaci\u00f3 convoca\u00a0els\u00a0VI Jocs Florals Escolars de Catalunya\u00a0\u00a0amb l\u2019objectiu de promoure l\u2019escriptura tant en prosa com en poesia en [&hellip;]<\/p>\n","protected":false},"author":9,"featured_media":11044,"comment_status":"closed","ping_status":"closed","sticky":false,"template":"","format":"standard","meta":{"_bbp_topic_count":0,"_bbp_reply_count":0,"_bbp_total_topic_count":0,"_bbp_total_reply_count":0,"_bbp_voice_count":0,"_bbp_anonymous_reply_count":0,"_bbp_topic_count_hidden":0,"_bbp_reply_count_hidden":0,"_bbp_forum_subforum_count":0,"site-sidebar-layout":"default","site-content-layout":"","ast-site-content-layout":"","site-content-style":"default","site-sidebar-style":"default","ast-global-header-display":"","ast-banner-title-visibility":"","ast-main-header-display":"","ast-hfb-above-header-display":"","ast-hfb-below-header-display":"","ast-hfb-mobile-header-display":"","site-post-title":"","ast-breadcrumbs-content":"","ast-featured-img":"","footer-sml-layout":"","theme-transparent-header-meta":"","adv-header-id-meta":"","stick-header-meta":"","header-above-stick-meta":"","header-main-stick-meta":"","header-below-stick-meta":"","astra-migrate-meta-layouts":"default","ast-page-background-enabled":"default","ast-page-background-meta":{"desktop":{"background-color":"var(--ast-global-color-4)","background-image":"","background-repeat":"repeat","background-position":"center center","background-size":"auto","background-attachment":"scroll","background-type":"","background-media":"","overlay-type":"","overlay-color":"","overlay-opacity":"","overlay-gradient":""},"tablet":{"background-color":"","background-image":"","background-repeat":"repeat","background-position":"center center","background-size":"auto","background-attachment":"scroll","background-type":"","background-media":"","overlay-type":"","overlay-color":"","overlay-opacity":"","overlay-gradient":""},"mobile":{"background-color":"","background-image":"","background-repeat":"repeat","background-position":"center center","background-size":"auto","background-attachment":"scroll","background-type":"","background-media":"","overlay-type":"","overlay-color":"","overlay-opacity":"","overlay-gradient":""}},"ast-content-background-meta":{"desktop":{"background-color":"var(--ast-global-color-5)","background-image":"","background-repeat":"repeat","background-position":"center center","background-size":"auto","background-attachment":"scroll","background-type":"","background-media":"","overlay-type":"","overlay-color":"","overlay-opacity":"","overlay-gradient":""},"tablet":{"background-color":"var(--ast-global-color-5)","background-image":"","background-repeat":"repeat","background-position":"center center","background-size":"auto","background-attachment":"scroll","background-type":"","background-media":"","overlay-type":"","overlay-color":"","overlay-opacity":"","overlay-gradient":""},"mobile":{"background-color":"var(--ast-global-color-5)","background-image":"","background-repeat":"repeat","background-position":"center center","background-size":"auto","background-attachment":"scroll","background-type":"","background-media":"","overlay-type":"","overlay-color":"","overlay-opacity":"","overlay-gradient":""}},"footnotes":""},"categories":[66,71,29],"tags":[649,333],"class_list":["post-11037","post","type-post","status-publish","format-standard","has-post-thumbnail","hentry","category-dinamitzacio","category-jocs-florals","category-portada","tag-escriptura-creativa","tag-jocs-florals"],"post_mailing_queue_ids":[],"_links":{"self":[{"href":"https:\/\/serveiseducatius.xtec.cat\/badalona\/wp-json\/wp\/v2\/posts\/11037","targetHints":{"allow":["GET"]}}],"collection":[{"href":"https:\/\/serveiseducatius.xtec.cat\/badalona\/wp-json\/wp\/v2\/posts"}],"about":[{"href":"https:\/\/serveiseducatius.xtec.cat\/badalona\/wp-json\/wp\/v2\/types\/post"}],"author":[{"embeddable":true,"href":"https:\/\/serveiseducatius.xtec.cat\/badalona\/wp-json\/wp\/v2\/users\/9"}],"replies":[{"embeddable":true,"href":"https:\/\/serveiseducatius.xtec.cat\/badalona\/wp-json\/wp\/v2\/comments?post=11037"}],"version-history":[{"count":4,"href":"https:\/\/serveiseducatius.xtec.cat\/badalona\/wp-json\/wp\/v2\/posts\/11037\/revisions"}],"predecessor-version":[{"id":13173,"href":"https:\/\/serveiseducatius.xtec.cat\/badalona\/wp-json\/wp\/v2\/posts\/11037\/revisions\/13173"}],"wp:featuredmedia":[{"embeddable":true,"href":"https:\/\/serveiseducatius.xtec.cat\/badalona\/wp-json\/wp\/v2\/media\/11044"}],"wp:attachment":[{"href":"https:\/\/serveiseducatius.xtec.cat\/badalona\/wp-json\/wp\/v2\/media?parent=11037"}],"wp:term":[{"taxonomy":"category","embeddable":true,"href":"https:\/\/serveiseducatius.xtec.cat\/badalona\/wp-json\/wp\/v2\/categories?post=11037"},{"taxonomy":"post_tag","embeddable":true,"href":"https:\/\/serveiseducatius.xtec.cat\/badalona\/wp-json\/wp\/v2\/tags?post=11037"}],"curies":[{"name":"wp","href":"https:\/\/api.w.org\/{rel}","templated":true}]}}