{"id":10800,"date":"2019-02-11T09:00:01","date_gmt":"2019-02-11T08:00:01","guid":{"rendered":"http:\/\/serveiseducatius.xtec.cat\/badalona\/?p=10800"},"modified":"2019-02-08T13:32:28","modified_gmt":"2019-02-08T12:32:28","slug":"iv-premi-treball-de-recerca-amit-cat-fins-al-24-de-febrer","status":"publish","type":"post","link":"https:\/\/serveiseducatius.xtec.cat\/badalona\/portada\/iv-premi-treball-de-recerca-amit-cat-fins-al-24-de-febrer\/","title":{"rendered":"IV Premi Treball de Recerca AMIT-CAT. Fins al 24 de febrer!"},"content":{"rendered":"<p><img loading=\"lazy\" decoding=\"async\" class=\"size-full wp-image-10804 alignleft\" src=\"https:\/\/serveiseducatius.xtec.cat\/badalona\/wp-content\/uploads\/usu1088\/2019\/02\/Premi.jpg\" alt=\"\" width=\"412\" height=\"160\" srcset=\"https:\/\/serveiseducatius.xtec.cat\/badalona\/wp-content\/uploads\/usu1088\/2019\/02\/Premi.jpg 412w, https:\/\/serveiseducatius.xtec.cat\/badalona\/wp-content\/uploads\/usu1088\/2019\/02\/Premi-300x117.jpg 300w\" sizes=\"auto, (max-width: 412px) 100vw, 412px\" \/><\/p>\n<p><a href=\"http:\/\/www.amit-cat.org\/\" target=\"_blank\" rel=\"noopener\">L\u2019Associaci\u00f3 de Dones Investigadores i tecn\u00f2logues de Catalunya (AMIT-Cat)<\/a> convoca el IV<strong>\u00a0Premi AMIT-Cat per a Treballs de Recerca del Batxillerat, 2019<\/strong>.\u00a0\u00a0El premi est\u00e0 adre\u00e7at a\u00a0<strong>recon\u00e8ixer el millor treball de recerca en temes que se centrin o b\u00e9ofereixin dades i comparatives sobre la dona i les seves aportacions a la ci\u00e8ncia i tecnologia.\u00a0<\/strong><span id=\"more-8713\"><\/span><\/p>\n<p><a href=\"http:\/\/www.amit-cat.org\/\" target=\"_blank\" rel=\"noopener\"><strong>INSCRIPCI\u00d3\u00a0 \u00a0 \u00a0 \u00a0 \u00a0\u00a0<\/strong><\/a><a href=\"http:\/\/www.amit-cat.org\/doc\/diptic%20IV%20premi%20amitcat_2019.pdf\" target=\"_blank\" rel=\"noopener\"><strong>D\u00cdPTIC AMB LES BASES DEL PREMI<\/strong><\/a><\/p>\n","protected":false},"excerpt":{"rendered":"<p>L\u2019Associaci\u00f3 de Dones Investigadores i tecn\u00f2logues de Catalunya (AMIT-Cat) convoca el IV\u00a0Premi AMIT-Cat per a Treballs de Recerca del Batxillerat, [&hellip;]<\/p>\n","protected":false},"author":15,"featured_media":10804,"comment_status":"closed","ping_status":"closed","sticky":false,"template":"","format":"standard","meta":{"_bbp_topic_count":0,"_bbp_reply_count":0,"_bbp_total_topic_count":0,"_bbp_total_reply_count":0,"_bbp_voice_count":0,"_bbp_anonymous_reply_count":0,"_bbp_topic_count_hidden":0,"_bbp_reply_count_hidden":0,"_bbp_forum_subforum_count":0,"site-sidebar-layout":"default","site-content-layout":"","ast-site-content-layout":"","site-content-style":"default","site-sidebar-style":"default","ast-global-header-display":"","ast-banner-title-visibility":"","ast-main-header-display":"","ast-hfb-above-header-display":"","ast-hfb-below-header-display":"","ast-hfb-mobile-header-display":"","site-post-title":"","ast-breadcrumbs-content":"","ast-featured-img":"","footer-sml-layout":"","theme-transparent-header-meta":"","adv-header-id-meta":"","stick-header-meta":"","header-above-stick-meta":"","header-main-stick-meta":"","header-below-stick-meta":"","astra-migrate-meta-layouts":"default","ast-page-background-enabled":"default","ast-page-background-meta":{"desktop":{"background-color":"var(--ast-global-color-4)","background-image":"","background-repeat":"repeat","background-position":"center center","background-size":"auto","background-attachment":"scroll","background-type":"","background-media":"","overlay-type":"","overlay-color":"","overlay-opacity":"","overlay-gradient":""},"tablet":{"background-color":"","background-image":"","background-repeat":"repeat","background-position":"center center","background-size":"auto","background-attachment":"scroll","background-type":"","background-media":"","overlay-type":"","overlay-color":"","overlay-opacity":"","overlay-gradient":""},"mobile":{"background-color":"","background-image":"","background-repeat":"repeat","background-position":"center center","background-size":"auto","background-attachment":"scroll","background-type":"","background-media":"","overlay-type":"","overlay-color":"","overlay-opacity":"","overlay-gradient":""}},"ast-content-background-meta":{"desktop":{"background-color":"var(--ast-global-color-5)","background-image":"","background-repeat":"repeat","background-position":"center center","background-size":"auto","background-attachment":"scroll","background-type":"","background-media":"","overlay-type":"","overlay-color":"","overlay-opacity":"","overlay-gradient":""},"tablet":{"background-color":"var(--ast-global-color-5)","background-image":"","background-repeat":"repeat","background-position":"center center","background-size":"auto","background-attachment":"scroll","background-type":"","background-media":"","overlay-type":"","overlay-color":"","overlay-opacity":"","overlay-gradient":""},"mobile":{"background-color":"var(--ast-global-color-5)","background-image":"","background-repeat":"repeat","background-position":"center center","background-size":"auto","background-attachment":"scroll","background-type":"","background-media":"","overlay-type":"","overlay-color":"","overlay-opacity":"","overlay-gradient":""}},"footnotes":""},"categories":[29],"tags":[375,1047],"class_list":["post-10800","post","type-post","status-publish","format-standard","has-post-thumbnail","hentry","category-portada","tag-batxillerat","tag-treballs-de-recerca"],"post_mailing_queue_ids":[],"_links":{"self":[{"href":"https:\/\/serveiseducatius.xtec.cat\/badalona\/wp-json\/wp\/v2\/posts\/10800","targetHints":{"allow":["GET"]}}],"collection":[{"href":"https:\/\/serveiseducatius.xtec.cat\/badalona\/wp-json\/wp\/v2\/posts"}],"about":[{"href":"https:\/\/serveiseducatius.xtec.cat\/badalona\/wp-json\/wp\/v2\/types\/post"}],"author":[{"embeddable":true,"href":"https:\/\/serveiseducatius.xtec.cat\/badalona\/wp-json\/wp\/v2\/users\/15"}],"replies":[{"embeddable":true,"href":"https:\/\/serveiseducatius.xtec.cat\/badalona\/wp-json\/wp\/v2\/comments?post=10800"}],"version-history":[{"count":3,"href":"https:\/\/serveiseducatius.xtec.cat\/badalona\/wp-json\/wp\/v2\/posts\/10800\/revisions"}],"predecessor-version":[{"id":10807,"href":"https:\/\/serveiseducatius.xtec.cat\/badalona\/wp-json\/wp\/v2\/posts\/10800\/revisions\/10807"}],"wp:featuredmedia":[{"embeddable":true,"href":"https:\/\/serveiseducatius.xtec.cat\/badalona\/wp-json\/wp\/v2\/media\/10804"}],"wp:attachment":[{"href":"https:\/\/serveiseducatius.xtec.cat\/badalona\/wp-json\/wp\/v2\/media?parent=10800"}],"wp:term":[{"taxonomy":"category","embeddable":true,"href":"https:\/\/serveiseducatius.xtec.cat\/badalona\/wp-json\/wp\/v2\/categories?post=10800"},{"taxonomy":"post_tag","embeddable":true,"href":"https:\/\/serveiseducatius.xtec.cat\/badalona\/wp-json\/wp\/v2\/tags?post=10800"}],"curies":[{"name":"wp","href":"https:\/\/api.w.org\/{rel}","templated":true}]}}