{"id":10731,"date":"2019-02-06T09:00:39","date_gmt":"2019-02-06T08:00:39","guid":{"rendered":"http:\/\/serveiseducatius.xtec.cat\/badalona\/?p=10731"},"modified":"2019-02-06T10:26:45","modified_gmt":"2019-02-06T09:26:45","slug":"inauguracio-les-jornades-cientifiques-densenyament-secundari-de-badalona-conferencia-de-divulgacio-cientifica-i-prevencio-de-la-sida","status":"publish","type":"post","link":"https:\/\/serveiseducatius.xtec.cat\/badalona\/portada\/inauguracio-les-jornades-cientifiques-densenyament-secundari-de-badalona-conferencia-de-divulgacio-cientifica-i-prevencio-de-la-sida\/","title":{"rendered":"Inauguraci\u00f3 les Jornades Cient\u00edfiques d\u2019Ensenyament Secundari de Badalona: Confer\u00e8ncia de divulgaci\u00f3 cient\u00edfica i prevenci\u00f3 de la sida"},"content":{"rendered":"<p><img loading=\"lazy\" decoding=\"async\" class=\"wp-image-10734 alignleft\" src=\"https:\/\/serveiseducatius.xtec.cat\/badalona\/wp-content\/uploads\/usu1088\/2019\/02\/Qu\u00e8-en-Saps-del-VIH-i-la-SIDA-12-febrer-JC-19-724x1024.jpg\" alt=\"\" width=\"335\" height=\"474\" \/><\/p>\n<p>El proper 12 de febrer es dur\u00e0 a terme<strong> la Confer\u00e8ncia &#8220;Qu\u00e8 en saps del VIH i de la Sida?&#8221;<\/strong> a c\u00e0rrec de la Doctora J\u00falia Garc\u00eda Prado, investigadora principal de l\u2019Institut de Recerca de la Sida -IrsiCaixa.\u00a0<\/p>\n<p>\u00a0Aquesta xerrada forma part dels diversos actes que se celebren a Badalona al voltant de les XXXIII Jornades Cient\u00edfiques d\u2019Ensenyament Secundari de Badalona.<\/p>\n<p>La comissi\u00f3 Organitzadora de les Jornades Cient\u00edfiques d\u2019Ensenyament Secundari, ofereix\u00a0 des de fa m\u00e9s de 10 anys, confer\u00e8ncies de divulgaci\u00f3, sobretot de caire cient\u00edfic, que tenen com a objectiu fonamental donar la possibilitat a l\u2019alumnat dels centres de secund\u00e0ria de la ciutat, d\u2019escoltar una xerrada a c\u00e0rrec d\u2019un investigador\/a jove i en actiu. D\u2019aquesta manera es pret\u00e9n que els alumnes puguin veure en la recerca una possibilitat m\u00e9s pel seu futur acad\u00e8mic i professional.<\/p>\n<p>Alumnes de diversos centres de la ciutat (INS Eugeni d\u2019Ors, INS Isaac Alb\u00e8niz, INS La Llauna i Escola Mare de D\u00e9u de l\u2019Assumpci\u00f3), assistiran a la sessi\u00f3, que tindr\u00e0 lloc a l\u2019auditori de l\u2019Hospital Universitari Germans Trias i Pujol.<\/p>\n<p>Despr\u00e9s de reflexionar sobre el grau de risc al qual s\u2019exposen els joves, es parlar\u00e0 de les vies de transmissi\u00f3 del VIH i de la recerca actual en VIH\/sida i es conduir\u00e0 un debat sobre prevenci\u00f3 i aspectes \u00e8tics de la malaltia. El testimoni d\u2019un pacient infectat pel virus, completar\u00e0 la sessi\u00f3.<\/p>\n<p>&nbsp;<\/p>\n<p>\u00a0\u00a0\u00a0\u00a0\u00a0\u00a0\u00a0\u00a0\u00a0\u00a0\u00a0\u00a0\u00a0\u00a0\u00a0\u00a0\u00a0\u00a0\u00a0\u00a0\u00a0\u00a0\u00a0\u00a0\u00a0\u00a0\u00a0\u00a0\u00a0\u00a0\u00a0\u00a0\u00a0\u00a0\u00a0\u00a0\u00a0\u00a0\u00a0\u00a0\u00a0\u00a0\u00a0\u00a0\u00a0\u00a0 .<\/p>\n<p>&nbsp;<\/p>\n<p>&nbsp;<\/p>\n","protected":false},"excerpt":{"rendered":"<p>El proper 12 de febrer es dur\u00e0 a terme la Confer\u00e8ncia &#8220;Qu\u00e8 en saps del VIH i de la Sida?&#8221; [&hellip;]<\/p>\n","protected":false},"author":15,"featured_media":10750,"comment_status":"closed","ping_status":"closed","sticky":false,"template":"","format":"standard","meta":{"_bbp_topic_count":0,"_bbp_reply_count":0,"_bbp_total_topic_count":0,"_bbp_total_reply_count":0,"_bbp_voice_count":0,"_bbp_anonymous_reply_count":0,"_bbp_topic_count_hidden":0,"_bbp_reply_count_hidden":0,"_bbp_forum_subforum_count":0,"site-sidebar-layout":"default","site-content-layout":"","ast-site-content-layout":"","site-content-style":"default","site-sidebar-style":"default","ast-global-header-display":"","ast-banner-title-visibility":"","ast-main-header-display":"","ast-hfb-above-header-display":"","ast-hfb-below-header-display":"","ast-hfb-mobile-header-display":"","site-post-title":"","ast-breadcrumbs-content":"","ast-featured-img":"","footer-sml-layout":"","theme-transparent-header-meta":"","adv-header-id-meta":"","stick-header-meta":"","header-above-stick-meta":"","header-main-stick-meta":"","header-below-stick-meta":"","astra-migrate-meta-layouts":"default","ast-page-background-enabled":"default","ast-page-background-meta":{"desktop":{"background-color":"var(--ast-global-color-4)","background-image":"","background-repeat":"repeat","background-position":"center center","background-size":"auto","background-attachment":"scroll","background-type":"","background-media":"","overlay-type":"","overlay-color":"","overlay-opacity":"","overlay-gradient":""},"tablet":{"background-color":"","background-image":"","background-repeat":"repeat","background-position":"center center","background-size":"auto","background-attachment":"scroll","background-type":"","background-media":"","overlay-type":"","overlay-color":"","overlay-opacity":"","overlay-gradient":""},"mobile":{"background-color":"","background-image":"","background-repeat":"repeat","background-position":"center center","background-size":"auto","background-attachment":"scroll","background-type":"","background-media":"","overlay-type":"","overlay-color":"","overlay-opacity":"","overlay-gradient":""}},"ast-content-background-meta":{"desktop":{"background-color":"var(--ast-global-color-5)","background-image":"","background-repeat":"repeat","background-position":"center center","background-size":"auto","background-attachment":"scroll","background-type":"","background-media":"","overlay-type":"","overlay-color":"","overlay-opacity":"","overlay-gradient":""},"tablet":{"background-color":"var(--ast-global-color-5)","background-image":"","background-repeat":"repeat","background-position":"center center","background-size":"auto","background-attachment":"scroll","background-type":"","background-media":"","overlay-type":"","overlay-color":"","overlay-opacity":"","overlay-gradient":""},"mobile":{"background-color":"var(--ast-global-color-5)","background-image":"","background-repeat":"repeat","background-position":"center center","background-size":"auto","background-attachment":"scroll","background-type":"","background-media":"","overlay-type":"","overlay-color":"","overlay-opacity":"","overlay-gradient":""}},"footnotes":""},"categories":[299,29],"tags":[471,192],"class_list":["post-10731","post","type-post","status-publish","format-standard","has-post-thumbnail","hentry","category-jornades-cientifiques","category-portada","tag-educacio-secundaria","tag-jornades-cientifiques"],"post_mailing_queue_ids":[],"_links":{"self":[{"href":"https:\/\/serveiseducatius.xtec.cat\/badalona\/wp-json\/wp\/v2\/posts\/10731","targetHints":{"allow":["GET"]}}],"collection":[{"href":"https:\/\/serveiseducatius.xtec.cat\/badalona\/wp-json\/wp\/v2\/posts"}],"about":[{"href":"https:\/\/serveiseducatius.xtec.cat\/badalona\/wp-json\/wp\/v2\/types\/post"}],"author":[{"embeddable":true,"href":"https:\/\/serveiseducatius.xtec.cat\/badalona\/wp-json\/wp\/v2\/users\/15"}],"replies":[{"embeddable":true,"href":"https:\/\/serveiseducatius.xtec.cat\/badalona\/wp-json\/wp\/v2\/comments?post=10731"}],"version-history":[{"count":3,"href":"https:\/\/serveiseducatius.xtec.cat\/badalona\/wp-json\/wp\/v2\/posts\/10731\/revisions"}],"predecessor-version":[{"id":10751,"href":"https:\/\/serveiseducatius.xtec.cat\/badalona\/wp-json\/wp\/v2\/posts\/10731\/revisions\/10751"}],"wp:featuredmedia":[{"embeddable":true,"href":"https:\/\/serveiseducatius.xtec.cat\/badalona\/wp-json\/wp\/v2\/media\/10750"}],"wp:attachment":[{"href":"https:\/\/serveiseducatius.xtec.cat\/badalona\/wp-json\/wp\/v2\/media?parent=10731"}],"wp:term":[{"taxonomy":"category","embeddable":true,"href":"https:\/\/serveiseducatius.xtec.cat\/badalona\/wp-json\/wp\/v2\/categories?post=10731"},{"taxonomy":"post_tag","embeddable":true,"href":"https:\/\/serveiseducatius.xtec.cat\/badalona\/wp-json\/wp\/v2\/tags?post=10731"}],"curies":[{"name":"wp","href":"https:\/\/api.w.org\/{rel}","templated":true}]}}