{"id":10583,"date":"2019-01-24T12:26:59","date_gmt":"2019-01-24T11:26:59","guid":{"rendered":"http:\/\/serveiseducatius.xtec.cat\/badalona\/?p=10583"},"modified":"2019-01-24T12:28:36","modified_gmt":"2019-01-24T11:28:36","slug":"xvi-jornades-internacionals-de-recerca-en-didactica-de-les-ciencies-socials","status":"publish","type":"post","link":"https:\/\/serveiseducatius.xtec.cat\/badalona\/general\/xvi-jornades-internacionals-de-recerca-en-didactica-de-les-ciencies-socials\/","title":{"rendered":"XVI Jornades Internacionals de Recerca en Did\u00e0ctica de les Ci\u00e8ncies Socials"},"content":{"rendered":"<div class=\"page\" data-page-number=\"1\" data-loaded=\"true\">\n<p class=\"textLayer\">Les Jornades, que aquest curs arriben a la setzena edici\u00f3, s\u00f3n un punt de trobada per compartir diferents experi\u00e8ncies, sensacions, recerques, inquietuds i reflexions al voltant de l\u2019ensenyament i l\u2019aprenentatge de les ci\u00e8ncies socials, aix\u00ed com de la tasca educativa que desenvolupem. Una tasca que vivim des de diferents \u00e0mbits i etapes educatives:infantil, prim\u00e0ria, secund\u00e0ria,batxillerat i universitat, i que permet posar en contacte el professorat per crear vincles i fer xarxa.S\u00f3n una oportunitat per connectar la teoria i la pr\u00e0ctica, les realitats educatives de cada centre amb les perspectives educatives m\u00e9s generals, el dia a dia de les aules amb les investigacions que es desenvolupen en \u00e0mbit universitari.<\/p>\n<p><img loading=\"lazy\" decoding=\"async\" class=\" wp-image-10584 alignleft\" src=\"https:\/\/serveiseducatius.xtec.cat\/badalona\/wp-content\/uploads\/usu1088\/2019\/01\/jornades.jpg\" alt=\"\" width=\"169\" height=\"322\" srcset=\"https:\/\/serveiseducatius.xtec.cat\/badalona\/wp-content\/uploads\/usu1088\/2019\/01\/jornades.jpg 315w, https:\/\/serveiseducatius.xtec.cat\/badalona\/wp-content\/uploads\/usu1088\/2019\/01\/jornades-158x300.jpg 158w\" sizes=\"auto, (max-width: 169px) 100vw, 169px\" \/><\/p>\n<p class=\"textLayer\"><strong>Destinataris<\/strong><\/p>\n<ul>\n<li>Professorat d\u2019ensenyament infantil, primari, secundari i universitari.<\/li>\n<li>Estudiants interessats en l\u2019ensenyament de les ci\u00e8ncies socials, la geografia, la hist\u00f2ria i l\u2019educaci\u00f3 per a la ciutadania.<\/li>\n<li>Tots aquells professionals interessats en la Did\u00e0ctica de les Ci\u00e8ncies Socials, en la recerca i la formaci\u00f3 del professorat.\u00a0<\/li>\n<\/ul>\n<p class=\"rtecenter\"><strong>El futur comen\u00e7a ara mateix. L\u2019ensenyament de les ci\u00e8ncies socials per interpretar el m\u00f3n i actuar socialment<\/strong><\/p>\n<p class=\"rtecenter\" style=\"text-align: left;\"><strong>\u00a07, 8 i 9 de febrer de 2019 &#8211;\u00a0Jornades Internacionals de Recerca en Did\u00e0ctica de les Ci\u00e8ncies Socials<\/strong><\/p>\n<p class=\"rtecenter\"><strong>31 de gener: data l\u00edmit per a inscriure&#8217;s<\/strong><\/p>\n<p><strong><a href=\"http:\/\/jornades.uab.cat\/dcs\/\" target=\"_blank\" rel=\"noopener\">M\u00c9S INFORMACI\u00d3 i INSCRIPCIONS<\/a><\/strong><\/p>\n<\/div>\n","protected":false},"excerpt":{"rendered":"<p>Les Jornades, que aquest curs arriben a la setzena edici\u00f3, s\u00f3n un punt de trobada per compartir diferents experi\u00e8ncies, sensacions, [&hellip;]<\/p>\n","protected":false},"author":9,"featured_media":10586,"comment_status":"closed","ping_status":"closed","sticky":false,"template":"","format":"standard","meta":{"_bbp_topic_count":0,"_bbp_reply_count":0,"_bbp_total_topic_count":0,"_bbp_total_reply_count":0,"_bbp_voice_count":0,"_bbp_anonymous_reply_count":0,"_bbp_topic_count_hidden":0,"_bbp_reply_count_hidden":0,"_bbp_forum_subforum_count":0,"site-sidebar-layout":"default","site-content-layout":"","ast-site-content-layout":"","site-content-style":"default","site-sidebar-style":"default","ast-global-header-display":"","ast-banner-title-visibility":"","ast-main-header-display":"","ast-hfb-above-header-display":"","ast-hfb-below-header-display":"","ast-hfb-mobile-header-display":"","site-post-title":"","ast-breadcrumbs-content":"","ast-featured-img":"","footer-sml-layout":"","theme-transparent-header-meta":"","adv-header-id-meta":"","stick-header-meta":"","header-above-stick-meta":"","header-main-stick-meta":"","header-below-stick-meta":"","astra-migrate-meta-layouts":"default","ast-page-background-enabled":"default","ast-page-background-meta":{"desktop":{"background-color":"var(--ast-global-color-4)","background-image":"","background-repeat":"repeat","background-position":"center center","background-size":"auto","background-attachment":"scroll","background-type":"","background-media":"","overlay-type":"","overlay-color":"","overlay-opacity":"","overlay-gradient":""},"tablet":{"background-color":"","background-image":"","background-repeat":"repeat","background-position":"center center","background-size":"auto","background-attachment":"scroll","background-type":"","background-media":"","overlay-type":"","overlay-color":"","overlay-opacity":"","overlay-gradient":""},"mobile":{"background-color":"","background-image":"","background-repeat":"repeat","background-position":"center center","background-size":"auto","background-attachment":"scroll","background-type":"","background-media":"","overlay-type":"","overlay-color":"","overlay-opacity":"","overlay-gradient":""}},"ast-content-background-meta":{"desktop":{"background-color":"var(--ast-global-color-5)","background-image":"","background-repeat":"repeat","background-position":"center center","background-size":"auto","background-attachment":"scroll","background-type":"","background-media":"","overlay-type":"","overlay-color":"","overlay-opacity":"","overlay-gradient":""},"tablet":{"background-color":"var(--ast-global-color-5)","background-image":"","background-repeat":"repeat","background-position":"center center","background-size":"auto","background-attachment":"scroll","background-type":"","background-media":"","overlay-type":"","overlay-color":"","overlay-opacity":"","overlay-gradient":""},"mobile":{"background-color":"var(--ast-global-color-5)","background-image":"","background-repeat":"repeat","background-position":"center center","background-size":"auto","background-attachment":"scroll","background-type":"","background-media":"","overlay-type":"","overlay-color":"","overlay-opacity":"","overlay-gradient":""}},"footnotes":""},"categories":[165,1,29],"tags":[1083,471,166,178,417,179],"class_list":["post-10583","post","type-post","status-publish","format-standard","has-post-thumbnail","hentry","category-formacio","category-general","category-portada","tag-ciencies-socials","tag-educacio-secundaria","tag-formacio","tag-infantil","tag-jornades","tag-primaria"],"post_mailing_queue_ids":[],"_links":{"self":[{"href":"https:\/\/serveiseducatius.xtec.cat\/badalona\/wp-json\/wp\/v2\/posts\/10583","targetHints":{"allow":["GET"]}}],"collection":[{"href":"https:\/\/serveiseducatius.xtec.cat\/badalona\/wp-json\/wp\/v2\/posts"}],"about":[{"href":"https:\/\/serveiseducatius.xtec.cat\/badalona\/wp-json\/wp\/v2\/types\/post"}],"author":[{"embeddable":true,"href":"https:\/\/serveiseducatius.xtec.cat\/badalona\/wp-json\/wp\/v2\/users\/9"}],"replies":[{"embeddable":true,"href":"https:\/\/serveiseducatius.xtec.cat\/badalona\/wp-json\/wp\/v2\/comments?post=10583"}],"version-history":[{"count":2,"href":"https:\/\/serveiseducatius.xtec.cat\/badalona\/wp-json\/wp\/v2\/posts\/10583\/revisions"}],"predecessor-version":[{"id":10587,"href":"https:\/\/serveiseducatius.xtec.cat\/badalona\/wp-json\/wp\/v2\/posts\/10583\/revisions\/10587"}],"wp:featuredmedia":[{"embeddable":true,"href":"https:\/\/serveiseducatius.xtec.cat\/badalona\/wp-json\/wp\/v2\/media\/10586"}],"wp:attachment":[{"href":"https:\/\/serveiseducatius.xtec.cat\/badalona\/wp-json\/wp\/v2\/media?parent=10583"}],"wp:term":[{"taxonomy":"category","embeddable":true,"href":"https:\/\/serveiseducatius.xtec.cat\/badalona\/wp-json\/wp\/v2\/categories?post=10583"},{"taxonomy":"post_tag","embeddable":true,"href":"https:\/\/serveiseducatius.xtec.cat\/badalona\/wp-json\/wp\/v2\/tags?post=10583"}],"curies":[{"name":"wp","href":"https:\/\/api.w.org\/{rel}","templated":true}]}}