{"id":10542,"date":"2019-01-21T11:41:28","date_gmt":"2019-01-21T10:41:28","guid":{"rendered":"http:\/\/serveiseducatius.xtec.cat\/badalona\/?p=10542"},"modified":"2019-01-21T11:41:28","modified_gmt":"2019-01-21T10:41:28","slug":"cursos-telematics-sobre-prevencio-de-la-violencia-masclista-en-lambit-educatiu-del-departament-densenyament","status":"publish","type":"post","link":"https:\/\/serveiseducatius.xtec.cat\/badalona\/general\/cursos-telematics-sobre-prevencio-de-la-violencia-masclista-en-lambit-educatiu-del-departament-densenyament\/","title":{"rendered":"Cursos telem\u00e0tics sobre Prevenci\u00f3 de la viol\u00e8ncia masclista en l&#8217;\u00e0mbit educatiu del Departament d&#8217;Ensenyament"},"content":{"rendered":"<p><img loading=\"lazy\" decoding=\"async\" class=\"alignnone  wp-image-10544\" src=\"https:\/\/serveiseducatius.xtec.cat\/badalona\/wp-content\/uploads\/usu1088\/2019\/01\/llac.jpg\" alt=\"\" width=\"203\" height=\"203\" srcset=\"https:\/\/serveiseducatius.xtec.cat\/badalona\/wp-content\/uploads\/usu1088\/2019\/01\/llac.jpg 358w, https:\/\/serveiseducatius.xtec.cat\/badalona\/wp-content\/uploads\/usu1088\/2019\/01\/llac-150x150.jpg 150w, https:\/\/serveiseducatius.xtec.cat\/badalona\/wp-content\/uploads\/usu1088\/2019\/01\/llac-300x300.jpg 300w\" sizes=\"auto, (max-width: 203px) 100vw, 203px\" \/><img loading=\"lazy\" decoding=\"async\" class=\"alignnone  wp-image-10545\" src=\"https:\/\/serveiseducatius.xtec.cat\/badalona\/wp-content\/uploads\/usu1088\/2019\/01\/actualitat-553x553-oferta-formativa-2n-torn-18-19.jpg_1595044798.jpg\" alt=\"\" width=\"201\" height=\"201\" srcset=\"https:\/\/serveiseducatius.xtec.cat\/badalona\/wp-content\/uploads\/usu1088\/2019\/01\/actualitat-553x553-oferta-formativa-2n-torn-18-19.jpg_1595044798.jpg 538w, https:\/\/serveiseducatius.xtec.cat\/badalona\/wp-content\/uploads\/usu1088\/2019\/01\/actualitat-553x553-oferta-formativa-2n-torn-18-19.jpg_1595044798-150x150.jpg 150w, https:\/\/serveiseducatius.xtec.cat\/badalona\/wp-content\/uploads\/usu1088\/2019\/01\/actualitat-553x553-oferta-formativa-2n-torn-18-19.jpg_1595044798-300x300.jpg 300w\" sizes=\"auto, (max-width: 201px) 100vw, 201px\" \/>\u00a0<\/p>\n<p>Obertes inscripcions a dos cursos telem\u00e0tics de 20h del <a href=\"http:\/\/xtec.gencat.cat\/ca\/formacio\/formaciogeneralprofessorat\/escola_familia_entorn\/projecte-de-convivencia\/\" target=\"_blank\" rel=\"noopener\">Departament d&#8217; Ensenyament Sobre Prevenci\u00f3 de la Viol\u00e8ncia Masclista<\/a>. Aquesta formaci\u00f3 posa a l&#8217;abast del professorat orientacions i recursos per elaborar el projecte de conviv\u00e8ncia en el marc del Projecte educatiu de centre.Les <a href=\"http:\/\/xtec.gencat.cat\/ca\/formacio\/formaciogeneralprofessorat\/escola_familia_entorn\/projecte-de-convivencia\/\" target=\"_blank\" rel=\"noopener\">inscripcions<\/a> s\u00f3n fins el 4 de febrer. El curs es dur\u00e0 a terme del 4\/2 al 22\/3.<\/p>\n","protected":false},"excerpt":{"rendered":"<p>\u00a0 Obertes inscripcions a dos cursos telem\u00e0tics de 20h del Departament d&#8217; Ensenyament Sobre Prevenci\u00f3 de la Viol\u00e8ncia Masclista. Aquesta [&hellip;]<\/p>\n","protected":false},"author":15,"featured_media":10545,"comment_status":"closed","ping_status":"closed","sticky":false,"template":"","format":"standard","meta":{"_bbp_topic_count":0,"_bbp_reply_count":0,"_bbp_total_topic_count":0,"_bbp_total_reply_count":0,"_bbp_voice_count":0,"_bbp_anonymous_reply_count":0,"_bbp_topic_count_hidden":0,"_bbp_reply_count_hidden":0,"_bbp_forum_subforum_count":0,"site-sidebar-layout":"default","site-content-layout":"","ast-site-content-layout":"","site-content-style":"default","site-sidebar-style":"default","ast-global-header-display":"","ast-banner-title-visibility":"","ast-main-header-display":"","ast-hfb-above-header-display":"","ast-hfb-below-header-display":"","ast-hfb-mobile-header-display":"","site-post-title":"","ast-breadcrumbs-content":"","ast-featured-img":"","footer-sml-layout":"","theme-transparent-header-meta":"","adv-header-id-meta":"","stick-header-meta":"","header-above-stick-meta":"","header-main-stick-meta":"","header-below-stick-meta":"","astra-migrate-meta-layouts":"default","ast-page-background-enabled":"default","ast-page-background-meta":{"desktop":{"background-color":"var(--ast-global-color-4)","background-image":"","background-repeat":"repeat","background-position":"center center","background-size":"auto","background-attachment":"scroll","background-type":"","background-media":"","overlay-type":"","overlay-color":"","overlay-opacity":"","overlay-gradient":""},"tablet":{"background-color":"","background-image":"","background-repeat":"repeat","background-position":"center center","background-size":"auto","background-attachment":"scroll","background-type":"","background-media":"","overlay-type":"","overlay-color":"","overlay-opacity":"","overlay-gradient":""},"mobile":{"background-color":"","background-image":"","background-repeat":"repeat","background-position":"center center","background-size":"auto","background-attachment":"scroll","background-type":"","background-media":"","overlay-type":"","overlay-color":"","overlay-opacity":"","overlay-gradient":""}},"ast-content-background-meta":{"desktop":{"background-color":"var(--ast-global-color-5)","background-image":"","background-repeat":"repeat","background-position":"center center","background-size":"auto","background-attachment":"scroll","background-type":"","background-media":"","overlay-type":"","overlay-color":"","overlay-opacity":"","overlay-gradient":""},"tablet":{"background-color":"var(--ast-global-color-5)","background-image":"","background-repeat":"repeat","background-position":"center center","background-size":"auto","background-attachment":"scroll","background-type":"","background-media":"","overlay-type":"","overlay-color":"","overlay-opacity":"","overlay-gradient":""},"mobile":{"background-color":"var(--ast-global-color-5)","background-image":"","background-repeat":"repeat","background-position":"center center","background-size":"auto","background-attachment":"scroll","background-type":"","background-media":"","overlay-type":"","overlay-color":"","overlay-opacity":"","overlay-gradient":""}},"footnotes":""},"categories":[1,29],"tags":[436,401,471,779],"class_list":["post-10542","post","type-post","status-publish","format-standard","has-post-thumbnail","hentry","category-general","category-portada","tag-convivencia","tag-educacio-primaria","tag-educacio-secundaria","tag-prevencio"],"post_mailing_queue_ids":[],"_links":{"self":[{"href":"https:\/\/serveiseducatius.xtec.cat\/badalona\/wp-json\/wp\/v2\/posts\/10542","targetHints":{"allow":["GET"]}}],"collection":[{"href":"https:\/\/serveiseducatius.xtec.cat\/badalona\/wp-json\/wp\/v2\/posts"}],"about":[{"href":"https:\/\/serveiseducatius.xtec.cat\/badalona\/wp-json\/wp\/v2\/types\/post"}],"author":[{"embeddable":true,"href":"https:\/\/serveiseducatius.xtec.cat\/badalona\/wp-json\/wp\/v2\/users\/15"}],"replies":[{"embeddable":true,"href":"https:\/\/serveiseducatius.xtec.cat\/badalona\/wp-json\/wp\/v2\/comments?post=10542"}],"version-history":[{"count":3,"href":"https:\/\/serveiseducatius.xtec.cat\/badalona\/wp-json\/wp\/v2\/posts\/10542\/revisions"}],"predecessor-version":[{"id":10551,"href":"https:\/\/serveiseducatius.xtec.cat\/badalona\/wp-json\/wp\/v2\/posts\/10542\/revisions\/10551"}],"wp:featuredmedia":[{"embeddable":true,"href":"https:\/\/serveiseducatius.xtec.cat\/badalona\/wp-json\/wp\/v2\/media\/10545"}],"wp:attachment":[{"href":"https:\/\/serveiseducatius.xtec.cat\/badalona\/wp-json\/wp\/v2\/media?parent=10542"}],"wp:term":[{"taxonomy":"category","embeddable":true,"href":"https:\/\/serveiseducatius.xtec.cat\/badalona\/wp-json\/wp\/v2\/categories?post=10542"},{"taxonomy":"post_tag","embeddable":true,"href":"https:\/\/serveiseducatius.xtec.cat\/badalona\/wp-json\/wp\/v2\/tags?post=10542"}],"curies":[{"name":"wp","href":"https:\/\/api.w.org\/{rel}","templated":true}]}}