{"id":10536,"date":"2019-01-21T10:38:59","date_gmt":"2019-01-21T09:38:59","guid":{"rendered":"http:\/\/serveiseducatius.xtec.cat\/badalona\/?p=10536"},"modified":"2019-01-21T10:41:45","modified_gmt":"2019-01-21T09:41:45","slug":"exposicio-som-natura-al-museu-de-ciencies-naturals-de-barcelona-del-16-de-gener-al-10-de-novembre-de-2019","status":"publish","type":"post","link":"https:\/\/serveiseducatius.xtec.cat\/badalona\/general\/exposicio-som-natura-al-museu-de-ciencies-naturals-de-barcelona-del-16-de-gener-al-10-de-novembre-de-2019\/","title":{"rendered":"Exposici\u00f3 Som Natura al Museu de Ci\u00e8ncies Naturals de Barcelona del 16 de gener al 10 de novembre de 2019"},"content":{"rendered":"<p><img loading=\"lazy\" decoding=\"async\" class=\"wp-image-10537 alignleft\" src=\"https:\/\/serveiseducatius.xtec.cat\/badalona\/wp-content\/uploads\/usu1088\/2019\/01\/Som-natura-1024x471.png\" alt=\"\" width=\"459\" height=\"211\" srcset=\"https:\/\/serveiseducatius.xtec.cat\/badalona\/wp-content\/uploads\/usu1088\/2019\/01\/Som-natura-1024x471.png 1024w, https:\/\/serveiseducatius.xtec.cat\/badalona\/wp-content\/uploads\/usu1088\/2019\/01\/Som-natura-300x138.png 300w, https:\/\/serveiseducatius.xtec.cat\/badalona\/wp-content\/uploads\/usu1088\/2019\/01\/Som-natura-768x353.png 768w, https:\/\/serveiseducatius.xtec.cat\/badalona\/wp-content\/uploads\/usu1088\/2019\/01\/Som-natura.png 1220w\" sizes=\"auto, (max-width: 459px) 100vw, 459px\" \/><span style=\"font-family: inherit; font-size: 1em;\">Oberta l&#8217;exposici\u00f3 <\/span><a style=\"font-family: inherit; font-size: 1em;\" href=\"https:\/\/museuciencies.cat\/exposicio_temporal\/som-natura\/\" target=\"_blank\" rel=\"noopener\"><strong>Som Natura<\/strong><\/a><span style=\"font-family: inherit; font-size: 1em;\"> al<\/span><a style=\"font-family: inherit; font-size: 1em;\" href=\"https:\/\/museuciencies.cat\/\" target=\"_blank\" rel=\"noopener\"><strong> Museu de Ci\u00e8ncies Naturals de Barcelona<\/strong><\/a><span style=\"font-family: inherit; font-size: 1em;\"> del 16 de gener al 10 de novembre de 2019.<\/span><\/p>\n<p>L&#8217;exposici\u00f3<span style=\"font-family: inherit; font-size: 1em;\">\u00a0convida<\/span><span style=\"font-family: inherit; font-size: 1em;\">\u00a0a fer un recorregut en 7 \u00e0mbits amb l&#8217;objectiu que les persones surtin de l&#8217;exposici\u00f3 commogudes per la bellesa i la sensaci\u00f3 de benestar que ens aporta la natura. Descobreix qu\u00e8 \u00e9s i com funciona la biodiversitat i suma&#8217;t al moviment de persones que treballen per canviar el m\u00f3n i fer un planeta saludable on pugui viure tota la humanitat.<\/span><\/p>\n","protected":false},"excerpt":{"rendered":"<p>Oberta l&#8217;exposici\u00f3 Som Natura al Museu de Ci\u00e8ncies Naturals de Barcelona del 16 de gener al 10 de novembre de [&hellip;]<\/p>\n","protected":false},"author":15,"featured_media":10537,"comment_status":"closed","ping_status":"closed","sticky":false,"template":"","format":"standard","meta":{"_bbp_topic_count":0,"_bbp_reply_count":0,"_bbp_total_topic_count":0,"_bbp_total_reply_count":0,"_bbp_voice_count":0,"_bbp_anonymous_reply_count":0,"_bbp_topic_count_hidden":0,"_bbp_reply_count_hidden":0,"_bbp_forum_subforum_count":0,"site-sidebar-layout":"default","site-content-layout":"","ast-site-content-layout":"","site-content-style":"default","site-sidebar-style":"default","ast-global-header-display":"","ast-banner-title-visibility":"","ast-main-header-display":"","ast-hfb-above-header-display":"","ast-hfb-below-header-display":"","ast-hfb-mobile-header-display":"","site-post-title":"","ast-breadcrumbs-content":"","ast-featured-img":"","footer-sml-layout":"","theme-transparent-header-meta":"","adv-header-id-meta":"","stick-header-meta":"","header-above-stick-meta":"","header-main-stick-meta":"","header-below-stick-meta":"","astra-migrate-meta-layouts":"default","ast-page-background-enabled":"default","ast-page-background-meta":{"desktop":{"background-color":"var(--ast-global-color-4)","background-image":"","background-repeat":"repeat","background-position":"center center","background-size":"auto","background-attachment":"scroll","background-type":"","background-media":"","overlay-type":"","overlay-color":"","overlay-opacity":"","overlay-gradient":""},"tablet":{"background-color":"","background-image":"","background-repeat":"repeat","background-position":"center center","background-size":"auto","background-attachment":"scroll","background-type":"","background-media":"","overlay-type":"","overlay-color":"","overlay-opacity":"","overlay-gradient":""},"mobile":{"background-color":"","background-image":"","background-repeat":"repeat","background-position":"center center","background-size":"auto","background-attachment":"scroll","background-type":"","background-media":"","overlay-type":"","overlay-color":"","overlay-opacity":"","overlay-gradient":""}},"ast-content-background-meta":{"desktop":{"background-color":"var(--ast-global-color-5)","background-image":"","background-repeat":"repeat","background-position":"center center","background-size":"auto","background-attachment":"scroll","background-type":"","background-media":"","overlay-type":"","overlay-color":"","overlay-opacity":"","overlay-gradient":""},"tablet":{"background-color":"var(--ast-global-color-5)","background-image":"","background-repeat":"repeat","background-position":"center center","background-size":"auto","background-attachment":"scroll","background-type":"","background-media":"","overlay-type":"","overlay-color":"","overlay-opacity":"","overlay-gradient":""},"mobile":{"background-color":"var(--ast-global-color-5)","background-image":"","background-repeat":"repeat","background-position":"center center","background-size":"auto","background-attachment":"scroll","background-type":"","background-media":"","overlay-type":"","overlay-color":"","overlay-opacity":"","overlay-gradient":""}},"footnotes":""},"categories":[1,29],"tags":[],"class_list":["post-10536","post","type-post","status-publish","format-standard","has-post-thumbnail","hentry","category-general","category-portada"],"post_mailing_queue_ids":[],"_links":{"self":[{"href":"https:\/\/serveiseducatius.xtec.cat\/badalona\/wp-json\/wp\/v2\/posts\/10536","targetHints":{"allow":["GET"]}}],"collection":[{"href":"https:\/\/serveiseducatius.xtec.cat\/badalona\/wp-json\/wp\/v2\/posts"}],"about":[{"href":"https:\/\/serveiseducatius.xtec.cat\/badalona\/wp-json\/wp\/v2\/types\/post"}],"author":[{"embeddable":true,"href":"https:\/\/serveiseducatius.xtec.cat\/badalona\/wp-json\/wp\/v2\/users\/15"}],"replies":[{"embeddable":true,"href":"https:\/\/serveiseducatius.xtec.cat\/badalona\/wp-json\/wp\/v2\/comments?post=10536"}],"version-history":[{"count":3,"href":"https:\/\/serveiseducatius.xtec.cat\/badalona\/wp-json\/wp\/v2\/posts\/10536\/revisions"}],"predecessor-version":[{"id":10541,"href":"https:\/\/serveiseducatius.xtec.cat\/badalona\/wp-json\/wp\/v2\/posts\/10536\/revisions\/10541"}],"wp:featuredmedia":[{"embeddable":true,"href":"https:\/\/serveiseducatius.xtec.cat\/badalona\/wp-json\/wp\/v2\/media\/10537"}],"wp:attachment":[{"href":"https:\/\/serveiseducatius.xtec.cat\/badalona\/wp-json\/wp\/v2\/media?parent=10536"}],"wp:term":[{"taxonomy":"category","embeddable":true,"href":"https:\/\/serveiseducatius.xtec.cat\/badalona\/wp-json\/wp\/v2\/categories?post=10536"},{"taxonomy":"post_tag","embeddable":true,"href":"https:\/\/serveiseducatius.xtec.cat\/badalona\/wp-json\/wp\/v2\/tags?post=10536"}],"curies":[{"name":"wp","href":"https:\/\/api.w.org\/{rel}","templated":true}]}}