{"id":10478,"date":"2019-01-14T09:30:28","date_gmt":"2019-01-14T08:30:28","guid":{"rendered":"http:\/\/serveiseducatius.xtec.cat\/badalona\/?p=10478"},"modified":"2019-01-17T17:36:50","modified_gmt":"2019-01-17T16:36:50","slug":"seminari-de-lice-de-la-uab-documentar-explicar-nos-difondre","status":"publish","type":"post","link":"https:\/\/serveiseducatius.xtec.cat\/badalona\/portada\/seminari-de-lice-de-la-uab-documentar-explicar-nos-difondre\/","title":{"rendered":"Seminari de l&#8217;ICE de la UAB: Documentar, explicar-nos, difondre&#8230;"},"content":{"rendered":"<p><span style=\"font-family: verdana, geneva, sans-serif; font-size: 10pt;\"><img loading=\"lazy\" decoding=\"async\" class=\"size-large alignleft\" src=\"http:\/\/www.uab.cat\/Imatge\/335\/984\/NotTrobMiradesmestresgran.jpg\" width=\"480\" height=\"270\" \/>En el context del Programa Innovar per a a aprendre, l&#8217;ICE de la Universitat Aut\u00f2noma de Barcelona (UAB) ha programat el\u00a0<strong>Seminari de reflexi\u00f3 pedag\u00f2gica: Mirades de mestres.<\/strong><\/span><\/p>\n<p><span style=\"font-family: verdana, geneva, sans-serif; font-size: 10pt;\">Aquest seminari es proposa promoure la reflexi\u00f3 sobre la pr\u00e0ctica educativa i utilitzar el llenguatge audiovisual per tal d\u2019explicar i documentar experi\u00e8ncies d&#8217;aula o de centre que es vulguin compartir amb la comunitat docent.\u00a0<\/span><span style=\"font-family: verdana, geneva, sans-serif; font-size: 10pt;\">S\u2019adre\u00e7a a tots els nivells educatius: infantil, prim\u00e0ria i secund\u00e0ria.<\/span><\/p>\n<p style=\"text-align: center;\"><span style=\"color: #ff0000;\"><a style=\"color: #ff0000;\" href=\"https:\/\/www.uab.cat\/web\/innovacio\/innovar-per-aprendre\/seminari-de-reflexio-pedagogica-mirades-de-mestres-1345778474888.html\" target=\"_blank\" rel=\"noopener\"><strong><span style=\"font-family: verdana, geneva, sans-serif;\">TOTA LA INFORMACI\u00d3 I INSCRIPCIONS<\/span><\/strong><\/a><\/span><!--more--><\/p>\n<p style=\"text-align: center;\"><span style=\"font-family: verdana, geneva, sans-serif; font-size: 10pt;\">Val la pena mirar els v\u00eddeos de refer\u00e8ncia al web del programa <strong><span style=\"color: #ff0000;\"><a style=\"color: #ff0000;\" href=\"http:\/\/ice2.uab.cat\/innovarperaprendre\/\" target=\"_blank\" rel=\"noopener\">MIRADES DE MESTRES<\/a><\/span><\/strong><\/span><\/p>\n","protected":false},"excerpt":{"rendered":"<p>En el context del Programa Innovar per a a aprendre, l&#8217;ICE de la Universitat Aut\u00f2noma de Barcelona (UAB) ha programat [&hellip;]<\/p>\n","protected":false},"author":9,"featured_media":10480,"comment_status":"closed","ping_status":"closed","sticky":false,"template":"","format":"standard","meta":{"_bbp_topic_count":0,"_bbp_reply_count":0,"_bbp_total_topic_count":0,"_bbp_total_reply_count":0,"_bbp_voice_count":0,"_bbp_anonymous_reply_count":0,"_bbp_topic_count_hidden":0,"_bbp_reply_count_hidden":0,"_bbp_forum_subforum_count":0,"site-sidebar-layout":"default","site-content-layout":"","ast-site-content-layout":"","site-content-style":"default","site-sidebar-style":"default","ast-global-header-display":"","ast-banner-title-visibility":"","ast-main-header-display":"","ast-hfb-above-header-display":"","ast-hfb-below-header-display":"","ast-hfb-mobile-header-display":"","site-post-title":"","ast-breadcrumbs-content":"","ast-featured-img":"","footer-sml-layout":"","theme-transparent-header-meta":"","adv-header-id-meta":"","stick-header-meta":"","header-above-stick-meta":"","header-main-stick-meta":"","header-below-stick-meta":"","astra-migrate-meta-layouts":"default","ast-page-background-enabled":"default","ast-page-background-meta":{"desktop":{"background-color":"var(--ast-global-color-4)","background-image":"","background-repeat":"repeat","background-position":"center center","background-size":"auto","background-attachment":"scroll","background-type":"","background-media":"","overlay-type":"","overlay-color":"","overlay-opacity":"","overlay-gradient":""},"tablet":{"background-color":"","background-image":"","background-repeat":"repeat","background-position":"center center","background-size":"auto","background-attachment":"scroll","background-type":"","background-media":"","overlay-type":"","overlay-color":"","overlay-opacity":"","overlay-gradient":""},"mobile":{"background-color":"","background-image":"","background-repeat":"repeat","background-position":"center center","background-size":"auto","background-attachment":"scroll","background-type":"","background-media":"","overlay-type":"","overlay-color":"","overlay-opacity":"","overlay-gradient":""}},"ast-content-background-meta":{"desktop":{"background-color":"var(--ast-global-color-5)","background-image":"","background-repeat":"repeat","background-position":"center center","background-size":"auto","background-attachment":"scroll","background-type":"","background-media":"","overlay-type":"","overlay-color":"","overlay-opacity":"","overlay-gradient":""},"tablet":{"background-color":"var(--ast-global-color-5)","background-image":"","background-repeat":"repeat","background-position":"center center","background-size":"auto","background-attachment":"scroll","background-type":"","background-media":"","overlay-type":"","overlay-color":"","overlay-opacity":"","overlay-gradient":""},"mobile":{"background-color":"var(--ast-global-color-5)","background-image":"","background-repeat":"repeat","background-position":"center center","background-size":"auto","background-attachment":"scroll","background-type":"","background-media":"","overlay-type":"","overlay-color":"","overlay-opacity":"","overlay-gradient":""}},"footnotes":""},"categories":[419,165,1003,29],"tags":[1074,753,1075],"class_list":["post-10478","post","type-post","status-publish","format-standard","has-post-thumbnail","hentry","category-curriculum","category-formacio","category-innovacio","category-portada","tag-documentar","tag-ice-uab","tag-seminari-de-centres"],"post_mailing_queue_ids":[],"_links":{"self":[{"href":"https:\/\/serveiseducatius.xtec.cat\/badalona\/wp-json\/wp\/v2\/posts\/10478","targetHints":{"allow":["GET"]}}],"collection":[{"href":"https:\/\/serveiseducatius.xtec.cat\/badalona\/wp-json\/wp\/v2\/posts"}],"about":[{"href":"https:\/\/serveiseducatius.xtec.cat\/badalona\/wp-json\/wp\/v2\/types\/post"}],"author":[{"embeddable":true,"href":"https:\/\/serveiseducatius.xtec.cat\/badalona\/wp-json\/wp\/v2\/users\/9"}],"replies":[{"embeddable":true,"href":"https:\/\/serveiseducatius.xtec.cat\/badalona\/wp-json\/wp\/v2\/comments?post=10478"}],"version-history":[{"count":2,"href":"https:\/\/serveiseducatius.xtec.cat\/badalona\/wp-json\/wp\/v2\/posts\/10478\/revisions"}],"predecessor-version":[{"id":10531,"href":"https:\/\/serveiseducatius.xtec.cat\/badalona\/wp-json\/wp\/v2\/posts\/10478\/revisions\/10531"}],"wp:featuredmedia":[{"embeddable":true,"href":"https:\/\/serveiseducatius.xtec.cat\/badalona\/wp-json\/wp\/v2\/media\/10480"}],"wp:attachment":[{"href":"https:\/\/serveiseducatius.xtec.cat\/badalona\/wp-json\/wp\/v2\/media?parent=10478"}],"wp:term":[{"taxonomy":"category","embeddable":true,"href":"https:\/\/serveiseducatius.xtec.cat\/badalona\/wp-json\/wp\/v2\/categories?post=10478"},{"taxonomy":"post_tag","embeddable":true,"href":"https:\/\/serveiseducatius.xtec.cat\/badalona\/wp-json\/wp\/v2\/tags?post=10478"}],"curies":[{"name":"wp","href":"https:\/\/api.w.org\/{rel}","templated":true}]}}