{"id":10462,"date":"2019-01-14T09:00:46","date_gmt":"2019-01-14T08:00:46","guid":{"rendered":"http:\/\/serveiseducatius.xtec.cat\/badalona\/?p=10462"},"modified":"2019-01-14T09:32:20","modified_gmt":"2019-01-14T08:32:20","slug":"campanya-de-visites-escolars-al-veler-astral-open-arms-al-port-de-badalona-del-21-al-27-de-gener","status":"publish","type":"post","link":"https:\/\/serveiseducatius.xtec.cat\/badalona\/portada\/campanya-de-visites-escolars-al-veler-astral-open-arms-al-port-de-badalona-del-21-al-27-de-gener\/","title":{"rendered":"Campanya de visites escolars al veler Astral (Open Arms) al Port de Badalona del 21 al 27 de gener"},"content":{"rendered":"<p>\n <img loading=\"lazy\" decoding=\"async\" class=\"alignleft  wp-image-10463\" src=\"https:\/\/serveiseducatius.xtec.cat\/badalona\/wp-content\/uploads\/usu1088\/2019\/01\/cartell-open-arms-300x214.jpg\" alt=\"\" width=\"448\" height=\"320\" srcset=\"https:\/\/serveiseducatius.xtec.cat\/badalona\/wp-content\/uploads\/usu1088\/2019\/01\/cartell-open-arms-300x214.jpg 300w, https:\/\/serveiseducatius.xtec.cat\/badalona\/wp-content\/uploads\/usu1088\/2019\/01\/cartell-open-arms-768x547.jpg 768w, https:\/\/serveiseducatius.xtec.cat\/badalona\/wp-content\/uploads\/usu1088\/2019\/01\/cartell-open-arms.jpg 888w\" sizes=\"auto, (max-width: 448px) 100vw, 448px\" \/><span style=\"font-family: verdana, geneva, sans-serif; font-size: 10pt;\"><strong>La setmana del 21 al 27 de gener es podr\u00e0 visitar al Port de Badalona el veler\u00a0 Astral de l&#8217;ONG <a href=\"https:\/\/www.openarms.es\/ca\" target=\"_blank\" rel=\"noopener\">OPEN ARMS.<\/a><\/strong><\/span><\/p>\n<p style=\"font-weight: 400;\"><strong><span style=\"font-family: verdana, geneva, sans-serif; font-size: 10pt;\">De dilluns a divendres, del 21 al 25, \u00a0hi ha reserva hor\u00e0ria per a grups escolars de 10 a 13 \u00a0i de 16 a 17.30h (en tres franges diferenciades, de 10 a 11,30 i d\u201911,30 a 13 i de 16 a 17.30h).<\/span><\/strong><\/p>\n<p style=\"font-weight: 400;\"><span style=\"font-family: verdana, geneva, sans-serif; font-size: 10pt;\">L\u2019acc\u00e9s al port es pot fer caminant, en bicicleta, o a trav\u00e9s del transport p\u00fablic (hi ha una l\u00ednia d\u2019autob\u00fas, la BD7 amb dues parades al recinte portuari)<\/span><\/p>\n<p style=\"font-weight: 400;\"><span style=\"font-family: verdana, geneva, sans-serif; font-size: 10pt;\">A partir de les 18h, l\u2019acc\u00e9s \u00e9s lliure o es pot reservar per a grups de casals o entitats.<\/span><\/p>\n<p style=\"font-weight: 400;\"><span style=\"font-family: verdana, geneva, sans-serif; font-size: 10pt;\">El cap de setmana, dissabte 26 i diumenge 27 de gener, l\u2019horari \u00e9s de 10 a 13 i de 16 a 20h, i el plantejament \u00e9s similar: o reserva per a grups organitzats o via lliure.<\/span><\/p>\n<p style=\"font-weight: 400;\"><span style=\"font-family: verdana, geneva, sans-serif; font-size: 10pt;\">Les reserves adreceu-les \u00a0a\u00a0<strong><a href=\"mailto:comunicacion@proactivaopenarms.org\">comunicacion@proactivaopenarms.org<\/a><\/strong><\/span><\/p>\n","protected":false},"excerpt":{"rendered":"<p>La setmana del 21 al 27 de gener es podr\u00e0 visitar al Port de Badalona el veler\u00a0 Astral de l&#8217;ONG [&hellip;]<\/p>\n","protected":false},"author":9,"featured_media":10465,"comment_status":"closed","ping_status":"closed","sticky":false,"template":"","format":"standard","meta":{"_bbp_topic_count":0,"_bbp_reply_count":0,"_bbp_total_topic_count":0,"_bbp_total_reply_count":0,"_bbp_voice_count":0,"_bbp_anonymous_reply_count":0,"_bbp_topic_count_hidden":0,"_bbp_reply_count_hidden":0,"_bbp_forum_subforum_count":0,"site-sidebar-layout":"default","site-content-layout":"","ast-site-content-layout":"","site-content-style":"default","site-sidebar-style":"default","ast-global-header-display":"","ast-banner-title-visibility":"","ast-main-header-display":"","ast-hfb-above-header-display":"","ast-hfb-below-header-display":"","ast-hfb-mobile-header-display":"","site-post-title":"","ast-breadcrumbs-content":"","ast-featured-img":"","footer-sml-layout":"","theme-transparent-header-meta":"","adv-header-id-meta":"","stick-header-meta":"","header-above-stick-meta":"","header-main-stick-meta":"","header-below-stick-meta":"","astra-migrate-meta-layouts":"default","ast-page-background-enabled":"default","ast-page-background-meta":{"desktop":{"background-color":"var(--ast-global-color-4)","background-image":"","background-repeat":"repeat","background-position":"center center","background-size":"auto","background-attachment":"scroll","background-type":"","background-media":"","overlay-type":"","overlay-color":"","overlay-opacity":"","overlay-gradient":""},"tablet":{"background-color":"","background-image":"","background-repeat":"repeat","background-position":"center center","background-size":"auto","background-attachment":"scroll","background-type":"","background-media":"","overlay-type":"","overlay-color":"","overlay-opacity":"","overlay-gradient":""},"mobile":{"background-color":"","background-image":"","background-repeat":"repeat","background-position":"center center","background-size":"auto","background-attachment":"scroll","background-type":"","background-media":"","overlay-type":"","overlay-color":"","overlay-opacity":"","overlay-gradient":""}},"ast-content-background-meta":{"desktop":{"background-color":"var(--ast-global-color-5)","background-image":"","background-repeat":"repeat","background-position":"center center","background-size":"auto","background-attachment":"scroll","background-type":"","background-media":"","overlay-type":"","overlay-color":"","overlay-opacity":"","overlay-gradient":""},"tablet":{"background-color":"var(--ast-global-color-5)","background-image":"","background-repeat":"repeat","background-position":"center center","background-size":"auto","background-attachment":"scroll","background-type":"","background-media":"","overlay-type":"","overlay-color":"","overlay-opacity":"","overlay-gradient":""},"mobile":{"background-color":"var(--ast-global-color-5)","background-image":"","background-repeat":"repeat","background-position":"center center","background-size":"auto","background-attachment":"scroll","background-type":"","background-media":"","overlay-type":"","overlay-color":"","overlay-opacity":"","overlay-gradient":""}},"footnotes":""},"categories":[29],"tags":[990,653,800,1072,837,740,508],"class_list":["post-10462","post","type-post","status-publish","format-standard","has-post-thumbnail","hentry","category-portada","tag-educacio-pel-desenvolupament","tag-educacio-per-la-pau","tag-ong","tag-open-arms","tag-port-de-badalona","tag-refugi-i-acollida","tag-refugiats"],"post_mailing_queue_ids":[],"_links":{"self":[{"href":"https:\/\/serveiseducatius.xtec.cat\/badalona\/wp-json\/wp\/v2\/posts\/10462","targetHints":{"allow":["GET"]}}],"collection":[{"href":"https:\/\/serveiseducatius.xtec.cat\/badalona\/wp-json\/wp\/v2\/posts"}],"about":[{"href":"https:\/\/serveiseducatius.xtec.cat\/badalona\/wp-json\/wp\/v2\/types\/post"}],"author":[{"embeddable":true,"href":"https:\/\/serveiseducatius.xtec.cat\/badalona\/wp-json\/wp\/v2\/users\/9"}],"replies":[{"embeddable":true,"href":"https:\/\/serveiseducatius.xtec.cat\/badalona\/wp-json\/wp\/v2\/comments?post=10462"}],"version-history":[{"count":2,"href":"https:\/\/serveiseducatius.xtec.cat\/badalona\/wp-json\/wp\/v2\/posts\/10462\/revisions"}],"predecessor-version":[{"id":10466,"href":"https:\/\/serveiseducatius.xtec.cat\/badalona\/wp-json\/wp\/v2\/posts\/10462\/revisions\/10466"}],"wp:featuredmedia":[{"embeddable":true,"href":"https:\/\/serveiseducatius.xtec.cat\/badalona\/wp-json\/wp\/v2\/media\/10465"}],"wp:attachment":[{"href":"https:\/\/serveiseducatius.xtec.cat\/badalona\/wp-json\/wp\/v2\/media?parent=10462"}],"wp:term":[{"taxonomy":"category","embeddable":true,"href":"https:\/\/serveiseducatius.xtec.cat\/badalona\/wp-json\/wp\/v2\/categories?post=10462"},{"taxonomy":"post_tag","embeddable":true,"href":"https:\/\/serveiseducatius.xtec.cat\/badalona\/wp-json\/wp\/v2\/tags?post=10462"}],"curies":[{"name":"wp","href":"https:\/\/api.w.org\/{rel}","templated":true}]}}