{"id":10459,"date":"2019-01-14T08:44:08","date_gmt":"2019-01-14T07:44:08","guid":{"rendered":"http:\/\/serveiseducatius.xtec.cat\/badalona\/?p=10459"},"modified":"2019-01-17T17:02:30","modified_gmt":"2019-01-17T16:02:30","slug":"propera-jornada-per-a-la-comunitat-educativa-de-lescola-publica-fampas-badalona-construim-futur","status":"publish","type":"post","link":"https:\/\/serveiseducatius.xtec.cat\/badalona\/portada\/propera-jornada-per-a-la-comunitat-educativa-de-lescola-publica-fampas-badalona-construim-futur\/","title":{"rendered":"Propera jornada per a la comunitat educativa de l&#8217;escola p\u00fablica: FAMPAS Badalona &#8211; Constru\u00efm futur"},"content":{"rendered":"<h2><img loading=\"lazy\" decoding=\"async\" class=\"alignnone  wp-image-10460\" src=\"https:\/\/serveiseducatius.xtec.cat\/badalona\/wp-content\/uploads\/usu1088\/2019\/01\/Cartell-19-01-2019-Construi\u0308m-Futur-724x1024.jpg\" alt=\"\" width=\"423\" height=\"598\" srcset=\"https:\/\/serveiseducatius.xtec.cat\/badalona\/wp-content\/uploads\/usu1088\/2019\/01\/Cartell-19-01-2019-Construi\u0308m-Futur-724x1024.jpg 724w, https:\/\/serveiseducatius.xtec.cat\/badalona\/wp-content\/uploads\/usu1088\/2019\/01\/Cartell-19-01-2019-Construi\u0308m-Futur-212x300.jpg 212w, https:\/\/serveiseducatius.xtec.cat\/badalona\/wp-content\/uploads\/usu1088\/2019\/01\/Cartell-19-01-2019-Construi\u0308m-Futur-768x1086.jpg 768w\" sizes=\"auto, (max-width: 423px) 100vw, 423px\" \/><\/h2>\n<h2>Reflexionem sobre l\u2019escolaritzaci\u00f3 a Badalona | Di\u00e0nostic i Propostes<\/h2>\n<p>\u00a0<img loading=\"lazy\" decoding=\"async\" class=\"\" src=\"https:\/\/mail.google.com\/mail\/e\/1f4c5\" alt=\"\u00f0\u009f\u0093\u0085\" width=\"24\" height=\"24\" \/><strong><span class=\"last\">19 de gener | 10h a 14h<\/span><\/strong><br \/>\n ?\u00a0Escola Llibertat , av. Puigfred, 13<br \/>\n <span class=\"last\">| Servei de canguratge gratu\u00eft |<\/span><\/p>\n<h2><a class=\"last\" href=\"https:\/\/drive.google.com\/file\/d\/1CUbGNWCgYJhm-te5MzL5rVFY2G_7MA1q\/view?usp=sharing\"><span class=\"last\">[cartell]<\/span><\/a><\/h2>\n<h3>PROGRAMA<\/h3>\n<h3>An\u00e0lisi de les dades d\u2019escolaritzaci\u00f3 a Badalona<\/h3>\n<p><strong><span class=\"last\">Per qu\u00e8 l\u2019escola no aconsegueix revertir les desigualtats?\u00a0<\/span><\/strong>a c\u00e0rrec de Sheila Gonz\u00e1lez,\u00a0\u00a0<span class=\"last\">Doctora en Pol\u00edtiques P\u00fabliques i Transformaci\u00f3 Social per la UAB. i investigadora al Departament de Sociologia de la UAB.<\/span><\/p>\n<p><span class=\"last\"><strong class=\"last\">Respostes a la manca de planificaci\u00f3<\/strong><\/span> a c\u00e0rrec de Carles Medrano membre de la Coordinadora d\u2019AMPA de Gr\u00e0cias i impulsor de la Taula de mapa escolar de l\u2019Eixample.<\/p>\n<h3>Projecci\u00f3 9Veus \u2013 Sentim la P\u00fablica | FAMPAS Badalona i la FaPaC<\/h3>\n<h3>Prensentaci\u00f3 del Projecte Migracions | Institut Barres i Ones<\/h3>\n<h3>Taules de Treball per zones educatives de Prim\u00e0ria i d\u2019ESO<\/h3>\n<p>Organitzen: FAMPAS Badalona i la FaPaC\u00a0 \u00a0| Col\u00b7labora: L\u2019independent de Badalona<\/p>\n<h2 class=\"m_-2224809226314650366null\"><span style=\"font-size: 12pt;\"><a href=\"http:\/\/www.fampasbadalona.org\/fampas\/web\/construim-futur-19-de-gener\/\" target=\"_blank\" rel=\"noopener\">Formulari d\u2019inscripci\u00f3<\/a><\/span><\/h2>\n","protected":false},"excerpt":{"rendered":"<p>Reflexionem sobre l\u2019escolaritzaci\u00f3 a Badalona | Di\u00e0nostic i Propostes \u00a019 de gener | 10h a 14h ?\u00a0Escola Llibertat , av. [&hellip;]<\/p>\n","protected":false},"author":1,"featured_media":10460,"comment_status":"closed","ping_status":"closed","sticky":false,"template":"","format":"standard","meta":{"_bbp_topic_count":0,"_bbp_reply_count":0,"_bbp_total_topic_count":0,"_bbp_total_reply_count":0,"_bbp_voice_count":0,"_bbp_anonymous_reply_count":0,"_bbp_topic_count_hidden":0,"_bbp_reply_count_hidden":0,"_bbp_forum_subforum_count":0,"site-sidebar-layout":"default","site-content-layout":"","ast-site-content-layout":"","site-content-style":"default","site-sidebar-style":"default","ast-global-header-display":"","ast-banner-title-visibility":"","ast-main-header-display":"","ast-hfb-above-header-display":"","ast-hfb-below-header-display":"","ast-hfb-mobile-header-display":"","site-post-title":"","ast-breadcrumbs-content":"","ast-featured-img":"","footer-sml-layout":"","theme-transparent-header-meta":"","adv-header-id-meta":"","stick-header-meta":"","header-above-stick-meta":"","header-main-stick-meta":"","header-below-stick-meta":"","astra-migrate-meta-layouts":"default","ast-page-background-enabled":"default","ast-page-background-meta":{"desktop":{"background-color":"var(--ast-global-color-4)","background-image":"","background-repeat":"repeat","background-position":"center center","background-size":"auto","background-attachment":"scroll","background-type":"","background-media":"","overlay-type":"","overlay-color":"","overlay-opacity":"","overlay-gradient":""},"tablet":{"background-color":"","background-image":"","background-repeat":"repeat","background-position":"center center","background-size":"auto","background-attachment":"scroll","background-type":"","background-media":"","overlay-type":"","overlay-color":"","overlay-opacity":"","overlay-gradient":""},"mobile":{"background-color":"","background-image":"","background-repeat":"repeat","background-position":"center center","background-size":"auto","background-attachment":"scroll","background-type":"","background-media":"","overlay-type":"","overlay-color":"","overlay-opacity":"","overlay-gradient":""}},"ast-content-background-meta":{"desktop":{"background-color":"var(--ast-global-color-5)","background-image":"","background-repeat":"repeat","background-position":"center center","background-size":"auto","background-attachment":"scroll","background-type":"","background-media":"","overlay-type":"","overlay-color":"","overlay-opacity":"","overlay-gradient":""},"tablet":{"background-color":"var(--ast-global-color-5)","background-image":"","background-repeat":"repeat","background-position":"center center","background-size":"auto","background-attachment":"scroll","background-type":"","background-media":"","overlay-type":"","overlay-color":"","overlay-opacity":"","overlay-gradient":""},"mobile":{"background-color":"var(--ast-global-color-5)","background-image":"","background-repeat":"repeat","background-position":"center center","background-size":"auto","background-attachment":"scroll","background-type":"","background-media":"","overlay-type":"","overlay-color":"","overlay-opacity":"","overlay-gradient":""}},"footnotes":""},"categories":[64,872,29],"tags":[626],"class_list":["post-10459","post","type-post","status-publish","format-standard","has-post-thumbnail","hentry","category-comunitat","category-missatgeria","category-portada","tag-fampas"],"post_mailing_queue_ids":[],"_links":{"self":[{"href":"https:\/\/serveiseducatius.xtec.cat\/badalona\/wp-json\/wp\/v2\/posts\/10459","targetHints":{"allow":["GET"]}}],"collection":[{"href":"https:\/\/serveiseducatius.xtec.cat\/badalona\/wp-json\/wp\/v2\/posts"}],"about":[{"href":"https:\/\/serveiseducatius.xtec.cat\/badalona\/wp-json\/wp\/v2\/types\/post"}],"author":[{"embeddable":true,"href":"https:\/\/serveiseducatius.xtec.cat\/badalona\/wp-json\/wp\/v2\/users\/1"}],"replies":[{"embeddable":true,"href":"https:\/\/serveiseducatius.xtec.cat\/badalona\/wp-json\/wp\/v2\/comments?post=10459"}],"version-history":[{"count":4,"href":"https:\/\/serveiseducatius.xtec.cat\/badalona\/wp-json\/wp\/v2\/posts\/10459\/revisions"}],"predecessor-version":[{"id":10530,"href":"https:\/\/serveiseducatius.xtec.cat\/badalona\/wp-json\/wp\/v2\/posts\/10459\/revisions\/10530"}],"wp:featuredmedia":[{"embeddable":true,"href":"https:\/\/serveiseducatius.xtec.cat\/badalona\/wp-json\/wp\/v2\/media\/10460"}],"wp:attachment":[{"href":"https:\/\/serveiseducatius.xtec.cat\/badalona\/wp-json\/wp\/v2\/media?parent=10459"}],"wp:term":[{"taxonomy":"category","embeddable":true,"href":"https:\/\/serveiseducatius.xtec.cat\/badalona\/wp-json\/wp\/v2\/categories?post=10459"},{"taxonomy":"post_tag","embeddable":true,"href":"https:\/\/serveiseducatius.xtec.cat\/badalona\/wp-json\/wp\/v2\/tags?post=10459"}],"curies":[{"name":"wp","href":"https:\/\/api.w.org\/{rel}","templated":true}]}}