{"id":10289,"date":"2018-12-03T14:41:40","date_gmt":"2018-12-03T13:41:40","guid":{"rendered":"http:\/\/serveiseducatius.xtec.cat\/badalona\/?p=10289"},"modified":"2018-12-03T14:41:40","modified_gmt":"2018-12-03T13:41:40","slug":"reunio-informativa-sobre-mapping-forjadors-de-la-festa-a-la-facana-2","status":"publish","type":"post","link":"https:\/\/serveiseducatius.xtec.cat\/badalona\/missatgeria\/reunio-informativa-sobre-mapping-forjadors-de-la-festa-a-la-facana-2\/","title":{"rendered":"Reuni\u00f3 informativa sobre Mapping Forjadors de la Festa a la Fa\u00e7ana."},"content":{"rendered":"<div>\n<p>Benvolguts, benvolgudes<\/p>\n<p>Ens dirigim a vosaltres per informar-vos que des de l&#8217;\u00c0rea de Cultura de l&#8217;Ajuntament de Badalona s&#8217;ha obert la inscripci\u00f3 per a la 2a edici\u00f3 del mapping amb Scratch sobre cultura popular Forjadors de la Festa a la Fa\u00e7ana.\u00a0<\/p>\n<p>Com ja deveu saber, paral.lelament aquest any s&#8217;est\u00e0 realitzant el taller obert &#8220;Mapping amb Scratch&#8221; al CRP, on diversos mestres i professors de la zona, tant de prim\u00e0ria com de secund\u00e0ria, interessats en participar-hi, s&#8217;estan formant per a poder-ho dur a terme amb els seus alumnes. Aquells centres que hi participin podran veure les animacions que hagin fet els alumnes projectades a la fa\u00e7ana de l&#8217;Ajuntament.<\/p>\n<p>Per tal de poder-vos donar tota la informaci\u00f3 sobre el projecte, els t\u00e8cnics de l&#8217;Ajuntament de Badalona responsables de l&#8217;activitat vindran a donar-nos a con\u00e8ixer m\u00e9s a fons l&#8217;activitat, i per tant es convoca a qui hi pugui estar interessat el proper<\/p>\n<p><span style=\"color: #0000ff;\"><strong>DIMECRES 19 de desembre, a les 17.30h, al CRP de Badalona.<\/strong><\/span><\/p>\n<p>Si us plau, us preguem que confirmeu l&#8217;assist\u00e8ncia.<\/p>\n<p>Per acabar, us passem alguns enlla\u00e7os d&#8217;inter\u00e8s:<\/p>\n<p><a href=\"https:\/\/goo.gl\/otYKw7\" target=\"_blank\" rel=\"noopener\">INSCRIPCI\u00d3 AL PROJECTE<\/a><br \/>\n <a href=\"https:\/\/goo.gl\/q6PJna\" target=\"_blank\" rel=\"noopener\">BASES DE PARTICIPACI\u00d3<\/a><br \/>\n <a href=\"https:\/\/goo.gl\/Hbsr8s\" target=\"_blank\" rel=\"noopener\">TALLER\u00a0MAPPING\u00a0AMB\u00a0SCRATCH\u00a0AL CRP<\/a><\/p>\n<p>Salutacions,<\/p>\n<p>Equip del CRP de Badalona<\/p>\n<\/div>\n<div>\n<div>\u00a0<\/div>\n<div>\u00a0<\/div>\n<div>\u00a0<\/div>\n<\/div>\n","protected":false},"excerpt":{"rendered":"<p>Benvolguts, benvolgudes Ens dirigim a vosaltres per informar-vos que des de l&#8217;\u00c0rea de Cultura de l&#8217;Ajuntament de Badalona s&#8217;ha obert [&hellip;]<\/p>\n","protected":false},"author":1,"featured_media":0,"comment_status":"closed","ping_status":"closed","sticky":false,"template":"","format":"standard","meta":{"_bbp_topic_count":0,"_bbp_reply_count":0,"_bbp_total_topic_count":0,"_bbp_total_reply_count":0,"_bbp_voice_count":0,"_bbp_anonymous_reply_count":0,"_bbp_topic_count_hidden":0,"_bbp_reply_count_hidden":0,"_bbp_forum_subforum_count":0,"site-sidebar-layout":"default","site-content-layout":"","ast-site-content-layout":"","site-content-style":"default","site-sidebar-style":"default","ast-global-header-display":"","ast-banner-title-visibility":"","ast-main-header-display":"","ast-hfb-above-header-display":"","ast-hfb-below-header-display":"","ast-hfb-mobile-header-display":"","site-post-title":"","ast-breadcrumbs-content":"","ast-featured-img":"","footer-sml-layout":"","theme-transparent-header-meta":"","adv-header-id-meta":"","stick-header-meta":"","header-above-stick-meta":"","header-main-stick-meta":"","header-below-stick-meta":"","astra-migrate-meta-layouts":"default","ast-page-background-enabled":"default","ast-page-background-meta":{"desktop":{"background-color":"var(--ast-global-color-4)","background-image":"","background-repeat":"repeat","background-position":"center center","background-size":"auto","background-attachment":"scroll","background-type":"","background-media":"","overlay-type":"","overlay-color":"","overlay-opacity":"","overlay-gradient":""},"tablet":{"background-color":"","background-image":"","background-repeat":"repeat","background-position":"center center","background-size":"auto","background-attachment":"scroll","background-type":"","background-media":"","overlay-type":"","overlay-color":"","overlay-opacity":"","overlay-gradient":""},"mobile":{"background-color":"","background-image":"","background-repeat":"repeat","background-position":"center center","background-size":"auto","background-attachment":"scroll","background-type":"","background-media":"","overlay-type":"","overlay-color":"","overlay-opacity":"","overlay-gradient":""}},"ast-content-background-meta":{"desktop":{"background-color":"var(--ast-global-color-5)","background-image":"","background-repeat":"repeat","background-position":"center center","background-size":"auto","background-attachment":"scroll","background-type":"","background-media":"","overlay-type":"","overlay-color":"","overlay-opacity":"","overlay-gradient":""},"tablet":{"background-color":"var(--ast-global-color-5)","background-image":"","background-repeat":"repeat","background-position":"center center","background-size":"auto","background-attachment":"scroll","background-type":"","background-media":"","overlay-type":"","overlay-color":"","overlay-opacity":"","overlay-gradient":""},"mobile":{"background-color":"var(--ast-global-color-5)","background-image":"","background-repeat":"repeat","background-position":"center center","background-size":"auto","background-attachment":"scroll","background-type":"","background-media":"","overlay-type":"","overlay-color":"","overlay-opacity":"","overlay-gradient":""}},"footnotes":""},"categories":[872],"tags":[],"class_list":["post-10289","post","type-post","status-publish","format-standard","hentry","category-missatgeria"],"post_mailing_queue_ids":[],"_links":{"self":[{"href":"https:\/\/serveiseducatius.xtec.cat\/badalona\/wp-json\/wp\/v2\/posts\/10289","targetHints":{"allow":["GET"]}}],"collection":[{"href":"https:\/\/serveiseducatius.xtec.cat\/badalona\/wp-json\/wp\/v2\/posts"}],"about":[{"href":"https:\/\/serveiseducatius.xtec.cat\/badalona\/wp-json\/wp\/v2\/types\/post"}],"author":[{"embeddable":true,"href":"https:\/\/serveiseducatius.xtec.cat\/badalona\/wp-json\/wp\/v2\/users\/1"}],"replies":[{"embeddable":true,"href":"https:\/\/serveiseducatius.xtec.cat\/badalona\/wp-json\/wp\/v2\/comments?post=10289"}],"version-history":[{"count":1,"href":"https:\/\/serveiseducatius.xtec.cat\/badalona\/wp-json\/wp\/v2\/posts\/10289\/revisions"}],"predecessor-version":[{"id":10290,"href":"https:\/\/serveiseducatius.xtec.cat\/badalona\/wp-json\/wp\/v2\/posts\/10289\/revisions\/10290"}],"wp:attachment":[{"href":"https:\/\/serveiseducatius.xtec.cat\/badalona\/wp-json\/wp\/v2\/media?parent=10289"}],"wp:term":[{"taxonomy":"category","embeddable":true,"href":"https:\/\/serveiseducatius.xtec.cat\/badalona\/wp-json\/wp\/v2\/categories?post=10289"},{"taxonomy":"post_tag","embeddable":true,"href":"https:\/\/serveiseducatius.xtec.cat\/badalona\/wp-json\/wp\/v2\/tags?post=10289"}],"curies":[{"name":"wp","href":"https:\/\/api.w.org\/{rel}","templated":true}]}}