{"id":10044,"date":"2018-11-07T12:42:57","date_gmt":"2018-11-07T11:42:57","guid":{"rendered":"http:\/\/serveiseducatius.xtec.cat\/badalona\/?p=10044"},"modified":"2018-11-07T12:42:57","modified_gmt":"2018-11-07T11:42:57","slug":"formacio-poblacio-marroquina-a-catalunya","status":"publish","type":"post","link":"https:\/\/serveiseducatius.xtec.cat\/badalona\/portada\/formacio-poblacio-marroquina-a-catalunya\/","title":{"rendered":"Formaci\u00f3: Poblaci\u00f3 marroquina a Catalunya"},"content":{"rendered":"<p><img loading=\"lazy\" decoding=\"async\" class=\"alignnone size-full wp-image-6580\" src=\"https:\/\/serveiseducatius.xtec.cat\/badalona\/wp-content\/uploads\/usu1088\/2015\/11\/pfz.gif\" alt=\"\" width=\"150\" height=\"150\" \/><\/p>\n<p>Des del Departament d&#8217;Ensenyament s&#8217;ofereix una formaci\u00f3 adre\u00e7ada al professorat de prim\u00e0ria i secund\u00e0ria amb l&#8217;objectiu de facilitat els coneixements sobre la cultura, religi\u00f3, associacionisme, oratoris i proc\u00e9s migratori de la poblaci\u00f3 d&#8217;origen marroqu\u00ed i els seus descendents.<\/p>\n<p>Aquesta formaci\u00f3 ajudar\u00e0 a entendre millor les diverses situacions que es troben di\u00e0riament en la seva feina, especialment en relaci\u00f3 amb l&#8217;alumnat fills i filles de fam\u00edlies d&#8217;origen marroqu\u00ed.<\/p>\n<p>Podeu trobar m\u00e9s informaci\u00f3 i inscriure-us en aquest <a href=\"https:\/\/aplicacions.gestioeducativa.gencat.cat\/pls\/soloas\/pk_for_mod_ins.p_for_detall_activitat?p_header=Llista%20d%27activitats^pk_for_mod_ins.p_for_cons_activitats?p_poblacio=08015%26p_any=2018-2019%26p_totes=s%26p_inici=51%26p_excloure_crp_rec=F&amp;p_codi=2043400542&amp;p_curs=2018-2019&amp;p_excloure_crp_rec=F\" target=\"_blank\" rel=\"noopener\">enlla\u00e7<\/a>, la formaci\u00f3 es far\u00e0 en 8 sessions els dilluns a partir del 19 de novembre.<\/p>\n<p>Els centres que desenvolupen el programa de Llengua \u00e0rab i cultura marroquina (LACM), tant en la modalitat d&#8217;horari lectiu com no lectiu, tindran prioritat en l&#8217;assignaci\u00f3 de l&#8217;activitat, tot i que l&#8217;activitat est\u00e0 oberta a tot el professorat que n&#8217;estigui interessat.<\/p>\n","protected":false},"excerpt":{"rendered":"<p>Des del Departament d&#8217;Ensenyament s&#8217;ofereix una formaci\u00f3 adre\u00e7ada al professorat de prim\u00e0ria i secund\u00e0ria amb l&#8217;objectiu de facilitat els coneixements [&hellip;]<\/p>\n","protected":false},"author":1,"featured_media":0,"comment_status":"closed","ping_status":"closed","sticky":false,"template":"","format":"standard","meta":{"_bbp_topic_count":0,"_bbp_reply_count":0,"_bbp_total_topic_count":0,"_bbp_total_reply_count":0,"_bbp_voice_count":0,"_bbp_anonymous_reply_count":0,"_bbp_topic_count_hidden":0,"_bbp_reply_count_hidden":0,"_bbp_forum_subforum_count":0,"site-sidebar-layout":"default","site-content-layout":"","ast-site-content-layout":"","site-content-style":"default","site-sidebar-style":"default","ast-global-header-display":"","ast-banner-title-visibility":"","ast-main-header-display":"","ast-hfb-above-header-display":"","ast-hfb-below-header-display":"","ast-hfb-mobile-header-display":"","site-post-title":"","ast-breadcrumbs-content":"","ast-featured-img":"","footer-sml-layout":"","theme-transparent-header-meta":"","adv-header-id-meta":"","stick-header-meta":"","header-above-stick-meta":"","header-main-stick-meta":"","header-below-stick-meta":"","astra-migrate-meta-layouts":"default","ast-page-background-enabled":"default","ast-page-background-meta":{"desktop":{"background-color":"var(--ast-global-color-4)","background-image":"","background-repeat":"repeat","background-position":"center center","background-size":"auto","background-attachment":"scroll","background-type":"","background-media":"","overlay-type":"","overlay-color":"","overlay-opacity":"","overlay-gradient":""},"tablet":{"background-color":"","background-image":"","background-repeat":"repeat","background-position":"center center","background-size":"auto","background-attachment":"scroll","background-type":"","background-media":"","overlay-type":"","overlay-color":"","overlay-opacity":"","overlay-gradient":""},"mobile":{"background-color":"","background-image":"","background-repeat":"repeat","background-position":"center center","background-size":"auto","background-attachment":"scroll","background-type":"","background-media":"","overlay-type":"","overlay-color":"","overlay-opacity":"","overlay-gradient":""}},"ast-content-background-meta":{"desktop":{"background-color":"var(--ast-global-color-5)","background-image":"","background-repeat":"repeat","background-position":"center center","background-size":"auto","background-attachment":"scroll","background-type":"","background-media":"","overlay-type":"","overlay-color":"","overlay-opacity":"","overlay-gradient":""},"tablet":{"background-color":"var(--ast-global-color-5)","background-image":"","background-repeat":"repeat","background-position":"center center","background-size":"auto","background-attachment":"scroll","background-type":"","background-media":"","overlay-type":"","overlay-color":"","overlay-opacity":"","overlay-gradient":""},"mobile":{"background-color":"var(--ast-global-color-5)","background-image":"","background-repeat":"repeat","background-position":"center center","background-size":"auto","background-attachment":"scroll","background-type":"","background-media":"","overlay-type":"","overlay-color":"","overlay-opacity":"","overlay-gradient":""}},"footnotes":""},"categories":[165,29],"tags":[948,258],"class_list":["post-10044","post","type-post","status-publish","format-standard","hentry","category-formacio","category-portada","tag-formacio-permanent","tag-pfz"],"post_mailing_queue_ids":[],"_links":{"self":[{"href":"https:\/\/serveiseducatius.xtec.cat\/badalona\/wp-json\/wp\/v2\/posts\/10044","targetHints":{"allow":["GET"]}}],"collection":[{"href":"https:\/\/serveiseducatius.xtec.cat\/badalona\/wp-json\/wp\/v2\/posts"}],"about":[{"href":"https:\/\/serveiseducatius.xtec.cat\/badalona\/wp-json\/wp\/v2\/types\/post"}],"author":[{"embeddable":true,"href":"https:\/\/serveiseducatius.xtec.cat\/badalona\/wp-json\/wp\/v2\/users\/1"}],"replies":[{"embeddable":true,"href":"https:\/\/serveiseducatius.xtec.cat\/badalona\/wp-json\/wp\/v2\/comments?post=10044"}],"version-history":[{"count":1,"href":"https:\/\/serveiseducatius.xtec.cat\/badalona\/wp-json\/wp\/v2\/posts\/10044\/revisions"}],"predecessor-version":[{"id":10045,"href":"https:\/\/serveiseducatius.xtec.cat\/badalona\/wp-json\/wp\/v2\/posts\/10044\/revisions\/10045"}],"wp:attachment":[{"href":"https:\/\/serveiseducatius.xtec.cat\/badalona\/wp-json\/wp\/v2\/media?parent=10044"}],"wp:term":[{"taxonomy":"category","embeddable":true,"href":"https:\/\/serveiseducatius.xtec.cat\/badalona\/wp-json\/wp\/v2\/categories?post=10044"},{"taxonomy":"post_tag","embeddable":true,"href":"https:\/\/serveiseducatius.xtec.cat\/badalona\/wp-json\/wp\/v2\/tags?post=10044"}],"curies":[{"name":"wp","href":"https:\/\/api.w.org\/{rel}","templated":true}]}}