{"id":1862,"count":6,"description":"<p><img class=\"wp-image-26963 alignleft\" src=\"https:\/\/serveiseducatius.xtec.cat\/badalona\/wp-content\/uploads\/usu1088\/2026\/01\/Captura-de-pantalla-2026-01-21-095221.png\" alt=\"\" width=\"277\" height=\"397\" \/>Per tal de donar continu\u00eftat a la tasca que fa l'equip de docents d'Educaci\u00f3 F\u00edsica de prim\u00e0ria a l'etapa de secund\u00e0ria des del curs 2021\/22 s'ha organitzat un grup de treball de professors d'Educaci\u00f3 F\u00edsica de secund\u00e0ria que est\u00e0 elaborant activitats adre\u00e7ades a tots els nivells educatius de secund\u00e0ria.<\/p>\r\n<p>Els objectius d'aquest grup s\u00f3n.<\/p>\r\n<ul>\r\n\t<li>Dinamitzar l'EF als instituts de la ciutat<\/li>\r\n\t<li>Organitzar activitats intercentres per tal de millorar la relaci\u00f3 entre els escolars<\/li>\r\n\t<li>Posar en com\u00fa programacions, avaluaci\u00f3, etc. de l'EF.<\/li>\r\n<\/ul>\r\n<p>A hores d'ara les activitats de dinamitzaci\u00f3 que han organitzat s\u00f3n:<\/p>\r\n<ul>\r\n\t<li aria-level=\"1\">1r d\u2019ESO: Jocs alternatius. 19-21 de gener.<\/li>\r\n\t<li aria-level=\"1\">2n d\u2019ESO: Cursa d\u2019orientaci\u00f3. 20 de febrer.<\/li>\r\n\t<li aria-level=\"1\">3r d\u2019ESO: Jocs de platja. 23-25 de mar\u00e7.<\/li>\r\n\t<li aria-level=\"1\">4t d\u2019ESO: Tothom implicat. 4-6 de maig.<\/li>\r\n<\/ul>\r\n<p>Aquest grup de mestres est\u00e0 organitzat dintre del Seminari Educaci\u00f3 F\u00edsica de Secund\u00e0ria del PFZ del CRP de Badalona al qual es poden inscriure els docents de la ciutat durant el termini d'inscripci\u00f3 de setembre.<\/p>","link":"https:\/\/serveiseducatius.xtec.cat\/badalona\/categoria\/dinamitzacio\/activitats-dels-ambits-artistic-i-esportiu\/badasportsecundaria\/","name":"Badasport a secund\u00e0ria","slug":"badasportsecundaria","taxonomy":"category","parent":2230,"meta":[],"_links":{"self":[{"href":"https:\/\/serveiseducatius.xtec.cat\/badalona\/wp-json\/wp\/v2\/categories\/1862","targetHints":{"allow":["GET"]}}],"collection":[{"href":"https:\/\/serveiseducatius.xtec.cat\/badalona\/wp-json\/wp\/v2\/categories"}],"about":[{"href":"https:\/\/serveiseducatius.xtec.cat\/badalona\/wp-json\/wp\/v2\/taxonomies\/category"}],"up":[{"embeddable":true,"href":"https:\/\/serveiseducatius.xtec.cat\/badalona\/wp-json\/wp\/v2\/categories\/2230"}],"wp:post_type":[{"href":"https:\/\/serveiseducatius.xtec.cat\/badalona\/wp-json\/wp\/v2\/posts?categories=1862"}],"curies":[{"name":"wp","href":"https:\/\/api.w.org\/{rel}","templated":true}]}}