{"id":8561,"date":"2017-09-01T09:38:45","date_gmt":"2017-09-01T07:38:45","guid":{"rendered":"http:\/\/serveiseducatius.xtec.cat\/aribagorca-aran\/?p=8561"},"modified":"2017-09-01T10:38:24","modified_gmt":"2017-09-01T08:38:24","slug":"conferencia-emprenedoria-i-innovacio-habilitats-per-a-la-supervivencia-dels-graduats-en-fp-al-segle-xxi","status":"publish","type":"post","link":"https:\/\/serveiseducatius.xtec.cat\/aribagorca-aran\/portada\/conferencia-emprenedoria-i-innovacio-habilitats-per-a-la-supervivencia-dels-graduats-en-fp-al-segle-xxi\/","title":{"rendered":"Confer\u00e9ncia: &#8220;Emprenedoria i innovaci\u00f3, habilitats per a la superviv\u00e8ncia dels graduats en FP al segle XXI&#8221;"},"content":{"rendered":"<h4 style=\"text-align: left;\"><strong>Jornada d\u2019Emprenedoria e Innovacion,\u00a0<\/strong><strong>confer\u00e9ncia a cargue deth\u00a0<u>Dr. Eli Eisenbert<\/u>.<\/strong><\/h4>\n<p>&nbsp;<\/p>\n<p style=\"text-align: center;\"><strong>Aur\u00e0 l\u00f2c eth dia\u00a0<\/strong><span style=\"color: #008000;\"><strong>6 de seteme<\/strong><\/span><strong>\u00a0<\/strong><strong>t\u00e0s\u00a0<\/strong><span style=\"color: #008000;\"><strong>12:00 ores<\/strong><\/span><strong>.<\/strong><\/p>\n<p style=\"text-align: center;\"><strong>En &#8220;<\/strong><strong>Espai La Lira<\/strong><strong>&#8220;, ena Rambla Dr. Pearson, 22 de Tremp.<\/strong><\/p>\n<p style=\"text-align: center;\"><strong>P\u00f2s h\u00e8r era inscripcion\u00a0<a href=\"https:\/\/docs.google.com\/forms\/d\/e\/1FAIpQLSeBJhtmLUfdO0Tc1XV_Y2EepKgrl8-pus0U8PhKGjWOEwTOtQ\/viewform\">aciu<\/a>.<\/strong><\/p>\n<p>&nbsp;<\/p>\n","protected":false},"excerpt":{"rendered":"<p>Jornada d\u2019Emprenedoria e Innovacion, confer\u00e9ncia a cargue deth Dr. Eli Eisenbert.<\/p>\n<p>Aur\u00e0 l\u00f2c eth dia 6 de seteme t\u00e0s 12:00 ores.<br \/>\nEn &#8220;Espai La Lira&#8221;, ena Rambla Dr. Pearson, 22 de Tremp.<\/p>\n<p>P\u00f2s h\u00e8r era inscripcion aciu.&hellip;  <a href=\"https:\/\/serveiseducatius.xtec.cat\/aribagorca-aran\/portada\/conferencia-emprenedoria-i-innovacio-habilitats-per-a-la-supervivencia-dels-graduats-en-fp-al-segle-xxi\/\" title=\"Read Confer\u00e9ncia: &#8220;Emprenedoria i innovaci\u00f3, habilitats per a la superviv\u00e8ncia dels graduats en FP al segle XXI&#8221;\">Llegeix m\u00e9s\u00bb<\/a><\/p>\n","protected":false},"author":1,"featured_media":8563,"comment_status":"open","ping_status":"closed","sticky":false,"template":"","format":"standard","meta":{"_bbp_topic_count":0,"_bbp_reply_count":0,"_bbp_total_topic_count":0,"_bbp_total_reply_count":0,"_bbp_voice_count":0,"_bbp_anonymous_reply_count":0,"_bbp_topic_count_hidden":0,"_bbp_reply_count_hidden":0,"_bbp_forum_subforum_count":0,"footnotes":""},"categories":[300,29],"tags":[],"class_list":["post-8561","post","type-post","status-publish","format-standard","has-post-thumbnail","hentry","category-innovacio","category-portada"],"post_mailing_queue_ids":[],"_links":{"self":[{"href":"https:\/\/serveiseducatius.xtec.cat\/aribagorca-aran\/wp-json\/wp\/v2\/posts\/8561","targetHints":{"allow":["GET"]}}],"collection":[{"href":"https:\/\/serveiseducatius.xtec.cat\/aribagorca-aran\/wp-json\/wp\/v2\/posts"}],"about":[{"href":"https:\/\/serveiseducatius.xtec.cat\/aribagorca-aran\/wp-json\/wp\/v2\/types\/post"}],"author":[{"embeddable":true,"href":"https:\/\/serveiseducatius.xtec.cat\/aribagorca-aran\/wp-json\/wp\/v2\/users\/1"}],"replies":[{"embeddable":true,"href":"https:\/\/serveiseducatius.xtec.cat\/aribagorca-aran\/wp-json\/wp\/v2\/comments?post=8561"}],"version-history":[{"count":4,"href":"https:\/\/serveiseducatius.xtec.cat\/aribagorca-aran\/wp-json\/wp\/v2\/posts\/8561\/revisions"}],"predecessor-version":[{"id":8578,"href":"https:\/\/serveiseducatius.xtec.cat\/aribagorca-aran\/wp-json\/wp\/v2\/posts\/8561\/revisions\/8578"}],"wp:featuredmedia":[{"embeddable":true,"href":"https:\/\/serveiseducatius.xtec.cat\/aribagorca-aran\/wp-json\/wp\/v2\/media\/8563"}],"wp:attachment":[{"href":"https:\/\/serveiseducatius.xtec.cat\/aribagorca-aran\/wp-json\/wp\/v2\/media?parent=8561"}],"wp:term":[{"taxonomy":"category","embeddable":true,"href":"https:\/\/serveiseducatius.xtec.cat\/aribagorca-aran\/wp-json\/wp\/v2\/categories?post=8561"},{"taxonomy":"post_tag","embeddable":true,"href":"https:\/\/serveiseducatius.xtec.cat\/aribagorca-aran\/wp-json\/wp\/v2\/tags?post=8561"}],"curies":[{"name":"wp","href":"https:\/\/api.w.org\/{rel}","templated":true}]}}